{"id":16083,"date":"2018-03-09T09:03:32","date_gmt":"2018-03-09T09:03:32","guid":{"rendered":"https:\/\/www.deberes.net\/tesis\/sin-categoria\/el-regimen-juridico-comunitario-en-el-sector-audiovisual-y-en-el-de-las-telecomunicaciones-el-diseno-de-su-futura-convergencia\/"},"modified":"2018-03-09T09:03:32","modified_gmt":"2018-03-09T09:03:32","slug":"el-regimen-juridico-comunitario-en-el-sector-audiovisual-y-en-el-de-las-telecomunicaciones-el-diseno-de-su-futura-convergencia","status":"publish","type":"post","link":"https:\/\/www.deberes.net\/tesis\/ciencias-juridicas-y-derecho\/el-regimen-juridico-comunitario-en-el-sector-audiovisual-y-en-el-de-las-telecomunicaciones-el-diseno-de-su-futura-convergencia\/","title":{"rendered":"El regimen juridico comunitario en el sector audiovisual y en el de las telecomunicaciones: el dise\u00f1o de su futura convergencia"},"content":{"rendered":"<h2>Tesis doctoral de <strong> Bego\u00f1a P\u00e9rez Chulia <\/strong><\/h2>\n<p>El trabajo de tesis est\u00e1 dividido en tres partes, en las dos primeras se analizan de forma minuciosa la legislaci\u00f3n y la jurisprudencia que sobre el sector del audiovisual y de las telecomunicaciones se ha ido generando en la u.E. En la tercera parte la autora se plantea la realidad d ela convergencia tecnol\u00f3gica desde el punto de vista de la aparici\u00f3n de nuevos servicios, nuevas maneras de difundirlos, nuevas formas de acceso de los usuarios a los mismos, nuevas cadenas de valor y en consecuencia nuevos agentes operadores, y como la u.E. Se est\u00e1 planteando la estructuraci\u00f3n de este nuevo entorno socioecon\u00f3mico. En la tesis se identifican los objetivos y se apunta la manera de alcanzarlo.<\/p>\n<p>&nbsp;<\/p>\n<h3>Datos acad\u00e9micos de la tesis doctoral \u00ab<strong>El regimen juridico comunitario en el sector audiovisual y en el de las telecomunicaciones: el dise\u00f1o de su futura convergencia<\/strong>\u00ab<\/h3>\n<ul>\n<li><strong>T\u00edtulo de la tesis:<\/strong>\u00a0 El regimen juridico comunitario en el sector audiovisual y en el de las telecomunicaciones: el dise\u00f1o de su futura convergencia <\/li>\n<li><strong>Autor:<\/strong>\u00a0 Bego\u00f1a P\u00e9rez Chulia <\/li>\n<li><strong>Universidad:<\/strong>\u00a0 Universitat de val\u00e9ncia (estudi general)<\/li>\n<li><strong>Fecha de lectura de la tesis:<\/strong>\u00a0 15\/03\/2002<\/li>\n<\/ul>\n<p>&nbsp;<\/p>\n<h3>Direcci\u00f3n y tribunal<\/h3>\n<ul>\n<li><strong>Director de la tesis<\/strong>\n<ul>\n<li>Jose Juste Ruiz<\/li>\n<\/ul>\n<\/li>\n<li><strong>Tribunal<\/strong>\n<ul>\n<li>Presidente del tribunal:  De la cuadra salcedo tom\u00e1s <\/li>\n<li>Antonio Castillo holgado (vocal)<\/li>\n<li>Jorge Cardona llorens (vocal)<\/li>\n<li>Carlos aurelio Esplugues mota (vocal)<\/li>\n<\/ul>\n<\/li>\n<\/ul>\n<p>&nbsp;<\/p>\n","protected":false},"excerpt":{"rendered":"<p>Tesis doctoral de Bego\u00f1a P\u00e9rez Chulia El trabajo de tesis est\u00e1 dividido en tres partes, en las dos primeras se [&hellip;]<\/p>\n","protected":false},"author":1,"featured_media":0,"comment_status":"open","ping_status":"open","sticky":false,"template":"","format":"standard","meta":{"site-sidebar-layout":"default","site-content-layout":"","ast-site-content-layout":"","site-content-style":"default","site-sidebar-style":"default","ast-global-header-display":"","ast-banner-title-visibility":"","ast-main-header-display":"","ast-hfb-above-header-display":"","ast-hfb-below-header-display":"","ast-hfb-mobile-header-display":"","site-post-title":"","ast-breadcrumbs-content":"","ast-featured-img":"","footer-sml-layout":"","theme-transparent-header-meta":"","adv-header-id-meta":"","stick-header-meta":"","header-above-stick-meta":"","header-main-stick-meta":"","header-below-stick-meta":"","astra-migrate-meta-layouts":"default","ast-page-background-enabled":"default","ast-page-background-meta":{"desktop":{"background-color":"var(--ast-global-color-4)","background-image":"","background-repeat":"repeat","background-position":"center center","background-size":"auto","background-attachment":"scroll","background-type":"","background-media":"","overlay-type":"","overlay-color":"","overlay-gradient":""},"tablet":{"background-color":"","background-image":"","background-repeat":"repeat","background-position":"center center","background-size":"auto","background-attachment":"scroll","background-type":"","background-media":"","overlay-type":"","overlay-color":"","overlay-gradient":""},"mobile":{"background-color":"","background-image":"","background-repeat":"repeat","background-position":"center center","background-size":"auto","background-attachment":"scroll","background-type":"","background-media":"","overlay-type":"","overlay-color":"","overlay-gradient":""}},"ast-content-background-meta":{"desktop":{"background-color":"var(--ast-global-color-5)","background-image":"","background-repeat":"repeat","background-position":"center center","background-size":"auto","background-attachment":"scroll","background-type":"","background-media":"","overlay-type":"","overlay-color":"","overlay-gradient":""},"tablet":{"background-color":"var(--ast-global-color-5)","background-image":"","background-repeat":"repeat","background-position":"center center","background-size":"auto","background-attachment":"scroll","background-type":"","background-media":"","overlay-type":"","overlay-color":"","overlay-gradient":""},"mobile":{"background-color":"var(--ast-global-color-5)","background-image":"","background-repeat":"repeat","background-position":"center center","background-size":"auto","background-attachment":"scroll","background-type":"","background-media":"","overlay-type":"","overlay-color":"","overlay-gradient":""}},"footnotes":""},"categories":[612,1211,6334,5964,979],"tags":[50985,50983,21445,50984,11448,19168],"class_list":["post-16083","post","type-post","status-publish","format-standard","hentry","category-ciencias-juridicas-y-derecho","category-derecho-internacional","category-derecho-internacional-publico","category-derecho-publico","category-derecho-y-legislacion-nacionales","tag-antonio-castillo-holgado","tag-begona-perez-chulia","tag-carlos-aurelio-esplugues-mota","tag-de-la-cuadra-salcedo-tomas","tag-jorge-cardona-llorens","tag-jose-juste-ruiz"],"_links":{"self":[{"href":"https:\/\/www.deberes.net\/tesis\/wp-json\/wp\/v2\/posts\/16083","targetHints":{"allow":["GET"]}}],"collection":[{"href":"https:\/\/www.deberes.net\/tesis\/wp-json\/wp\/v2\/posts"}],"about":[{"href":"https:\/\/www.deberes.net\/tesis\/wp-json\/wp\/v2\/types\/post"}],"author":[{"embeddable":true,"href":"https:\/\/www.deberes.net\/tesis\/wp-json\/wp\/v2\/users\/1"}],"replies":[{"embeddable":true,"href":"https:\/\/www.deberes.net\/tesis\/wp-json\/wp\/v2\/comments?post=16083"}],"version-history":[{"count":0,"href":"https:\/\/www.deberes.net\/tesis\/wp-json\/wp\/v2\/posts\/16083\/revisions"}],"wp:attachment":[{"href":"https:\/\/www.deberes.net\/tesis\/wp-json\/wp\/v2\/media?parent=16083"}],"wp:term":[{"taxonomy":"category","embeddable":true,"href":"https:\/\/www.deberes.net\/tesis\/wp-json\/wp\/v2\/categories?post=16083"},{"taxonomy":"post_tag","embeddable":true,"href":"https:\/\/www.deberes.net\/tesis\/wp-json\/wp\/v2\/tags?post=16083"}],"curies":[{"name":"wp","href":"https:\/\/api.w.org\/{rel}","templated":true}]}}