{"id":16095,"date":"2018-03-09T09:03:33","date_gmt":"2018-03-09T09:03:33","guid":{"rendered":"https:\/\/www.deberes.net\/tesis\/sin-categoria\/la-ciudad-de-a-coruna-en-la-edad-media\/"},"modified":"2018-03-09T09:03:33","modified_gmt":"2018-03-09T09:03:33","slug":"la-ciudad-de-a-coruna-en-la-edad-media","status":"publish","type":"post","link":"https:\/\/www.deberes.net\/tesis\/historia\/la-ciudad-de-a-coruna-en-la-edad-media\/","title":{"rendered":"La ciudad de a coru\u00f1a en la edad media"},"content":{"rendered":"<h2>Tesis doctoral de <strong>  S\u00e1nchez Chouza Jos\u00e9 Manuel <\/strong><\/h2>\n<p>En la presente tesis doctoral tratamos de analizar la evoluci\u00f3n econ\u00f3mica y social de la ciudad de a coru\u00f1a a lo largo de la edad media. Al tratarse de una de las tres ciudades de realengo de la galicia medieval se busca producir un salto cualitativo dentro de los estudios del mundo urbano medieval del reino de galicia, hasta ahora centrados en los n\u00facleos de se\u00f1or\u00edo eclesi\u00e1sticos. se analizan en ella la poblaci\u00f3n urbana, presentando por primera vez en la historiograf\u00eda coru\u00f1esa un censo de poblaci\u00f3n que, aunque incompleto, permite establecer una cifra aproximada del n\u00famero de vecinos en 1496, de los que se estudia su distribuci\u00f3n por intervalos de renta, apreciando la preponderancia de los grupos de renta media. Las actividades econ\u00f3micas son consideradas por sectores, con especial dedicaci\u00f3n a la estructura organizativa de la casa de la moneda, entidad que hasta el presente carec\u00eda de tal an\u00e1lisis. El concejo es examinado desde tres vertientes: organizativa, efectuando un estudio de su evoluci\u00f3n y desmenuzando sus cargos: hacend\u00edstica, visualizando sus partidas de ingresos y gastos; y jurisdiccional, definiendo distintos grados de se\u00f1or\u00edo en el territorio. La tesis doctoral se completa con un segundo volumen en el que se presenta la transcripci\u00f3n de toda la documentaci\u00f3n medieval del archivo hist\u00f3rico municipal de a coru\u00f1a.<\/p>\n<p>&nbsp;<\/p>\n<h3>Datos acad\u00e9micos de la tesis doctoral \u00ab<strong>La ciudad de a coru\u00f1a en la edad media<\/strong>\u00ab<\/h3>\n<ul>\n<li><strong>T\u00edtulo de la tesis:<\/strong>\u00a0 La ciudad de a coru\u00f1a en la edad media <\/li>\n<li><strong>Autor:<\/strong>\u00a0  S\u00e1nchez Chouza Jos\u00e9 Manuel <\/li>\n<li><strong>Universidad:<\/strong>\u00a0 Nacional de educaci\u00f3n a distancia<\/li>\n<li><strong>Fecha de lectura de la tesis:<\/strong>\u00a0 15\/03\/2002<\/li>\n<\/ul>\n<p>&nbsp;<\/p>\n<h3>Direcci\u00f3n y tribunal<\/h3>\n<ul>\n<li><strong>Director de la tesis<\/strong>\n<ul>\n<li>Fernando L\u00f3pez Alsina<\/li>\n<\/ul>\n<\/li>\n<li><strong>Tribunal<\/strong>\n<ul>\n<li>Presidente del tribunal: Jos\u00e9 Luis Mart\u00edn rodr\u00edguez <\/li>\n<li>c\u00e9sar \u00e1lvarez \u00e1lvarez (vocal)<\/li>\n<li>Jos\u00e9 \u00e1ngel Garc\u00eda de cort\u00e1zar ruiz de aguirre (vocal)<\/li>\n<li> R\u00edos rodr\u00edguez Mar\u00eda luz (vocal)<\/li>\n<\/ul>\n<\/li>\n<\/ul>\n<p>&nbsp;<\/p>\n","protected":false},"excerpt":{"rendered":"<p>Tesis doctoral de S\u00e1nchez Chouza Jos\u00e9 Manuel En la presente tesis doctoral tratamos de analizar la evoluci\u00f3n econ\u00f3mica y social [&hellip;]<\/p>\n","protected":false},"author":1,"featured_media":0,"comment_status":"open","ping_status":"open","sticky":false,"template":"","format":"standard","meta":{"site-sidebar-layout":"default","site-content-layout":"","ast-site-content-layout":"","site-content-style":"default","site-sidebar-style":"default","ast-global-header-display":"","ast-banner-title-visibility":"","ast-main-header-display":"","ast-hfb-above-header-display":"","ast-hfb-below-header-display":"","ast-hfb-mobile-header-display":"","site-post-title":"","ast-breadcrumbs-content":"","ast-featured-img":"","footer-sml-layout":"","theme-transparent-header-meta":"","adv-header-id-meta":"","stick-header-meta":"","header-above-stick-meta":"","header-main-stick-meta":"","header-below-stick-meta":"","astra-migrate-meta-layouts":"default","ast-page-background-enabled":"default","ast-page-background-meta":{"desktop":{"background-color":"var(--ast-global-color-4)","background-image":"","background-repeat":"repeat","background-position":"center center","background-size":"auto","background-attachment":"scroll","background-type":"","background-media":"","overlay-type":"","overlay-color":"","overlay-gradient":""},"tablet":{"background-color":"","background-image":"","background-repeat":"repeat","background-position":"center center","background-size":"auto","background-attachment":"scroll","background-type":"","background-media":"","overlay-type":"","overlay-color":"","overlay-gradient":""},"mobile":{"background-color":"","background-image":"","background-repeat":"repeat","background-position":"center center","background-size":"auto","background-attachment":"scroll","background-type":"","background-media":"","overlay-type":"","overlay-color":"","overlay-gradient":""}},"ast-content-background-meta":{"desktop":{"background-color":"var(--ast-global-color-5)","background-image":"","background-repeat":"repeat","background-position":"center center","background-size":"auto","background-attachment":"scroll","background-type":"","background-media":"","overlay-type":"","overlay-color":"","overlay-gradient":""},"tablet":{"background-color":"var(--ast-global-color-5)","background-image":"","background-repeat":"repeat","background-position":"center center","background-size":"auto","background-attachment":"scroll","background-type":"","background-media":"","overlay-type":"","overlay-color":"","overlay-gradient":""},"mobile":{"background-color":"var(--ast-global-color-5)","background-image":"","background-repeat":"repeat","background-position":"center center","background-size":"auto","background-attachment":"scroll","background-type":"","background-media":"","overlay-type":"","overlay-color":"","overlay-gradient":""}},"footnotes":""},"categories":[104,639,2224,119,220,17070],"tags":[13025,3089,642,422,51023,51022],"class_list":["post-16095","post","type-post","status-publish","format-standard","hentry","category-historia","category-historia-de-paises","category-historia-local","category-historia-medieval","category-historia-por-epocas","category-nacional-de-educacion-a-distancia","tag-cesar-alvarez-alvarez","tag-fernando-lopez-alsina","tag-jose-angel-garcia-de-cortazar-ruiz-de-aguirre","tag-jose-luis-martin-rodriguez","tag-rios-rodriguez-maria-luz","tag-sanchez-chouza-jose-manuel"],"_links":{"self":[{"href":"https:\/\/www.deberes.net\/tesis\/wp-json\/wp\/v2\/posts\/16095","targetHints":{"allow":["GET"]}}],"collection":[{"href":"https:\/\/www.deberes.net\/tesis\/wp-json\/wp\/v2\/posts"}],"about":[{"href":"https:\/\/www.deberes.net\/tesis\/wp-json\/wp\/v2\/types\/post"}],"author":[{"embeddable":true,"href":"https:\/\/www.deberes.net\/tesis\/wp-json\/wp\/v2\/users\/1"}],"replies":[{"embeddable":true,"href":"https:\/\/www.deberes.net\/tesis\/wp-json\/wp\/v2\/comments?post=16095"}],"version-history":[{"count":0,"href":"https:\/\/www.deberes.net\/tesis\/wp-json\/wp\/v2\/posts\/16095\/revisions"}],"wp:attachment":[{"href":"https:\/\/www.deberes.net\/tesis\/wp-json\/wp\/v2\/media?parent=16095"}],"wp:term":[{"taxonomy":"category","embeddable":true,"href":"https:\/\/www.deberes.net\/tesis\/wp-json\/wp\/v2\/categories?post=16095"},{"taxonomy":"post_tag","embeddable":true,"href":"https:\/\/www.deberes.net\/tesis\/wp-json\/wp\/v2\/tags?post=16095"}],"curies":[{"name":"wp","href":"https:\/\/api.w.org\/{rel}","templated":true}]}}