{"id":16100,"date":"2018-03-09T09:03:34","date_gmt":"2018-03-09T09:03:34","guid":{"rendered":"https:\/\/www.deberes.net\/tesis\/sin-categoria\/las-huellas-de-lo-oscuro-estetica-y-filosofia-en-ernst-bloch\/"},"modified":"2018-03-09T09:03:34","modified_gmt":"2018-03-09T09:03:34","slug":"las-huellas-de-lo-oscuro-estetica-y-filosofia-en-ernst-bloch","status":"publish","type":"post","link":"https:\/\/www.deberes.net\/tesis\/filosofia\/las-huellas-de-lo-oscuro-estetica-y-filosofia-en-ernst-bloch\/","title":{"rendered":"Las huellas de lo oscuro. estetica y filosofia en ernst bloch"},"content":{"rendered":"<h2>Tesis doctoral de <strong> Javier Mart\u00ednez Contreras <\/strong><\/h2>\n<p>Parece que uno de los problemas centrales heredados del idealismo, filosofia que puede decirse que es la matriz que plantea la reflexi\u00f3n estetica en sus actuales dimensiones, problemas y cometidos, es el encontrar modelos relacionales que sirvan para unir lo que se percibe roto y escindido: lo particular y lo universal, sujeto y objeto, individuo y colectividad, libertad y necesidad. En este marco general se presenta la filosofia de ernst bloch como un modelo relacional que puede caracterizarse como una dialectica negativa utopica, capaz de mantener la tensi\u00f3n inherente a la realidad para empujarla m\u00e1s alla de sus actuales formas y logros merced a la fantasia, capaz de consumar la realizaci\u00f3n tanto del ser humano como del mundo, inmersos ambos en un mismo y unico proceso de mutua constitucion. La tesis se desarrolla en dos partes. La primera es una intento de comprensi\u00f3n del universo filosofico de ernst bloch que emplea como leitmotiv la categoria denominada \u00aboscuridad del instante vivido\u00bb, mostrando una coherencia argumental del sistema abierto blochiano a menudo inadvertida en su contexto de recepcion habitual. La segunda parte, apoyandose en la inspiraci\u00f3n estetica de todo el conunto, busca mostrar y articular el pensamiento sobre el arte y la belleza de nuestro autor, considerandolo como el ambito m\u00e1s relevante de desarrollo de las claves propuestas en la primera parte, haciendo hincapie en la filosofia de la musica, arte a menudo poco considerando en la reflexi\u00f3n estetica, m\u00e1s centrada en la literatura y en las artes plasticas. El resultado es ofrecer el pensamiento de e.Bloch como una dialectica entre forma y contenido en la que el pensamiento esta llamado a la transgresi\u00f3n de lo dado buscando nuevas y mejoras formas de adecuaci\u00f3n entre lo que ha llegado a ser y lo que no siendo todavia reclama su espacio y su realizaci\u00f3n objetiva.<\/p>\n<p>&nbsp;<\/p>\n<h3>Datos acad\u00e9micos de la tesis doctoral \u00ab<strong>Las huellas de lo oscuro. estetica y filosofia en ernst bloch<\/strong>\u00ab<\/h3>\n<ul>\n<li><strong>T\u00edtulo de la tesis:<\/strong>\u00a0 Las huellas de lo oscuro. estetica y filosofia en ernst bloch <\/li>\n<li><strong>Autor:<\/strong>\u00a0 Javier Mart\u00ednez Contreras <\/li>\n<li><strong>Universidad:<\/strong>\u00a0 Deusto<\/li>\n<li><strong>Fecha de lectura de la tesis:<\/strong>\u00a0 15\/03\/2002<\/li>\n<\/ul>\n<p>&nbsp;<\/p>\n<h3>Direcci\u00f3n y tribunal<\/h3>\n<ul>\n<li><strong>Director de la tesis<\/strong>\n<ul>\n<li> Laceros Mendes Jos\u00e9 Francisco<\/li>\n<\/ul>\n<\/li>\n<li><strong>Tribunal<\/strong>\n<ul>\n<li>Presidente del tribunal: Jos\u00e9 Mar\u00eda Garc\u00eda g\u00f3mez-heras <\/li>\n<li>Jorge Iba\u00f1ez fanes (vocal)<\/li>\n<li>chantal Maillard (vocal)<\/li>\n<li>Andr\u00e9s Ortiz-oses (vocal)<\/li>\n<\/ul>\n<\/li>\n<\/ul>\n<p>&nbsp;<\/p>\n","protected":false},"excerpt":{"rendered":"<p>Tesis doctoral de Javier Mart\u00ednez Contreras Parece que uno de los problemas centrales heredados del idealismo, filosofia que puede decirse [&hellip;]<\/p>\n","protected":false},"author":1,"featured_media":0,"comment_status":"open","ping_status":"open","sticky":false,"template":"","format":"standard","meta":{"site-sidebar-layout":"default","site-content-layout":"","ast-site-content-layout":"","site-content-style":"default","site-sidebar-style":"default","ast-global-header-display":"","ast-banner-title-visibility":"","ast-main-header-display":"","ast-hfb-above-header-display":"","ast-hfb-below-header-display":"","ast-hfb-mobile-header-display":"","site-post-title":"","ast-breadcrumbs-content":"","ast-featured-img":"","footer-sml-layout":"","theme-transparent-header-meta":"","adv-header-id-meta":"","stick-header-meta":"","header-above-stick-meta":"","header-main-stick-meta":"","header-below-stick-meta":"","astra-migrate-meta-layouts":"default","ast-page-background-enabled":"default","ast-page-background-meta":{"desktop":{"background-color":"var(--ast-global-color-4)","background-image":"","background-repeat":"repeat","background-position":"center center","background-size":"auto","background-attachment":"scroll","background-type":"","background-media":"","overlay-type":"","overlay-color":"","overlay-gradient":""},"tablet":{"background-color":"","background-image":"","background-repeat":"repeat","background-position":"center center","background-size":"auto","background-attachment":"scroll","background-type":"","background-media":"","overlay-type":"","overlay-color":"","overlay-gradient":""},"mobile":{"background-color":"","background-image":"","background-repeat":"repeat","background-position":"center center","background-size":"auto","background-attachment":"scroll","background-type":"","background-media":"","overlay-type":"","overlay-color":"","overlay-gradient":""}},"ast-content-background-meta":{"desktop":{"background-color":"var(--ast-global-color-5)","background-image":"","background-repeat":"repeat","background-position":"center center","background-size":"auto","background-attachment":"scroll","background-type":"","background-media":"","overlay-type":"","overlay-color":"","overlay-gradient":""},"tablet":{"background-color":"var(--ast-global-color-5)","background-image":"","background-repeat":"repeat","background-position":"center center","background-size":"auto","background-attachment":"scroll","background-type":"","background-media":"","overlay-type":"","overlay-color":"","overlay-gradient":""},"mobile":{"background-color":"var(--ast-global-color-5)","background-image":"","background-repeat":"repeat","background-position":"center center","background-size":"auto","background-attachment":"scroll","background-type":"","background-media":"","overlay-type":"","overlay-color":"","overlay-gradient":""}},"footnotes":""},"categories":[960,31910,10452,165,1059,18046,6008,1078],"tags":[10219,19165,51031,51033,18379,51032],"class_list":["post-16100","post","type-post","status-publish","format-standard","hentry","category-antropologia-filosofica","category-deusto","category-estetica","category-filosofia","category-filosofia-de-la-accion","category-filosofia-de-la-voluntad","category-filosofia-politica","category-filosofia-social","tag-andres-ortiz-oses","tag-chantal-maillard","tag-javier-Martinez-contreras","tag-jorge-ibanez-fanes","tag-jose-maria-garcia-gomez-heras","tag-laceros-mendes-jose-francisco"],"_links":{"self":[{"href":"https:\/\/www.deberes.net\/tesis\/wp-json\/wp\/v2\/posts\/16100","targetHints":{"allow":["GET"]}}],"collection":[{"href":"https:\/\/www.deberes.net\/tesis\/wp-json\/wp\/v2\/posts"}],"about":[{"href":"https:\/\/www.deberes.net\/tesis\/wp-json\/wp\/v2\/types\/post"}],"author":[{"embeddable":true,"href":"https:\/\/www.deberes.net\/tesis\/wp-json\/wp\/v2\/users\/1"}],"replies":[{"embeddable":true,"href":"https:\/\/www.deberes.net\/tesis\/wp-json\/wp\/v2\/comments?post=16100"}],"version-history":[{"count":0,"href":"https:\/\/www.deberes.net\/tesis\/wp-json\/wp\/v2\/posts\/16100\/revisions"}],"wp:attachment":[{"href":"https:\/\/www.deberes.net\/tesis\/wp-json\/wp\/v2\/media?parent=16100"}],"wp:term":[{"taxonomy":"category","embeddable":true,"href":"https:\/\/www.deberes.net\/tesis\/wp-json\/wp\/v2\/categories?post=16100"},{"taxonomy":"post_tag","embeddable":true,"href":"https:\/\/www.deberes.net\/tesis\/wp-json\/wp\/v2\/tags?post=16100"}],"curies":[{"name":"wp","href":"https:\/\/api.w.org\/{rel}","templated":true}]}}