{"id":16122,"date":"2018-03-09T09:03:35","date_gmt":"2018-03-09T09:03:35","guid":{"rendered":"https:\/\/www.deberes.net\/tesis\/sin-categoria\/matrices-de-contabilidad-social-y-distribucion-de-la-renta\/"},"modified":"2018-03-09T09:03:35","modified_gmt":"2018-03-09T09:03:35","slug":"matrices-de-contabilidad-social-y-distribucion-de-la-renta","status":"publish","type":"post","link":"https:\/\/www.deberes.net\/tesis\/ciencias-economicas\/matrices-de-contabilidad-social-y-distribucion-de-la-renta\/","title":{"rendered":"Matrices de contabilidad social y distribuci\u00f3n de la renta"},"content":{"rendered":"<h2>Tesis doctoral de <strong>  Rubio Sanz M. Teresa <\/strong><\/h2>\n<p>En este trabajo se defiende la tesis de que una matriz de contabilidad social (mcs) no es m\u00e1s que el propio sistema de cuentas de naciones unidas en su presentaci\u00f3n matricial y se elabora una mcs completa para la econom\u00eda espa\u00f1ola (mcse-90).  la mcse-90 est\u00e1 plenamente adaptada a los sistemas de cuentas nacionales vigtentes hoy en d\u00eda (scn93\/sec95), incluye una discripci\u00f3n exhaustiva del proceso de elaboraci\u00f3n de los distintos &#8212; que la confirman y en ella se utiliza clasificaciones detalladas de las actividades, los factores productivos y los &#8212;.  entre los m\u00faltiples conceptos de an\u00e1lisis que pueden &#8212; a partir de una mcs, en este trabajo se utiliza la mcse-90 para calcular las normas frontera que delimitan las distintas ordenaciones posibles de pol\u00edticas industriales alternativas de acuerdo con sus efectos sobre la distribuci\u00f3n personal de la renta, con el fin de profundizar en los aspectos te\u00f3ricos que pudean justificar la introducci\u00f3n en los sistemas de cuentas nacionales de indicadores que consideren no s\u00f3lo cuestiones de eficiencia sino tambi\u00e9n de afinidad.<\/p>\n<p>&nbsp;<\/p>\n<h3>Datos acad\u00e9micos de la tesis doctoral \u00ab<strong>Matrices de contabilidad social y distribuci\u00f3n de la renta<\/strong>\u00ab<\/h3>\n<ul>\n<li><strong>T\u00edtulo de la tesis:<\/strong>\u00a0 Matrices de contabilidad social y distribuci\u00f3n de la renta <\/li>\n<li><strong>Autor:<\/strong>\u00a0  Rubio Sanz M. Teresa <\/li>\n<li><strong>Universidad:<\/strong>\u00a0 Valladolid<\/li>\n<li><strong>Fecha de lectura de la tesis:<\/strong>\u00a0 18\/03\/2002<\/li>\n<\/ul>\n<p>&nbsp;<\/p>\n<h3>Direcci\u00f3n y tribunal<\/h3>\n<ul>\n<li><strong>Director de la tesis<\/strong>\n<ul>\n<li>Juan Vicente Perdiz<\/li>\n<\/ul>\n<\/li>\n<li><strong>Tribunal<\/strong>\n<ul>\n<li>Presidente del tribunal: candido Mu\u00f1oz cidad <\/li>\n<li>rigoberto P\u00e9rez su\u00e1rez (vocal)<\/li>\n<li>Jes\u00fas Ruiz-huerta  carbonell (vocal)<\/li>\n<li>Javier Su\u00e1rez pandiello (vocal)<\/li>\n<\/ul>\n<\/li>\n<\/ul>\n<p>&nbsp;<\/p>\n","protected":false},"excerpt":{"rendered":"<p>Tesis doctoral de Rubio Sanz M. Teresa En este trabajo se defiende la tesis de que una matriz de contabilidad [&hellip;]<\/p>\n","protected":false},"author":1,"featured_media":0,"comment_status":"open","ping_status":"open","sticky":false,"template":"","format":"standard","meta":{"site-sidebar-layout":"default","site-content-layout":"","ast-site-content-layout":"","site-content-style":"default","site-sidebar-style":"default","ast-global-header-display":"","ast-banner-title-visibility":"","ast-main-header-display":"","ast-hfb-above-header-display":"","ast-hfb-below-header-display":"","ast-hfb-mobile-header-display":"","site-post-title":"","ast-breadcrumbs-content":"","ast-featured-img":"","footer-sml-layout":"","theme-transparent-header-meta":"","adv-header-id-meta":"","stick-header-meta":"","header-above-stick-meta":"","header-main-stick-meta":"","header-below-stick-meta":"","astra-migrate-meta-layouts":"default","ast-page-background-enabled":"default","ast-page-background-meta":{"desktop":{"background-color":"var(--ast-global-color-4)","background-image":"","background-repeat":"repeat","background-position":"center center","background-size":"auto","background-attachment":"scroll","background-type":"","background-media":"","overlay-type":"","overlay-color":"","overlay-gradient":""},"tablet":{"background-color":"","background-image":"","background-repeat":"repeat","background-position":"center center","background-size":"auto","background-attachment":"scroll","background-type":"","background-media":"","overlay-type":"","overlay-color":"","overlay-gradient":""},"mobile":{"background-color":"","background-image":"","background-repeat":"repeat","background-position":"center center","background-size":"auto","background-attachment":"scroll","background-type":"","background-media":"","overlay-type":"","overlay-color":"","overlay-gradient":""}},"ast-content-background-meta":{"desktop":{"background-color":"var(--ast-global-color-5)","background-image":"","background-repeat":"repeat","background-position":"center center","background-size":"auto","background-attachment":"scroll","background-type":"","background-media":"","overlay-type":"","overlay-color":"","overlay-gradient":""},"tablet":{"background-color":"var(--ast-global-color-5)","background-image":"","background-repeat":"repeat","background-position":"center center","background-size":"auto","background-attachment":"scroll","background-type":"","background-media":"","overlay-type":"","overlay-color":"","overlay-gradient":""},"mobile":{"background-color":"var(--ast-global-color-5)","background-image":"","background-repeat":"repeat","background-position":"center center","background-size":"auto","background-attachment":"scroll","background-type":"","background-media":"","overlay-type":"","overlay-color":"","overlay-gradient":""}},"footnotes":""},"categories":[772,82,1697,26524,19658,19929,12451],"tags":[8574,8782,6841,27759,51098,51097],"class_list":["post-16122","post","type-post","status-publish","format-standard","hentry","category-actividad-economica","category-ciencias-economicas","category-contabilidad-economica","category-contabilidad-social","category-input-output","category-redistribucion","category-valladolid","tag-candido-munoz-cidad","tag-javier-suarez-pandiello","tag-jesus-ruiz-huerta-carbonell","tag-juan-vicente-perdiz","tag-rigoberto-perez-suarez","tag-rubio-sanz-m-teresa"],"_links":{"self":[{"href":"https:\/\/www.deberes.net\/tesis\/wp-json\/wp\/v2\/posts\/16122","targetHints":{"allow":["GET"]}}],"collection":[{"href":"https:\/\/www.deberes.net\/tesis\/wp-json\/wp\/v2\/posts"}],"about":[{"href":"https:\/\/www.deberes.net\/tesis\/wp-json\/wp\/v2\/types\/post"}],"author":[{"embeddable":true,"href":"https:\/\/www.deberes.net\/tesis\/wp-json\/wp\/v2\/users\/1"}],"replies":[{"embeddable":true,"href":"https:\/\/www.deberes.net\/tesis\/wp-json\/wp\/v2\/comments?post=16122"}],"version-history":[{"count":0,"href":"https:\/\/www.deberes.net\/tesis\/wp-json\/wp\/v2\/posts\/16122\/revisions"}],"wp:attachment":[{"href":"https:\/\/www.deberes.net\/tesis\/wp-json\/wp\/v2\/media?parent=16122"}],"wp:term":[{"taxonomy":"category","embeddable":true,"href":"https:\/\/www.deberes.net\/tesis\/wp-json\/wp\/v2\/categories?post=16122"},{"taxonomy":"post_tag","embeddable":true,"href":"https:\/\/www.deberes.net\/tesis\/wp-json\/wp\/v2\/tags?post=16122"}],"curies":[{"name":"wp","href":"https:\/\/api.w.org\/{rel}","templated":true}]}}