{"id":16165,"date":"2018-03-09T09:03:39","date_gmt":"2018-03-09T09:03:39","guid":{"rendered":"https:\/\/www.deberes.net\/tesis\/sin-categoria\/la-revolucion-del-cuzco-de-1814-la-independencia-andina-y-el-imaginario-republicano-en-la-prensa-cultura-politica-cambios-y-permanencia\/"},"modified":"2018-03-09T09:03:39","modified_gmt":"2018-03-09T09:03:39","slug":"la-revolucion-del-cuzco-de-1814-la-independencia-andina-y-el-imaginario-republicano-en-la-prensa-cultura-politica-cambios-y-permanencia","status":"publish","type":"post","link":"https:\/\/www.deberes.net\/tesis\/historia\/la-revolucion-del-cuzco-de-1814-la-independencia-andina-y-el-imaginario-republicano-en-la-prensa-cultura-politica-cambios-y-permanencia\/","title":{"rendered":"La revolucion del cuzco de 1814, la independencia andina y el imaginario republicano en la prensa. cultura politica: cambios y permanencia"},"content":{"rendered":"<h2>Tesis doctoral de <strong>  Glave Testino Luis Miguel <\/strong><\/h2>\n<p>La historiografia peruana no difiere de las de otros paises, naci\u00f3 nacional.  hubo de definir una naci\u00f3n y dotarla de memoria. Resulta curioso entonces recordar aquellas partes de la memoria que no han tenido tanta suerte como otras. La revoluci\u00f3n del cuzco de 1814 es una de ellas. Fue la m\u00e1s importante movilizaci\u00f3n pol\u00edtica cultural en pos de la formaci\u00f3n nacional peruana, pero no ha sido canonizada como tal, acomod\u00e1ndosel en el rubro de precursores. si tuviesemos que comparar en envergadura, proyecci\u00f3n y textura cultural los movimientos de quito y la paz en 1809 con el de cuzco que los sucedi\u00f3 en 1814, no quedar\u00eda la menor duda respecto a la superioridad indiscutible de los sucesos y los actores de la movilizaci\u00f3n cuzque\u00f1a que se extendi\u00f3 hasta ayacucho al norte y la paz al sur. Sin embargo, mientras las historiografias nacionales de bolivia y ecuador, se han encargado de fechar su nacimiento nacional en esas revoluciones fallidas de 1809, los peruanos han preferido tomar el inicio del proceso emancipador de 1821-24 como su fecha patria. este estudio restituye el protagonismo revolucionario del cuzco y de la regi\u00f3n sur andina en 1814. Analiza los actores, la coyuntura, los procesos culturales y politicos que desencaden\u00f3, para poner las bases de nuevos discursos nacionales que desde entonces balbuceaban en el per\u00fa. Junta la inconexa pero extensa documentaci\u00f3n publicada, a coteja con los originales, y la suma a la in\u00e9dita del archivo de indias y el regional cuzque\u00f1o. El eje de la exposici\u00f3n es la cultura politica y los nuevos espacios p\u00fablicos. por eso, el estudio de un movimiento politico social que empez\u00f3 en 1814 se empata con el de la republica instalada en la provincia desde 1825. la forma de abordar este tema de comunicaci\u00f3n y texto cultural es a trav\u00e9s de la prensa. Los mismos personajes actuando en nuevas condiciones y la gran novedad de prensa periodica construyendo una identidad anhelada mas que lograda, s<\/p>\n<p>&nbsp;<\/p>\n<h3>Datos acad\u00e9micos de la tesis doctoral \u00ab<strong>La revolucion del cuzco de 1814, la independencia andina y el imaginario republicano en la prensa. cultura politica: cambios y permanencia<\/strong>\u00ab<\/h3>\n<ul>\n<li><strong>T\u00edtulo de la tesis:<\/strong>\u00a0 La revolucion del cuzco de 1814, la independencia andina y el imaginario republicano en la prensa. cultura politica: cambios y permanencia <\/li>\n<li><strong>Autor:<\/strong>\u00a0  Glave Testino Luis Miguel <\/li>\n<li><strong>Universidad:<\/strong>\u00a0 Pablo de olavide<\/li>\n<li><strong>Fecha de lectura de la tesis:<\/strong>\u00a0 20\/03\/2002<\/li>\n<\/ul>\n<p>&nbsp;<\/p>\n<h3>Direcci\u00f3n y tribunal<\/h3>\n<ul>\n<li><strong>Director de la tesis<\/strong>\n<ul>\n<li>Juan Marchena Fernandez<\/li>\n<\/ul>\n<\/li>\n<li><strong>Tribunal<\/strong>\n<ul>\n<li>Presidente del tribunal: manuel Gonzalez de molina navarro <\/li>\n<li>bernard Lavalle (vocal)<\/li>\n<li> Sanchez albornoz y aboin nicolas (vocal)<\/li>\n<li>Carlos Garavaglia Juan (vocal)<\/li>\n<\/ul>\n<\/li>\n<\/ul>\n<p>&nbsp;<\/p>\n","protected":false},"excerpt":{"rendered":"<p>Tesis doctoral de Glave Testino Luis Miguel La historiografia peruana no difiere de las de otros paises, naci\u00f3 nacional. hubo [&hellip;]<\/p>\n","protected":false},"author":1,"featured_media":0,"comment_status":"open","ping_status":"open","sticky":false,"template":"","format":"standard","meta":{"site-sidebar-layout":"default","site-content-layout":"","ast-site-content-layout":"","site-content-style":"default","site-sidebar-style":"default","ast-global-header-display":"","ast-banner-title-visibility":"","ast-main-header-display":"","ast-hfb-above-header-display":"","ast-hfb-below-header-display":"","ast-hfb-mobile-header-display":"","site-post-title":"","ast-breadcrumbs-content":"","ast-featured-img":"","footer-sml-layout":"","theme-transparent-header-meta":"","adv-header-id-meta":"","stick-header-meta":"","header-above-stick-meta":"","header-main-stick-meta":"","header-below-stick-meta":"","astra-migrate-meta-layouts":"default","ast-page-background-enabled":"default","ast-page-background-meta":{"desktop":{"background-color":"var(--ast-global-color-4)","background-image":"","background-repeat":"repeat","background-position":"center center","background-size":"auto","background-attachment":"scroll","background-type":"","background-media":"","overlay-type":"","overlay-color":"","overlay-gradient":""},"tablet":{"background-color":"","background-image":"","background-repeat":"repeat","background-position":"center center","background-size":"auto","background-attachment":"scroll","background-type":"","background-media":"","overlay-type":"","overlay-color":"","overlay-gradient":""},"mobile":{"background-color":"","background-image":"","background-repeat":"repeat","background-position":"center center","background-size":"auto","background-attachment":"scroll","background-type":"","background-media":"","overlay-type":"","overlay-color":"","overlay-gradient":""}},"ast-content-background-meta":{"desktop":{"background-color":"var(--ast-global-color-5)","background-image":"","background-repeat":"repeat","background-position":"center center","background-size":"auto","background-attachment":"scroll","background-type":"","background-media":"","overlay-type":"","overlay-color":"","overlay-gradient":""},"tablet":{"background-color":"var(--ast-global-color-5)","background-image":"","background-repeat":"repeat","background-position":"center center","background-size":"auto","background-attachment":"scroll","background-type":"","background-media":"","overlay-type":"","overlay-color":"","overlay-gradient":""},"mobile":{"background-color":"var(--ast-global-color-5)","background-image":"","background-repeat":"repeat","background-position":"center center","background-size":"auto","background-attachment":"scroll","background-type":"","background-media":"","overlay-type":"","overlay-color":"","overlay-gradient":""}},"footnotes":""},"categories":[104,1816,3538,639,106,220,222,37286],"tags":[51208,51210,51207,8769,3128,51209],"class_list":["post-16165","post","type-post","status-publish","format-standard","hentry","category-historia","category-historia-contemporanea","category-historia-de-las-ideas-politicas","category-historia-de-paises","category-historia-general","category-historia-por-epocas","category-historias-especializadas","category-pablo-de-olavide","tag-bernard-lavalle","tag-carlos-garavaglia-juan","tag-glave-testino-luis-miguel","tag-juan-marchena-fernandez","tag-manuel-gonzalez-de-molina-navarro","tag-sanchez-albornoz-y-aboin-nicolas"],"_links":{"self":[{"href":"https:\/\/www.deberes.net\/tesis\/wp-json\/wp\/v2\/posts\/16165","targetHints":{"allow":["GET"]}}],"collection":[{"href":"https:\/\/www.deberes.net\/tesis\/wp-json\/wp\/v2\/posts"}],"about":[{"href":"https:\/\/www.deberes.net\/tesis\/wp-json\/wp\/v2\/types\/post"}],"author":[{"embeddable":true,"href":"https:\/\/www.deberes.net\/tesis\/wp-json\/wp\/v2\/users\/1"}],"replies":[{"embeddable":true,"href":"https:\/\/www.deberes.net\/tesis\/wp-json\/wp\/v2\/comments?post=16165"}],"version-history":[{"count":0,"href":"https:\/\/www.deberes.net\/tesis\/wp-json\/wp\/v2\/posts\/16165\/revisions"}],"wp:attachment":[{"href":"https:\/\/www.deberes.net\/tesis\/wp-json\/wp\/v2\/media?parent=16165"}],"wp:term":[{"taxonomy":"category","embeddable":true,"href":"https:\/\/www.deberes.net\/tesis\/wp-json\/wp\/v2\/categories?post=16165"},{"taxonomy":"post_tag","embeddable":true,"href":"https:\/\/www.deberes.net\/tesis\/wp-json\/wp\/v2\/tags?post=16165"}],"curies":[{"name":"wp","href":"https:\/\/api.w.org\/{rel}","templated":true}]}}