{"id":16168,"date":"2018-03-09T09:03:39","date_gmt":"2018-03-09T09:03:39","guid":{"rendered":"https:\/\/www.deberes.net\/tesis\/sin-categoria\/efecto-del-incremento-de-radiacion-ultravioleta-y-co2-sobre-el-crecimiento-y-fotosa%c2%adntesis-de-diferentes-especies-de-microalgas-marinas\/"},"modified":"2018-03-09T09:03:39","modified_gmt":"2018-03-09T09:03:39","slug":"efecto-del-incremento-de-radiacion-ultravioleta-y-co2-sobre-el-crecimiento-y-fotosa%c2%adntesis-de-diferentes-especies-de-microalgas-marinas","status":"publish","type":"post","link":"https:\/\/www.deberes.net\/tesis\/ciencias-de-la-tierra-y-del-espacio\/efecto-del-incremento-de-radiacion-ultravioleta-y-co2-sobre-el-crecimiento-y-fotosa%c2%adntesis-de-diferentes-especies-de-microalgas-marinas\/","title":{"rendered":"Efecto del incremento de radiaci\u00f3n ultravioleta y co2 sobre el crecimiento y fotos\u00edntesis de diferentes especies de microalgas marinas"},"content":{"rendered":"<h2>Tesis doctoral de <strong> Cristina Sobrino Garcia <\/strong><\/h2>\n<p>Teniendo en cuenta la importancia del cambio clim\u00e1tico global sobre el medio ambiente de nuestro planeta y la relevancia del fitoplancton marino como principal componente del ciclo global del carbono, la tesis realizada analiza el efecto tanto de la radiaci\u00f3n ultravioleta (uv), como del de \u00e9sta con el de un incremento de co2 en el medio, sobre diferentes especies de microalgas marinas. El estudio est\u00e1 basado principalmente en el an\u00e1lisis de las respuestas fotoinhibitorias en presencia de radiaci\u00f3n uv, pero tambi\u00e9n muestra resultados referentes al efecto sobre el crecimiento, composici\u00f3n pigmentaria, composici\u00f3n elemental y sobre los cambios en el volumen celular, actividad esterasa y autofluorescencia celular medidos por citometr\u00eda de flujo. Adem\u00e1s, mediante tinciones espec\u00edficas de \u00e1cidos nucleicos el trabajo muestra un seguimiento del ciclo celular de cultivos expuestos a distintos tratamientos espectrales de radiaci\u00f3n fotosint\u00e9ticamente activa (par) y uv. A su vez, los experimentos llevados a cabo observan las respuestas tanto bajo exposiciones de tiempo de duraci\u00f3n corto (1-2 horas) como bajo exposiciones de duraci\u00f3n largo (&gt;5 d\u00edas) y utilizando tanto condiciones controladas de radiaci\u00f3n artificial y temperatura constante como condiciones no controladas de temperatura bajo exposiciones a radiaci\u00f3n solar.  tras la realizaci\u00f3n de un screening inicial con 13 microalgas marinas pertenecientes a 8 grupos taxon\u00f3micos diferentes, los autores seleccionan 3 especies con diferente grado de sensibilidad a la radiaci\u00f3n uvb como principales especies de estudio: nannochloropsis gaditana (eustigmatophyceae) con un grado de sensibilidad alto, nannochloris atomus (chlorophyceae) con un grado de sensibilidad medio y tetraselmis chuii (prasinophyceae) con un grado de sensibilidad bajo.  la respuesta fotoinhibitoria en presencia de radiaci\u00f3n uv fue descrita por un nuevo modelo de fotoinhibici\u00f3n por radiaci\u00f3n uv, en el cual la<\/p>\n<p>&nbsp;<\/p>\n<h3>Datos acad\u00e9micos de la tesis doctoral \u00ab<strong>Efecto del incremento de radiaci\u00f3n ultravioleta y co2 sobre el crecimiento y fotos\u00edntesis de diferentes especies de microalgas marinas<\/strong>\u00ab<\/h3>\n<ul>\n<li><strong>T\u00edtulo de la tesis:<\/strong>\u00a0 Efecto del incremento de radiaci\u00f3n ultravioleta y co2 sobre el crecimiento y fotos\u00edntesis de diferentes especies de microalgas marinas <\/li>\n<li><strong>Autor:<\/strong>\u00a0 Cristina Sobrino Garcia <\/li>\n<li><strong>Universidad:<\/strong>\u00a0 C\u00e1diz<\/li>\n<li><strong>Fecha de lectura de la tesis:<\/strong>\u00a0 21\/03\/2002<\/li>\n<\/ul>\n<p>&nbsp;<\/p>\n<h3>Direcci\u00f3n y tribunal<\/h3>\n<ul>\n<li><strong>Director de la tesis<\/strong>\n<ul>\n<li>Luis Lubi\u00e1n Chaich\u00edo<\/li>\n<\/ul>\n<\/li>\n<li><strong>Tribunal<\/strong>\n<ul>\n<li>Presidente del tribunal: Miguel Garc\u00eda guerrero <\/li>\n<li>Antonio Quesada del corral (vocal)<\/li>\n<li>f\u00e9lix L\u00f3pez figueroa (vocal)<\/li>\n<li>pedro Ca\u00f1avate hors (vocal)<\/li>\n<\/ul>\n<\/li>\n<\/ul>\n<p>&nbsp;<\/p>\n","protected":false},"excerpt":{"rendered":"<p>Tesis doctoral de Cristina Sobrino Garcia Teniendo en cuenta la importancia del cambio clim\u00e1tico global sobre el medio ambiente de [&hellip;]<\/p>\n","protected":false},"author":1,"featured_media":0,"comment_status":"open","ping_status":"open","sticky":false,"template":"","format":"standard","meta":{"site-sidebar-layout":"default","site-content-layout":"","ast-site-content-layout":"","site-content-style":"default","site-sidebar-style":"default","ast-global-header-display":"","ast-banner-title-visibility":"","ast-main-header-display":"","ast-hfb-above-header-display":"","ast-hfb-below-header-display":"","ast-hfb-mobile-header-display":"","site-post-title":"","ast-breadcrumbs-content":"","ast-featured-img":"","footer-sml-layout":"","theme-transparent-header-meta":"","adv-header-id-meta":"","stick-header-meta":"","header-above-stick-meta":"","header-main-stick-meta":"","header-below-stick-meta":"","astra-migrate-meta-layouts":"default","ast-page-background-enabled":"default","ast-page-background-meta":{"desktop":{"background-color":"var(--ast-global-color-4)","background-image":"","background-repeat":"repeat","background-position":"center center","background-size":"auto","background-attachment":"scroll","background-type":"","background-media":"","overlay-type":"","overlay-color":"","overlay-gradient":""},"tablet":{"background-color":"","background-image":"","background-repeat":"repeat","background-position":"center center","background-size":"auto","background-attachment":"scroll","background-type":"","background-media":"","overlay-type":"","overlay-color":"","overlay-gradient":""},"mobile":{"background-color":"","background-image":"","background-repeat":"repeat","background-position":"center center","background-size":"auto","background-attachment":"scroll","background-type":"","background-media":"","overlay-type":"","overlay-color":"","overlay-gradient":""}},"ast-content-background-meta":{"desktop":{"background-color":"var(--ast-global-color-5)","background-image":"","background-repeat":"repeat","background-position":"center center","background-size":"auto","background-attachment":"scroll","background-type":"","background-media":"","overlay-type":"","overlay-color":"","overlay-gradient":""},"tablet":{"background-color":"var(--ast-global-color-5)","background-image":"","background-repeat":"repeat","background-position":"center center","background-size":"auto","background-attachment":"scroll","background-type":"","background-media":"","overlay-type":"","overlay-color":"","overlay-gradient":""},"mobile":{"background-color":"var(--ast-global-color-5)","background-image":"","background-repeat":"repeat","background-position":"center center","background-size":"auto","background-attachment":"scroll","background-type":"","background-media":"","overlay-type":"","overlay-color":"","overlay-gradient":""}},"footnotes":""},"categories":[39902,3782,972,1506,27,35,479,228,13195],"tags":[51218,51217,22899,20550,3784,51219],"class_list":["post-16168","post","type-post","status-publish","format-standard","hentry","category-acuicultura-marina","category-algologia","category-botanica","category-cadiz","category-ciencias-de-la-tierra-y-del-espacio","category-ciencias-de-la-vida","category-fisiologia-vegetal","category-oceanografia","category-oceanografia-biologica","tag-antonio-quesada-del-corral","tag-cristina-sobrino-garcia","tag-felix-lopez-figueroa","tag-luis-lubian-chaichio","tag-miguel-garcia-guerrero","tag-pedro-canavate-hors"],"_links":{"self":[{"href":"https:\/\/www.deberes.net\/tesis\/wp-json\/wp\/v2\/posts\/16168","targetHints":{"allow":["GET"]}}],"collection":[{"href":"https:\/\/www.deberes.net\/tesis\/wp-json\/wp\/v2\/posts"}],"about":[{"href":"https:\/\/www.deberes.net\/tesis\/wp-json\/wp\/v2\/types\/post"}],"author":[{"embeddable":true,"href":"https:\/\/www.deberes.net\/tesis\/wp-json\/wp\/v2\/users\/1"}],"replies":[{"embeddable":true,"href":"https:\/\/www.deberes.net\/tesis\/wp-json\/wp\/v2\/comments?post=16168"}],"version-history":[{"count":0,"href":"https:\/\/www.deberes.net\/tesis\/wp-json\/wp\/v2\/posts\/16168\/revisions"}],"wp:attachment":[{"href":"https:\/\/www.deberes.net\/tesis\/wp-json\/wp\/v2\/media?parent=16168"}],"wp:term":[{"taxonomy":"category","embeddable":true,"href":"https:\/\/www.deberes.net\/tesis\/wp-json\/wp\/v2\/categories?post=16168"},{"taxonomy":"post_tag","embeddable":true,"href":"https:\/\/www.deberes.net\/tesis\/wp-json\/wp\/v2\/tags?post=16168"}],"curies":[{"name":"wp","href":"https:\/\/api.w.org\/{rel}","templated":true}]}}