{"id":16219,"date":"2018-03-09T09:03:43","date_gmt":"2018-03-09T09:03:43","guid":{"rendered":"https:\/\/www.deberes.net\/tesis\/sin-categoria\/practicas-educativas-familiares-y-autoconcepto-estudio-con-ninos-y-ninas-de-3-4-y-5-anos\/"},"modified":"2018-03-09T09:03:43","modified_gmt":"2018-03-09T09:03:43","slug":"practicas-educativas-familiares-y-autoconcepto-estudio-con-ninos-y-ninas-de-3-4-y-5-anos","status":"publish","type":"post","link":"https:\/\/www.deberes.net\/tesis\/psicologia\/practicas-educativas-familiares-y-autoconcepto-estudio-con-ninos-y-ninas-de-3-4-y-5-anos\/","title":{"rendered":"Pr\u00e1cticas educativas familiares y autoconcepto. estudio con ni\u00f1os y ni\u00f1as de 3, 4 y 5 a\u00f1os"},"content":{"rendered":"<h2>Tesis doctoral de <strong> M. Julia Alonso Garc\u00eda <\/strong><\/h2>\n<p>Objetivo  el objetivo principal es relacionar las diferentes pr\u00e1cticas educativas familiares con el desarrollo del autoconcepto en los hijos. Para ello tuvimos que plantearnos un objetivo previo: construir un instrumento de medida de las pr\u00e1cticas educativas de los padres.  participacion  en un primer estudio participaron 283 familias de nivel sociocultural medio y medio alto, con hijos de 3, 4 y 5 a\u00f1os y las maestras correspondientes. y en el 2\u00c2\u00ba, 144 familias con hijos de 4 y 5 a\u00f1os y sus maestras.  instrumentos  para la exploraci\u00f3n de las pr\u00e1cticas educativas familiares: un instrumento original basado en situaciones hipot\u00e9ticas y 3 tipos de conflictos &#8211; fiabilidad (alpha de cronbach = 86) y validez (alpha = 83)-. La valoraci\u00f3n infantil cuenta con soporte gr\u00e1fico manipulativo. Evaluaci\u00f3n del autoconcepto: pai (villa y auzmendi, 1990) para la autopercepci\u00f3n, y la escala de referentes conductuales de la autoestima en ni\u00f1os peque\u00f1os (haltiwanger y harter, 1988) para la heteropercepci\u00f3n.  resultados  en los contextos familiares de menor nivel sociocultural es donde hemos encontrado las mayores discrepancias entre las percepciones adultas e infantiles -tanto en la valoraci\u00f3n global del estilo educativo familiar m\u00e1s utilizado, como en las valoraciones espec\u00edficas de situaciones o conflictos-. Adem\u00e1s, los an\u00e1lisis estad\u00edsticos confirman, entre otras cosas, la correlaci\u00f3n positiva significativa entre el estilo educativo familiar equilibrado (m\u00e1s representativo en las familias de nivel sociocultural m\u00e1s alto) y el autoconcepto de los hijos medido a trav\u00e9s de la autopercepci\u00f3n (r=18, p=02), y negativa (r=-17, p=04) con el estilo educativo familiar autoritario (m\u00e1s representativo en los contextos familiares de menor nivel sociocultural), desde la percepci\u00f3n infantil. En cuanto a la percepci\u00f3n adulta, correlaciona de forma significativa y positiva el estudio equilibrado y la heteropercepci\u00f3n familiar del nifel<\/p>\n<p>&nbsp;<\/p>\n<h3>Datos acad\u00e9micos de la tesis doctoral \u00ab<strong>Pr\u00e1cticas educativas familiares y autoconcepto. estudio con ni\u00f1os y ni\u00f1as de 3, 4 y 5 a\u00f1os<\/strong>\u00ab<\/h3>\n<ul>\n<li><strong>T\u00edtulo de la tesis:<\/strong>\u00a0 Pr\u00e1cticas educativas familiares y autoconcepto. estudio con ni\u00f1os y ni\u00f1as de 3, 4 y 5 a\u00f1os <\/li>\n<li><strong>Autor:<\/strong>\u00a0 M. Julia Alonso Garc\u00eda <\/li>\n<li><strong>Universidad:<\/strong>\u00a0 Valladolid<\/li>\n<li><strong>Fecha de lectura de la tesis:<\/strong>\u00a0 22\/03\/2002<\/li>\n<\/ul>\n<p>&nbsp;<\/p>\n<h3>Direcci\u00f3n y tribunal<\/h3>\n<ul>\n<li><strong>Director de la tesis<\/strong>\n<ul>\n<li>Jos\u00e9 Mar\u00eda Roman Sanchez<\/li>\n<\/ul>\n<\/li>\n<li><strong>Tribunal<\/strong>\n<ul>\n<li>Presidente del tribunal:  Rodrigo l\u00f3pez m. jos\u00e9 <\/li>\n<li>gonzalo Musitu ochoa (vocal)<\/li>\n<li>pilar Gutiez cuevas (vocal)<\/li>\n<li>Elena Auzmendi escribano (vocal)<\/li>\n<\/ul>\n<\/li>\n<\/ul>\n<p>&nbsp;<\/p>\n","protected":false},"excerpt":{"rendered":"<p>Tesis doctoral de M. Julia Alonso Garc\u00eda Objetivo el objetivo principal es relacionar las diferentes pr\u00e1cticas educativas familiares con el [&hellip;]<\/p>\n","protected":false},"author":1,"featured_media":0,"comment_status":"open","ping_status":"open","sticky":false,"template":"","format":"standard","meta":{"site-sidebar-layout":"default","site-content-layout":"","ast-site-content-layout":"","site-content-style":"default","site-sidebar-style":"default","ast-global-header-display":"","ast-banner-title-visibility":"","ast-main-header-display":"","ast-hfb-above-header-display":"","ast-hfb-below-header-display":"","ast-hfb-mobile-header-display":"","site-post-title":"","ast-breadcrumbs-content":"","ast-featured-img":"","footer-sml-layout":"","theme-transparent-header-meta":"","adv-header-id-meta":"","stick-header-meta":"","header-above-stick-meta":"","header-main-stick-meta":"","header-below-stick-meta":"","astra-migrate-meta-layouts":"default","ast-page-background-enabled":"default","ast-page-background-meta":{"desktop":{"background-color":"var(--ast-global-color-4)","background-image":"","background-repeat":"repeat","background-position":"center center","background-size":"auto","background-attachment":"scroll","background-type":"","background-media":"","overlay-type":"","overlay-color":"","overlay-gradient":""},"tablet":{"background-color":"","background-image":"","background-repeat":"repeat","background-position":"center center","background-size":"auto","background-attachment":"scroll","background-type":"","background-media":"","overlay-type":"","overlay-color":"","overlay-gradient":""},"mobile":{"background-color":"","background-image":"","background-repeat":"repeat","background-position":"center center","background-size":"auto","background-attachment":"scroll","background-type":"","background-media":"","overlay-type":"","overlay-color":"","overlay-gradient":""}},"ast-content-background-meta":{"desktop":{"background-color":"var(--ast-global-color-5)","background-image":"","background-repeat":"repeat","background-position":"center center","background-size":"auto","background-attachment":"scroll","background-type":"","background-media":"","overlay-type":"","overlay-color":"","overlay-gradient":""},"tablet":{"background-color":"var(--ast-global-color-5)","background-image":"","background-repeat":"repeat","background-position":"center center","background-size":"auto","background-attachment":"scroll","background-type":"","background-media":"","overlay-type":"","overlay-color":"","overlay-gradient":""},"mobile":{"background-color":"var(--ast-global-color-5)","background-image":"","background-repeat":"repeat","background-position":"center center","background-size":"auto","background-attachment":"scroll","background-type":"","background-media":"","overlay-type":"","overlay-color":"","overlay-gradient":""}},"footnotes":""},"categories":[5173,324,970,2758,5174,12451],"tags":[51355,11387,5139,51353,6262,51354],"class_list":["post-16219","post","type-post","status-publish","format-standard","hentry","category-metodos-educativos","category-psicologia","category-psicologia-del-nino-y-del-adolescente","category-psicologia-evolutiva","category-psicopedagogia","category-valladolid","tag-elena-auzmendi-escribano","tag-gonzalo-musitu-ochoa","tag-jose-maria-roman-sanchez","tag-m-julia-alonso-garcia","tag-pilar-gutiez-cuevas","tag-rodrigo-lopez-m-jose"],"_links":{"self":[{"href":"https:\/\/www.deberes.net\/tesis\/wp-json\/wp\/v2\/posts\/16219","targetHints":{"allow":["GET"]}}],"collection":[{"href":"https:\/\/www.deberes.net\/tesis\/wp-json\/wp\/v2\/posts"}],"about":[{"href":"https:\/\/www.deberes.net\/tesis\/wp-json\/wp\/v2\/types\/post"}],"author":[{"embeddable":true,"href":"https:\/\/www.deberes.net\/tesis\/wp-json\/wp\/v2\/users\/1"}],"replies":[{"embeddable":true,"href":"https:\/\/www.deberes.net\/tesis\/wp-json\/wp\/v2\/comments?post=16219"}],"version-history":[{"count":0,"href":"https:\/\/www.deberes.net\/tesis\/wp-json\/wp\/v2\/posts\/16219\/revisions"}],"wp:attachment":[{"href":"https:\/\/www.deberes.net\/tesis\/wp-json\/wp\/v2\/media?parent=16219"}],"wp:term":[{"taxonomy":"category","embeddable":true,"href":"https:\/\/www.deberes.net\/tesis\/wp-json\/wp\/v2\/categories?post=16219"},{"taxonomy":"post_tag","embeddable":true,"href":"https:\/\/www.deberes.net\/tesis\/wp-json\/wp\/v2\/tags?post=16219"}],"curies":[{"name":"wp","href":"https:\/\/api.w.org\/{rel}","templated":true}]}}