{"id":16226,"date":"2018-03-09T09:03:44","date_gmt":"2018-03-09T09:03:44","guid":{"rendered":"https:\/\/www.deberes.net\/tesis\/sin-categoria\/el-procedimiento-de-la-cuestion-de-incostitucionalidad\/"},"modified":"2018-03-09T09:03:44","modified_gmt":"2018-03-09T09:03:44","slug":"el-procedimiento-de-la-cuestion-de-incostitucionalidad","status":"publish","type":"post","link":"https:\/\/www.deberes.net\/tesis\/ciencias-juridicas-y-derecho\/el-procedimiento-de-la-cuestion-de-incostitucionalidad\/","title":{"rendered":"El procedimiento de la cuesti\u00f3n de incostitucionalidad"},"content":{"rendered":"<h2>Tesis doctoral de <strong>  Fern\u00e1ndez De Frutos Marta Elena <\/strong><\/h2>\n<p>Se realiza un estudio de derecho procesal constitucional sobre el procedimiento de la cuesti\u00f3n de inconstitucionalidad.  el an\u00e1lisis abarca desde el origen de la cuesti\u00f3n de inconstitucionalidad en el curso de un proceso hasta el momento en que la decisi\u00f3n del tribunal constitucional sobre la cuesti\u00f3n planteada despliega sus efectos en el proceso en que la cuesti\u00f3n se ha planteado.  el trabajo se estructura en siete cap\u00edtulos en los que se examina: las normas que pueden ser objeto de control en la cuesti\u00f3n de inconstitucionalidad. los supuestos en que cabe afirmar que el \u00f3rgano judicial duda de la constitucionalidad de la norma que pretende cuestionar. La iniciativa para plantear la cuesti\u00f3n de inconstitucionalidad, diferenciando entre la iniciativa de los \u00f3rganos judiciales y la de las partes del proceso. La formaci\u00f3n de la decisi\u00f3n de plantear la cuesti\u00f3n de incostitucionalidad. El tr\u00e1mite de admisi\u00f3n de la cuesti\u00f3n ante el tribunal constitucional. La personaci\u00f3n y presentaci\u00f3n de alegaciones en el proceso constitucional. La tramitaci\u00f3n y decisi\u00f3n de la cuesti\u00f3n de inconstitucionalidad, con especial referencia a los efectos de esa decisi\u00f3n en el proceso en que se ha planteado la cuesti\u00f3n.<\/p>\n<p>&nbsp;<\/p>\n<h3>Datos acad\u00e9micos de la tesis doctoral \u00ab<strong>El procedimiento de la cuesti\u00f3n de incostitucionalidad<\/strong>\u00ab<\/h3>\n<ul>\n<li><strong>T\u00edtulo de la tesis:<\/strong>\u00a0 El procedimiento de la cuesti\u00f3n de incostitucionalidad <\/li>\n<li><strong>Autor:<\/strong>\u00a0  Fern\u00e1ndez De Frutos Marta Elena <\/li>\n<li><strong>Universidad:<\/strong>\u00a0 Aut\u00f3noma de barcelona<\/li>\n<li><strong>Fecha de lectura de la tesis:<\/strong>\u00a0 22\/03\/2002<\/li>\n<\/ul>\n<p>&nbsp;<\/p>\n<h3>Direcci\u00f3n y tribunal<\/h3>\n<ul>\n<li><strong>Director de la tesis<\/strong>\n<ul>\n<li>Manuel Gerpe Landin<\/li>\n<\/ul>\n<\/li>\n<li><strong>Tribunal<\/strong>\n<ul>\n<li>Presidente del tribunal: isidre Molas batllors <\/li>\n<li>marc Carrillo lopez (vocal)<\/li>\n<li>Miguel angel Aparicio perez (vocal)<\/li>\n<li> L\u00f3pez ulla Juan  Manuel (vocal)<\/li>\n<\/ul>\n<\/li>\n<\/ul>\n<p>&nbsp;<\/p>\n","protected":false},"excerpt":{"rendered":"<p>Tesis doctoral de Fern\u00e1ndez De Frutos Marta Elena Se realiza un estudio de derecho procesal constitucional sobre el procedimiento de [&hellip;]<\/p>\n","protected":false},"author":1,"featured_media":0,"comment_status":"open","ping_status":"open","sticky":false,"template":"","format":"standard","meta":{"site-sidebar-layout":"default","site-content-layout":"","ast-site-content-layout":"","site-content-style":"default","site-sidebar-style":"default","ast-global-header-display":"","ast-banner-title-visibility":"","ast-main-header-display":"","ast-hfb-above-header-display":"","ast-hfb-below-header-display":"","ast-hfb-mobile-header-display":"","site-post-title":"","ast-breadcrumbs-content":"","ast-featured-img":"","footer-sml-layout":"","theme-transparent-header-meta":"","adv-header-id-meta":"","stick-header-meta":"","header-above-stick-meta":"","header-main-stick-meta":"","header-below-stick-meta":"","astra-migrate-meta-layouts":"default","ast-page-background-enabled":"default","ast-page-background-meta":{"desktop":{"background-color":"var(--ast-global-color-4)","background-image":"","background-repeat":"repeat","background-position":"center center","background-size":"auto","background-attachment":"scroll","background-type":"","background-media":"","overlay-type":"","overlay-color":"","overlay-gradient":""},"tablet":{"background-color":"","background-image":"","background-repeat":"repeat","background-position":"center center","background-size":"auto","background-attachment":"scroll","background-type":"","background-media":"","overlay-type":"","overlay-color":"","overlay-gradient":""},"mobile":{"background-color":"","background-image":"","background-repeat":"repeat","background-position":"center center","background-size":"auto","background-attachment":"scroll","background-type":"","background-media":"","overlay-type":"","overlay-color":"","overlay-gradient":""}},"ast-content-background-meta":{"desktop":{"background-color":"var(--ast-global-color-5)","background-image":"","background-repeat":"repeat","background-position":"center center","background-size":"auto","background-attachment":"scroll","background-type":"","background-media":"","overlay-type":"","overlay-color":"","overlay-gradient":""},"tablet":{"background-color":"var(--ast-global-color-5)","background-image":"","background-repeat":"repeat","background-position":"center center","background-size":"auto","background-attachment":"scroll","background-type":"","background-media":"","overlay-type":"","overlay-color":"","overlay-gradient":""},"mobile":{"background-color":"var(--ast-global-color-5)","background-image":"","background-repeat":"repeat","background-position":"center center","background-size":"auto","background-attachment":"scroll","background-type":"","background-media":"","overlay-type":"","overlay-color":"","overlay-gradient":""}},"footnotes":""},"categories":[612,1450,3620,979,3621],"tags":[51370,51371,51372,1453,9368,12978],"class_list":["post-16226","post","type-post","status-publish","format-standard","hentry","category-ciencias-juridicas-y-derecho","category-derecho-constitucional","category-derecho-procesal","category-derecho-y-legislacion-nacionales","category-organizacion-juridica","tag-fernandez-de-frutos-marta-elena","tag-isidre-molas-batllors","tag-lopez-ulla-juan-manuel","tag-manuel-gerpe-landin","tag-marc-carrillo-lopez","tag-miguel-angel-aparicio-perez"],"_links":{"self":[{"href":"https:\/\/www.deberes.net\/tesis\/wp-json\/wp\/v2\/posts\/16226","targetHints":{"allow":["GET"]}}],"collection":[{"href":"https:\/\/www.deberes.net\/tesis\/wp-json\/wp\/v2\/posts"}],"about":[{"href":"https:\/\/www.deberes.net\/tesis\/wp-json\/wp\/v2\/types\/post"}],"author":[{"embeddable":true,"href":"https:\/\/www.deberes.net\/tesis\/wp-json\/wp\/v2\/users\/1"}],"replies":[{"embeddable":true,"href":"https:\/\/www.deberes.net\/tesis\/wp-json\/wp\/v2\/comments?post=16226"}],"version-history":[{"count":0,"href":"https:\/\/www.deberes.net\/tesis\/wp-json\/wp\/v2\/posts\/16226\/revisions"}],"wp:attachment":[{"href":"https:\/\/www.deberes.net\/tesis\/wp-json\/wp\/v2\/media?parent=16226"}],"wp:term":[{"taxonomy":"category","embeddable":true,"href":"https:\/\/www.deberes.net\/tesis\/wp-json\/wp\/v2\/categories?post=16226"},{"taxonomy":"post_tag","embeddable":true,"href":"https:\/\/www.deberes.net\/tesis\/wp-json\/wp\/v2\/tags?post=16226"}],"curies":[{"name":"wp","href":"https:\/\/api.w.org\/{rel}","templated":true}]}}