{"id":16252,"date":"2018-03-09T09:03:46","date_gmt":"2018-03-09T09:03:46","guid":{"rendered":"https:\/\/www.deberes.net\/tesis\/sin-categoria\/la-teoria-tematica-y-su-aplicacion-al-verbo-espanol\/"},"modified":"2018-03-09T09:03:46","modified_gmt":"2018-03-09T09:03:46","slug":"la-teoria-tematica-y-su-aplicacion-al-verbo-espanol","status":"publish","type":"post","link":"https:\/\/www.deberes.net\/tesis\/salamanca\/la-teoria-tematica-y-su-aplicacion-al-verbo-espanol\/","title":{"rendered":"La teor\u00eda tem\u00e1tica y su aplicaci\u00f3n al verbo espa\u00f1ol"},"content":{"rendered":"<h2>Tesis doctoral de <strong> Sallam Sayeo Abdelkwi <\/strong><\/h2>\n<p>El objetivo principal de este trabajo es estudiar los argumentos verbales dentro del marco de la gram\u00e1tica generativa. El m\u00f3dulo que se encarga de analizar la estructura argumental en este \u00e1mbito te\u00f3rico se denomina teor\u00eda tem\u00e1tica. Esta teor\u00eda es el m\u00f3dulo de la gram\u00e1tica que regula las relaciones sem\u00e1nticas que se establecen entre las palabras agrupadas en forma de categor\u00edas sintagm\u00e1ticas u oracionales. A dicha teor\u00eda le concierne la asignaci\u00f3n de papeles tem\u00e1ticos tales como agente, paciente, tema, etc., A los argumentos de acuerdo con una condici\u00f3n de buena formaci\u00f3n denominada el criterio tem\u00e1tico seg\u00fan la cual cada argumento debe recibir un solo papel tem\u00e1tico y cada papel-0 debe asignarse a un solo argumento. Es decir, la relaci\u00f3n entre los papeles -0 y los argumentos es biun\u00edvoca o de uno a uno. Un argumento es una entidad a la que se le puede asociar un papel tem\u00e1tico y que puede tener una relaci\u00f3n sem\u00e1ntico-funcional con un asignador de papel-0, esto es, un elemento que satura una relaci\u00f3n de predicaci\u00f3n. Por ello, se consideran argumentos los sintagmas nominales en todas sus variantes; nombres, pronombres, an\u00e1foras, etc.  como es una parte de un todo, la teor\u00eda tem\u00e1tica se estudia dentro del \u00e1mbito de una teor\u00eda m\u00e1s general denominada teor\u00eda de principios y par\u00e1metros de manera que hacemos muchas referencias a las otras teor\u00edas que componen este m\u00f3dulo general y que interact\u00faan directa e indirectamente con la teor\u00eda tem\u00e1tica como, por ejemplo, la teor\u00eda del caso, teor\u00eda de recci\u00f3n, teor\u00eda de ligamiento, teor\u00eda de las huellas, etc.  a nuestro modo de ver, no es plausible analizar una teor\u00eda sin buscar su aplicabilidad a un caso concreto. Por tanto, intentamos aplicar esta teor\u00eda a un conjunto de verbos espa\u00f1oles clasificados de acuerdo con su capacidad l\u00e9xica de seleccionar argumentos externos e internos en funci\u00f3n de la asignaci\u00f3n de los papeles tem\u00e1ticos correspondientes a c<\/p>\n<p>&nbsp;<\/p>\n<h3>Datos acad\u00e9micos de la tesis doctoral \u00ab<strong>La teor\u00eda tem\u00e1tica y su aplicaci\u00f3n al verbo espa\u00f1ol<\/strong>\u00ab<\/h3>\n<ul>\n<li><strong>T\u00edtulo de la tesis:<\/strong>\u00a0 La teor\u00eda tem\u00e1tica y su aplicaci\u00f3n al verbo espa\u00f1ol <\/li>\n<li><strong>Autor:<\/strong>\u00a0 Sallam Sayeo Abdelkwi <\/li>\n<li><strong>Universidad:<\/strong>\u00a0 Salamanca<\/li>\n<li><strong>Fecha de lectura de la tesis:<\/strong>\u00a0 24\/03\/2002<\/li>\n<\/ul>\n<p>&nbsp;<\/p>\n<h3>Direcci\u00f3n y tribunal<\/h3>\n<ul>\n<li><strong>Director de la tesis<\/strong>\n<ul>\n<li>Jes\u00fas Fern\u00e1ndez Gonz\u00e1lez<\/li>\n<\/ul>\n<\/li>\n<li><strong>Tribunal<\/strong>\n<ul>\n<li>Presidente del tribunal: julio Dorriego nieto <\/li>\n<li>ascensi\u00f3n G\u00f3mez Garc\u00eda (vocal)<\/li>\n<li>Javier De Santiago cuervos (vocal)<\/li>\n<li>salvador Guti\u00e9rrez ord\u00f3\u00f1ez (vocal)<\/li>\n<\/ul>\n<\/li>\n<\/ul>\n<p>&nbsp;<\/p>\n","protected":false},"excerpt":{"rendered":"<p>Tesis doctoral de Sallam Sayeo Abdelkwi El objetivo principal de este trabajo es estudiar los argumentos verbales dentro del marco [&hellip;]<\/p>\n","protected":false},"author":1,"featured_media":0,"comment_status":"open","ping_status":"open","sticky":false,"template":"","format":"standard","meta":{"site-sidebar-layout":"default","site-content-layout":"","ast-site-content-layout":"","site-content-style":"default","site-sidebar-style":"default","ast-global-header-display":"","ast-banner-title-visibility":"","ast-main-header-display":"","ast-hfb-above-header-display":"","ast-hfb-below-header-display":"","ast-hfb-mobile-header-display":"","site-post-title":"","ast-breadcrumbs-content":"","ast-featured-img":"","footer-sml-layout":"","theme-transparent-header-meta":"","adv-header-id-meta":"","stick-header-meta":"","header-above-stick-meta":"","header-main-stick-meta":"","header-below-stick-meta":"","astra-migrate-meta-layouts":"default","ast-page-background-enabled":"default","ast-page-background-meta":{"desktop":{"background-color":"var(--ast-global-color-4)","background-image":"","background-repeat":"repeat","background-position":"center center","background-size":"auto","background-attachment":"scroll","background-type":"","background-media":"","overlay-type":"","overlay-color":"","overlay-gradient":""},"tablet":{"background-color":"","background-image":"","background-repeat":"repeat","background-position":"center center","background-size":"auto","background-attachment":"scroll","background-type":"","background-media":"","overlay-type":"","overlay-color":"","overlay-gradient":""},"mobile":{"background-color":"","background-image":"","background-repeat":"repeat","background-position":"center center","background-size":"auto","background-attachment":"scroll","background-type":"","background-media":"","overlay-type":"","overlay-color":"","overlay-gradient":""}},"ast-content-background-meta":{"desktop":{"background-color":"var(--ast-global-color-5)","background-image":"","background-repeat":"repeat","background-position":"center center","background-size":"auto","background-attachment":"scroll","background-type":"","background-media":"","overlay-type":"","overlay-color":"","overlay-gradient":""},"tablet":{"background-color":"var(--ast-global-color-5)","background-image":"","background-repeat":"repeat","background-position":"center center","background-size":"auto","background-attachment":"scroll","background-type":"","background-media":"","overlay-type":"","overlay-color":"","overlay-gradient":""},"mobile":{"background-color":"var(--ast-global-color-5)","background-image":"","background-repeat":"repeat","background-position":"center center","background-size":"auto","background-attachment":"scroll","background-type":"","background-media":"","overlay-type":"","overlay-color":"","overlay-gradient":""}},"footnotes":""},"categories":[9386],"tags":[38678,51446,31032,51445,51444,3018],"class_list":["post-16252","post","type-post","status-publish","format-standard","hentry","category-salamanca","tag-ascension-gomez-garcia","tag-javier-de-santiago-cuervos","tag-jesus-fernandez-gonzalez","tag-julio-dorriego-nieto","tag-sallam-sayeo-abdelkwi","tag-salvador-gutierrez-ordonez"],"_links":{"self":[{"href":"https:\/\/www.deberes.net\/tesis\/wp-json\/wp\/v2\/posts\/16252","targetHints":{"allow":["GET"]}}],"collection":[{"href":"https:\/\/www.deberes.net\/tesis\/wp-json\/wp\/v2\/posts"}],"about":[{"href":"https:\/\/www.deberes.net\/tesis\/wp-json\/wp\/v2\/types\/post"}],"author":[{"embeddable":true,"href":"https:\/\/www.deberes.net\/tesis\/wp-json\/wp\/v2\/users\/1"}],"replies":[{"embeddable":true,"href":"https:\/\/www.deberes.net\/tesis\/wp-json\/wp\/v2\/comments?post=16252"}],"version-history":[{"count":0,"href":"https:\/\/www.deberes.net\/tesis\/wp-json\/wp\/v2\/posts\/16252\/revisions"}],"wp:attachment":[{"href":"https:\/\/www.deberes.net\/tesis\/wp-json\/wp\/v2\/media?parent=16252"}],"wp:term":[{"taxonomy":"category","embeddable":true,"href":"https:\/\/www.deberes.net\/tesis\/wp-json\/wp\/v2\/categories?post=16252"},{"taxonomy":"post_tag","embeddable":true,"href":"https:\/\/www.deberes.net\/tesis\/wp-json\/wp\/v2\/tags?post=16252"}],"curies":[{"name":"wp","href":"https:\/\/api.w.org\/{rel}","templated":true}]}}