{"id":16261,"date":"2018-03-09T09:03:47","date_gmt":"2018-03-09T09:03:47","guid":{"rendered":"https:\/\/www.deberes.net\/tesis\/sin-categoria\/diseno-e-implementacion-de-un-programa-de-habilidades-de-vida-en-la-ensenanza-primaria\/"},"modified":"2018-03-09T09:03:47","modified_gmt":"2018-03-09T09:03:47","slug":"diseno-e-implementacion-de-un-programa-de-habilidades-de-vida-en-la-ensenanza-primaria","status":"publish","type":"post","link":"https:\/\/www.deberes.net\/tesis\/pedagogia\/diseno-e-implementacion-de-un-programa-de-habilidades-de-vida-en-la-ensenanza-primaria\/","title":{"rendered":"Dise\u00f1o e implementaci\u00f3n de un programa de habilidades de vida en la ense\u00f1anza primaria"},"content":{"rendered":"<h2>Tesis doctoral de <strong>  Remolar Arnau M. \u00e1ngeles <\/strong><\/h2>\n<p>La presente investigaci\u00f3n, pretende ser una aportaci\u00f3n novedosa a la pr\u00e1ctica educativa.  desde un planteamiento te\u00f3rico de las habilidades de vida de p, smith y del programa de din\u00e1mica de vida de d. Muller, hemos hecho una selecci\u00f3n de las mismas para adaptaras a nuestro contexto y espec\u00edficamente al contexto escolar en los tres ciclos de ense\u00f1anza primaria.  se procede a dise\u00f1ar, implementar y evaluar un programa de habilidades de vida, que contiene 10 habilidades en el primer ciclo, 16 en el segundo ciclo y 43 en el ciclo de ense\u00f1anza primaria. Dicho programa ha sido evaluado a trav\u00e9s del informe de manera eficaz y el material es perfectamente adaptable a otros contextos escolares.  en un programa en el que entendemos el aprendizaje de las habilidades de vida en un proceso de integraci\u00f3n que se manifiesta exteriormente por los componentes observables a una estructura cognitiva y cuyas principales caracter\u00edsticas son su infusi\u00f3n curricular, ya que las habilidades de vida est\u00e1n implementadas dentro de los contenidos del d.C.B para su programaci\u00f3n en el aula, y su evaluaci\u00f3n de car\u00e1cter pedag\u00f3gico y curricular, siguiendo en todo momento el proceso de ense\u00f1anza-aprendizaje del alumno\/a dentro de las bandas horarias marcadas por ley para la educaci\u00f3n primaria.<\/p>\n<p>&nbsp;<\/p>\n<h3>Datos acad\u00e9micos de la tesis doctoral \u00ab<strong>Dise\u00f1o e implementaci\u00f3n de un programa de habilidades de vida en la ense\u00f1anza primaria<\/strong>\u00ab<\/h3>\n<ul>\n<li><strong>T\u00edtulo de la tesis:<\/strong>\u00a0 Dise\u00f1o e implementaci\u00f3n de un programa de habilidades de vida en la ense\u00f1anza primaria <\/li>\n<li><strong>Autor:<\/strong>\u00a0  Remolar Arnau M. \u00e1ngeles <\/li>\n<li><strong>Universidad:<\/strong>\u00a0 Jaume i de castell\u00f3n<\/li>\n<li><strong>Fecha de lectura de la tesis:<\/strong>\u00a0 26\/03\/2002<\/li>\n<\/ul>\n<p>&nbsp;<\/p>\n<h3>Direcci\u00f3n y tribunal<\/h3>\n<ul>\n<li><strong>Director de la tesis<\/strong>\n<ul>\n<li>Jos\u00e9 Manuel Gil Beltran<\/li>\n<\/ul>\n<\/li>\n<li><strong>Tribunal<\/strong>\n<ul>\n<li>Presidente del tribunal: eliseo alfonso Barca lozano <\/li>\n<li>gonzalo Marrero rodr\u00edguez (vocal)<\/li>\n<li>rosana Clemente estevan (vocal)<\/li>\n<li>consuelo Cervi\u00f1o vazquez (vocal)<\/li>\n<\/ul>\n<\/li>\n<\/ul>\n<p>&nbsp;<\/p>\n","protected":false},"excerpt":{"rendered":"<p>Tesis doctoral de Remolar Arnau M. \u00e1ngeles La presente investigaci\u00f3n, pretende ser una aportaci\u00f3n novedosa a la pr\u00e1ctica educativa. desde [&hellip;]<\/p>\n","protected":false},"author":1,"featured_media":0,"comment_status":"open","ping_status":"open","sticky":false,"template":"","format":"standard","meta":{"site-sidebar-layout":"default","site-content-layout":"","ast-site-content-layout":"","site-content-style":"default","site-sidebar-style":"default","ast-global-header-display":"","ast-banner-title-visibility":"","ast-main-header-display":"","ast-hfb-above-header-display":"","ast-hfb-below-header-display":"","ast-hfb-mobile-header-display":"","site-post-title":"","ast-breadcrumbs-content":"","ast-featured-img":"","footer-sml-layout":"","theme-transparent-header-meta":"","adv-header-id-meta":"","stick-header-meta":"","header-above-stick-meta":"","header-main-stick-meta":"","header-below-stick-meta":"","astra-migrate-meta-layouts":"default","ast-page-background-enabled":"default","ast-page-background-meta":{"desktop":{"background-color":"var(--ast-global-color-4)","background-image":"","background-repeat":"repeat","background-position":"center center","background-size":"auto","background-attachment":"scroll","background-type":"","background-media":"","overlay-type":"","overlay-color":"","overlay-gradient":""},"tablet":{"background-color":"","background-image":"","background-repeat":"repeat","background-position":"center center","background-size":"auto","background-attachment":"scroll","background-type":"","background-media":"","overlay-type":"","overlay-color":"","overlay-gradient":""},"mobile":{"background-color":"","background-image":"","background-repeat":"repeat","background-position":"center center","background-size":"auto","background-attachment":"scroll","background-type":"","background-media":"","overlay-type":"","overlay-color":"","overlay-gradient":""}},"ast-content-background-meta":{"desktop":{"background-color":"var(--ast-global-color-5)","background-image":"","background-repeat":"repeat","background-position":"center center","background-size":"auto","background-attachment":"scroll","background-type":"","background-media":"","overlay-type":"","overlay-color":"","overlay-gradient":""},"tablet":{"background-color":"var(--ast-global-color-5)","background-image":"","background-repeat":"repeat","background-position":"center center","background-size":"auto","background-attachment":"scroll","background-type":"","background-media":"","overlay-type":"","overlay-color":"","overlay-gradient":""},"mobile":{"background-color":"var(--ast-global-color-5)","background-image":"","background-repeat":"repeat","background-position":"center center","background-size":"auto","background-attachment":"scroll","background-type":"","background-media":"","overlay-type":"","overlay-color":"","overlay-gradient":""}},"footnotes":""},"categories":[2623,6020,18725,1184,1141,1341],"tags":[51473,21321,26145,26884,51471,51472],"class_list":["post-16261","post","type-post","status-publish","format-standard","hentry","category-educacion-basica","category-evaluacion-de-alumnos","category-jaume-i-de-castellon","category-organizacion-y-planificacion-de-la-educacion","category-pedagogia","category-teoria-y-metodos-educativos","tag-consuelo-cervino-vazquez","tag-eliseo-alfonso-barca-lozano","tag-gonzalo-marrero-rodriguez","tag-jose-manuel-gil-beltran","tag-remolar-arnau-m-angeles","tag-rosana-clemente-estevan"],"_links":{"self":[{"href":"https:\/\/www.deberes.net\/tesis\/wp-json\/wp\/v2\/posts\/16261","targetHints":{"allow":["GET"]}}],"collection":[{"href":"https:\/\/www.deberes.net\/tesis\/wp-json\/wp\/v2\/posts"}],"about":[{"href":"https:\/\/www.deberes.net\/tesis\/wp-json\/wp\/v2\/types\/post"}],"author":[{"embeddable":true,"href":"https:\/\/www.deberes.net\/tesis\/wp-json\/wp\/v2\/users\/1"}],"replies":[{"embeddable":true,"href":"https:\/\/www.deberes.net\/tesis\/wp-json\/wp\/v2\/comments?post=16261"}],"version-history":[{"count":0,"href":"https:\/\/www.deberes.net\/tesis\/wp-json\/wp\/v2\/posts\/16261\/revisions"}],"wp:attachment":[{"href":"https:\/\/www.deberes.net\/tesis\/wp-json\/wp\/v2\/media?parent=16261"}],"wp:term":[{"taxonomy":"category","embeddable":true,"href":"https:\/\/www.deberes.net\/tesis\/wp-json\/wp\/v2\/categories?post=16261"},{"taxonomy":"post_tag","embeddable":true,"href":"https:\/\/www.deberes.net\/tesis\/wp-json\/wp\/v2\/tags?post=16261"}],"curies":[{"name":"wp","href":"https:\/\/api.w.org\/{rel}","templated":true}]}}