{"id":16273,"date":"2002-03-04T00:00:00","date_gmt":"2002-03-04T00:00:00","guid":{"rendered":"https:\/\/www.deberes.net\/tesis\/sin-categoria\/la-nobleza-gallega-entre-los-siglos-xiv-y-xvi-los-sarmiento-condes-de-ribadavia\/"},"modified":"2002-03-04T00:00:00","modified_gmt":"2002-03-04T00:00:00","slug":"la-nobleza-gallega-entre-los-siglos-xiv-y-xvi-los-sarmiento-condes-de-ribadavia","status":"publish","type":"post","link":"https:\/\/www.deberes.net\/tesis\/historia\/la-nobleza-gallega-entre-los-siglos-xiv-y-xvi-los-sarmiento-condes-de-ribadavia\/","title":{"rendered":"La nobleza gallega entre los siglos xiv y xvi: los sarmiento, condes de ribadavia"},"content":{"rendered":"<h2>Tesis doctoral de <strong> Gonzalo Francisco Fern\u00e1ndez Su\u00e1rez <\/strong><\/h2>\n<p>La presente tesis doctoral aborda el an\u00e1lisis de un linaje de la nueva nobleza surgida a raiz de la guerra civil castellana de 1366-1369. El marco cronol\u00f3gico comprende, como se indica en el t\u00edtulo, entre mediados del siglo xiv (reinado de pedro i) hasta finales del siglo xvi (reinado de felipe ii). Hemos dividido nuestra investigaci\u00f3n en dos partes bien diferenciadas.  la primera de ellas se dedica a un estudio de esta familia a trav\u00e9s de sus distintos titulares en cada momento. El punto de partida se ha centrado en rastrear sus inicios en la periferia de la meseta norte, de donde son originarios, con un especial inter\u00e9s por el estudio de su patrimonio inicial y su temprana implicaci\u00f3n en las luchas pol\u00edticas del momento. Es a partir de 1370 cuando asistimos a su despegue en la pir\u00e1mide nobiliar gracias a la generosidad del primer monarca trast\u00e1mara que ese mismo a\u00f1o nombra a pedro ruiz sarmiento adelantado mayor de galicia y en 1375 le concede el se\u00f1or\u00edo de las villas de ribadavias y santa marta de ortigueira. Sin embargo, la actuaci\u00f3n de este personaje y de sus inmediatos sucesores como delegados regios en galicia marcada por las violentas intromisiones en el seno de los se\u00f1or\u00edos episcopales y la pr\u00e1ctica de la encomienda mon\u00e1stica, provocan su progresiva suplantaci\u00f3n por el alcalde y el corregidor mayor de galicia. Es por esto que desde comienzos del siglo xv se observa una clara reorientaci\u00f3n de su juego pol\u00edtico que ahora se decanta por la participaci\u00f3n en las confrontaciones civiles que sacuden al reinado de castilla. Ello les reporta una nueva remesa de mercedes en forma de tierras, t\u00edtulo condal y la obtenci\u00f3n de juros situados sobre las rentas reales. Otro de sus planes comienza a cobrar sentido con la formaci\u00f3n de un incipiente se\u00f1or\u00edo en el \u00e1rea vallisoletana y la ampliaci\u00f3n  de su influencia sobre el \u00e1rea en la que se asientan sus posesiones gallegas.  la segunda mitad de esta centuria trae consi<\/p>\n<p>&nbsp;<\/p>\n<h3>Datos acad\u00e9micos de la tesis doctoral \u00ab<strong>La nobleza gallega entre los siglos xiv y xvi: los sarmiento, condes de ribadavia<\/strong>\u00ab<\/h3>\n<ul>\n<li><strong>T\u00edtulo de la tesis:<\/strong>\u00a0 La nobleza gallega entre los siglos xiv y xvi: los sarmiento, condes de ribadavia <\/li>\n<li><strong>Autor:<\/strong>\u00a0 Gonzalo Francisco Fern\u00e1ndez Su\u00e1rez <\/li>\n<li><strong>Universidad:<\/strong>\u00a0 Santiago de compostela<\/li>\n<li><strong>Fecha de lectura de la tesis:<\/strong>\u00a0 03\/04\/2002<\/li>\n<\/ul>\n<p>&nbsp;<\/p>\n<h3>Direcci\u00f3n y tribunal<\/h3>\n<ul>\n<li><strong>Director de la tesis<\/strong>\n<ul>\n<li> Toro Garcia Marcia Josefina<\/li>\n<\/ul>\n<\/li>\n<li><strong>Tribunal<\/strong>\n<ul>\n<li>Presidente del tribunal: Antonio Garc\u00eda Garc\u00eda <\/li>\n<li> Rios rodr\u00edguez mari luz (vocal)<\/li>\n<li>eduardo Jos\u00e9 Pardo de guevara valdes (vocal)<\/li>\n<li>pegerto Saavedra fernandez (vocal)<\/li>\n<\/ul>\n<\/li>\n<\/ul>\n<p>&nbsp;<\/p>\n","protected":false},"excerpt":{"rendered":"<p>Tesis doctoral de Gonzalo Francisco Fern\u00e1ndez Su\u00e1rez La presente tesis doctoral aborda el an\u00e1lisis de un linaje de la nueva [&hellip;]<\/p>\n","protected":false},"author":1,"featured_media":0,"comment_status":"open","ping_status":"open","sticky":false,"template":"","format":"standard","meta":{"site-sidebar-layout":"default","site-content-layout":"","ast-site-content-layout":"","site-content-style":"default","site-sidebar-style":"default","ast-global-header-display":"","ast-banner-title-visibility":"","ast-main-header-display":"","ast-hfb-above-header-display":"","ast-hfb-below-header-display":"","ast-hfb-mobile-header-display":"","site-post-title":"","ast-breadcrumbs-content":"","ast-featured-img":"","footer-sml-layout":"","theme-transparent-header-meta":"","adv-header-id-meta":"","stick-header-meta":"","header-above-stick-meta":"","header-main-stick-meta":"","header-below-stick-meta":"","astra-migrate-meta-layouts":"default","ast-page-background-enabled":"default","ast-page-background-meta":{"desktop":{"background-color":"var(--ast-global-color-4)","background-image":"","background-repeat":"repeat","background-position":"center center","background-size":"auto","background-attachment":"scroll","background-type":"","background-media":"","overlay-type":"","overlay-color":"","overlay-gradient":""},"tablet":{"background-color":"","background-image":"","background-repeat":"repeat","background-position":"center center","background-size":"auto","background-attachment":"scroll","background-type":"","background-media":"","overlay-type":"","overlay-color":"","overlay-gradient":""},"mobile":{"background-color":"","background-image":"","background-repeat":"repeat","background-position":"center center","background-size":"auto","background-attachment":"scroll","background-type":"","background-media":"","overlay-type":"","overlay-color":"","overlay-gradient":""}},"ast-content-background-meta":{"desktop":{"background-color":"var(--ast-global-color-5)","background-image":"","background-repeat":"repeat","background-position":"center center","background-size":"auto","background-attachment":"scroll","background-type":"","background-media":"","overlay-type":"","overlay-color":"","overlay-gradient":""},"tablet":{"background-color":"var(--ast-global-color-5)","background-image":"","background-repeat":"repeat","background-position":"center center","background-size":"auto","background-attachment":"scroll","background-type":"","background-media":"","overlay-type":"","overlay-color":"","overlay-gradient":""},"mobile":{"background-color":"var(--ast-global-color-5)","background-image":"","background-repeat":"repeat","background-position":"center center","background-size":"auto","background-attachment":"scroll","background-type":"","background-media":"","overlay-type":"","overlay-color":"","overlay-gradient":""}},"footnotes":""},"categories":[1624,104,119,220,4587,977],"tags":[2451,21159,51503,18952,51504,35965],"class_list":["post-16273","post","type-post","status-publish","format-standard","hentry","category-ciencias-auxiliares-de-la-historia","category-historia","category-historia-medieval","category-historia-por-epocas","category-paleografia","category-santiago-de-compostela","tag-antonio-garcia-garcia","tag-eduardo-jose-pardo-de-guevara-valdes","tag-gonzalo-francisco-fernandez-suarez","tag-pegerto-saavedra-fernandez","tag-rios-rodriguez-mari-luz","tag-toro-garcia-marcia-josefina"],"_links":{"self":[{"href":"https:\/\/www.deberes.net\/tesis\/wp-json\/wp\/v2\/posts\/16273","targetHints":{"allow":["GET"]}}],"collection":[{"href":"https:\/\/www.deberes.net\/tesis\/wp-json\/wp\/v2\/posts"}],"about":[{"href":"https:\/\/www.deberes.net\/tesis\/wp-json\/wp\/v2\/types\/post"}],"author":[{"embeddable":true,"href":"https:\/\/www.deberes.net\/tesis\/wp-json\/wp\/v2\/users\/1"}],"replies":[{"embeddable":true,"href":"https:\/\/www.deberes.net\/tesis\/wp-json\/wp\/v2\/comments?post=16273"}],"version-history":[{"count":0,"href":"https:\/\/www.deberes.net\/tesis\/wp-json\/wp\/v2\/posts\/16273\/revisions"}],"wp:attachment":[{"href":"https:\/\/www.deberes.net\/tesis\/wp-json\/wp\/v2\/media?parent=16273"}],"wp:term":[{"taxonomy":"category","embeddable":true,"href":"https:\/\/www.deberes.net\/tesis\/wp-json\/wp\/v2\/categories?post=16273"},{"taxonomy":"post_tag","embeddable":true,"href":"https:\/\/www.deberes.net\/tesis\/wp-json\/wp\/v2\/tags?post=16273"}],"curies":[{"name":"wp","href":"https:\/\/api.w.org\/{rel}","templated":true}]}}