{"id":16292,"date":"2002-05-04T00:00:00","date_gmt":"2002-05-04T00:00:00","guid":{"rendered":"https:\/\/www.deberes.net\/tesis\/sin-categoria\/la-intencionalidad-artistica-desde-richard-wollheim-filosofia-de-la-mente-y-estetica\/"},"modified":"2002-05-04T00:00:00","modified_gmt":"2002-05-04T00:00:00","slug":"la-intencionalidad-artistica-desde-richard-wollheim-filosofia-de-la-mente-y-estetica","status":"publish","type":"post","link":"https:\/\/www.deberes.net\/tesis\/filosofia\/la-intencionalidad-artistica-desde-richard-wollheim-filosofia-de-la-mente-y-estetica\/","title":{"rendered":"La intencionalidad artistica desde richard wollheim. filosofia de la mente y est\u00e9tica."},"content":{"rendered":"<h2>Tesis doctoral de <strong> Javier-eladio Guzman Villanueva <\/strong><\/h2>\n<p>Esta investigaci\u00f3n es un esfuerzo por aclarar el concepto \u00absignificado art\u00edstico\u00bb a partir del concepto \u00abintencionalidad artistica\u00bb partiendo de la obra de richard wollheim.  en la primera parte hemos justificado la centralidad de la nocion \u00abintencionalidad artistica\u00bb a trav\u00e9s del despliegue de ciertos aspectos de la metaf\u00edsica de la intentio, de la fenomenolog\u00eda,&#8230;, Y de la tradici\u00f3n anal\u00edtica.  en la segunda parte nos hemos centrado en la explicaci\u00f3n de wollheim del fen\u00f3meno pict\u00f3rico art\u00edstico, atendiendo, especialmente, a su perspectiva intencional.  y en la tercera parte hemos derivado el modelo intencional wollheimano hacia la delimitaci\u00f3n de los factores que conforman la agencia artistica, factores que conforman la agencia art\u00edstica, empleando tambi\u00e9n otros materiales te\u00f3ricos. En esta labor hemos analizado la constelaci\u00f3n conceptpual \u00abintencionalidad art\u00edstica\u00bb, hemos esbozado una anal\u00edtica intencional del significado art\u00edstico y nos hemos posicionado sobre la tesis antiintencional.  y todas nuestras consideraciones suponen la necesidad te\u00f3rica de aplicar a la figura del artista el concepto \u00absujeto\u00bb.<\/p>\n<p>&nbsp;<\/p>\n<h3>Datos acad\u00e9micos de la tesis doctoral \u00ab<strong>La intencionalidad artistica desde richard wollheim. filosofia de la mente y est\u00e9tica.<\/strong>\u00ab<\/h3>\n<ul>\n<li><strong>T\u00edtulo de la tesis:<\/strong>\u00a0 La intencionalidad artistica desde richard wollheim. filosofia de la mente y est\u00e9tica. <\/li>\n<li><strong>Autor:<\/strong>\u00a0 Javier-eladio Guzman Villanueva <\/li>\n<li><strong>Universidad:<\/strong>\u00a0 Barcelona<\/li>\n<li><strong>Fecha de lectura de la tesis:<\/strong>\u00a0 05\/04\/2002<\/li>\n<\/ul>\n<p>&nbsp;<\/p>\n<h3>Direcci\u00f3n y tribunal<\/h3>\n<ul>\n<li><strong>Director de la tesis<\/strong>\n<ul>\n<li>Gerard Vilar Roca<\/li>\n<\/ul>\n<\/li>\n<li><strong>Tribunal<\/strong>\n<ul>\n<li>Presidente del tribunal: manuel Cruz rodriguez <\/li>\n<li>pere Salabert sole (vocal)<\/li>\n<li>diego Ribes nicolas (vocal)<\/li>\n<li>montserrat Bordes solanas (vocal)<\/li>\n<\/ul>\n<\/li>\n<\/ul>\n<p>&nbsp;<\/p>\n","protected":false},"excerpt":{"rendered":"<p>Tesis doctoral de Javier-eladio Guzman Villanueva Esta investigaci\u00f3n es un esfuerzo por aclarar el concepto \u00absignificado art\u00edstico\u00bb a partir del [&hellip;]<\/p>\n","protected":false},"author":1,"featured_media":0,"comment_status":"open","ping_status":"open","sticky":false,"template":"","format":"standard","meta":{"site-sidebar-layout":"default","site-content-layout":"","ast-site-content-layout":"","site-content-style":"default","site-sidebar-style":"default","ast-global-header-display":"","ast-banner-title-visibility":"","ast-main-header-display":"","ast-hfb-above-header-display":"","ast-hfb-below-header-display":"","ast-hfb-mobile-header-display":"","site-post-title":"","ast-breadcrumbs-content":"","ast-featured-img":"","footer-sml-layout":"","theme-transparent-header-meta":"","adv-header-id-meta":"","stick-header-meta":"","header-above-stick-meta":"","header-main-stick-meta":"","header-below-stick-meta":"","astra-migrate-meta-layouts":"default","ast-page-background-enabled":"default","ast-page-background-meta":{"desktop":{"background-color":"var(--ast-global-color-4)","background-image":"","background-repeat":"repeat","background-position":"center center","background-size":"auto","background-attachment":"scroll","background-type":"","background-media":"","overlay-type":"","overlay-color":"","overlay-gradient":""},"tablet":{"background-color":"","background-image":"","background-repeat":"repeat","background-position":"center center","background-size":"auto","background-attachment":"scroll","background-type":"","background-media":"","overlay-type":"","overlay-color":"","overlay-gradient":""},"mobile":{"background-color":"","background-image":"","background-repeat":"repeat","background-position":"center center","background-size":"auto","background-attachment":"scroll","background-type":"","background-media":"","overlay-type":"","overlay-color":"","overlay-gradient":""}},"ast-content-background-meta":{"desktop":{"background-color":"var(--ast-global-color-5)","background-image":"","background-repeat":"repeat","background-position":"center center","background-size":"auto","background-attachment":"scroll","background-type":"","background-media":"","overlay-type":"","overlay-color":"","overlay-gradient":""},"tablet":{"background-color":"var(--ast-global-color-5)","background-image":"","background-repeat":"repeat","background-position":"center center","background-size":"auto","background-attachment":"scroll","background-type":"","background-media":"","overlay-type":"","overlay-color":"","overlay-gradient":""},"mobile":{"background-color":"var(--ast-global-color-5)","background-image":"","background-repeat":"repeat","background-position":"center center","background-size":"auto","background-attachment":"scroll","background-type":"","background-media":"","overlay-type":"","overlay-color":"","overlay-gradient":""}},"footnotes":""},"categories":[960,951,10452,165],"tags":[51552,20219,51551,1082,19754,34180],"class_list":["post-16292","post","type-post","status-publish","format-standard","hentry","category-antropologia-filosofica","category-barcelona","category-estetica","category-filosofia","tag-diego-ribes-nicolas","tag-gerard-vilar-roca","tag-javier-eladio-guzman-villanueva","tag-manuel-cruz-rodriguez","tag-montserrat-bordes-solanas","tag-pere-salabert-sole"],"_links":{"self":[{"href":"https:\/\/www.deberes.net\/tesis\/wp-json\/wp\/v2\/posts\/16292","targetHints":{"allow":["GET"]}}],"collection":[{"href":"https:\/\/www.deberes.net\/tesis\/wp-json\/wp\/v2\/posts"}],"about":[{"href":"https:\/\/www.deberes.net\/tesis\/wp-json\/wp\/v2\/types\/post"}],"author":[{"embeddable":true,"href":"https:\/\/www.deberes.net\/tesis\/wp-json\/wp\/v2\/users\/1"}],"replies":[{"embeddable":true,"href":"https:\/\/www.deberes.net\/tesis\/wp-json\/wp\/v2\/comments?post=16292"}],"version-history":[{"count":0,"href":"https:\/\/www.deberes.net\/tesis\/wp-json\/wp\/v2\/posts\/16292\/revisions"}],"wp:attachment":[{"href":"https:\/\/www.deberes.net\/tesis\/wp-json\/wp\/v2\/media?parent=16292"}],"wp:term":[{"taxonomy":"category","embeddable":true,"href":"https:\/\/www.deberes.net\/tesis\/wp-json\/wp\/v2\/categories?post=16292"},{"taxonomy":"post_tag","embeddable":true,"href":"https:\/\/www.deberes.net\/tesis\/wp-json\/wp\/v2\/tags?post=16292"}],"curies":[{"name":"wp","href":"https:\/\/api.w.org\/{rel}","templated":true}]}}