{"id":16309,"date":"2002-05-04T00:00:00","date_gmt":"2002-05-04T00:00:00","guid":{"rendered":"https:\/\/www.deberes.net\/tesis\/sin-categoria\/las-migraciones-internas-en-colombia-analisis-territorial-y-demografico-segun-los-censos-de-1973-y-1993\/"},"modified":"2002-05-04T00:00:00","modified_gmt":"2002-05-04T00:00:00","slug":"las-migraciones-internas-en-colombia-analisis-territorial-y-demografico-segun-los-censos-de-1973-y-1993","status":"publish","type":"post","link":"https:\/\/www.deberes.net\/tesis\/demografia\/las-migraciones-internas-en-colombia-analisis-territorial-y-demografico-segun-los-censos-de-1973-y-1993\/","title":{"rendered":"Las migraciones internas en colombia. an\u00e1lisis territorial y demogr\u00e1fico seg\u00fan los censos de 1973 y 1993"},"content":{"rendered":"<h2>Tesis doctoral de <strong>  Mart\u00ednez G\u00f3mez Ciro Leonardo <\/strong><\/h2>\n<p>Los procesos de descentralizaci\u00f3n y focalizaci\u00f3n que se adelantan en colombia plantean necesidades crecientes de estimaciones demogr\u00e1ficas desagregadas, pero existen grandes vac\u00edos en informaci\u00f3n e investigaci\u00f3n demogr\u00e1fica, principalmente la referencia a la migraci\u00f3n. El presente estudio se propone: contribuir a llenar los vac\u00edos, propiciando el aprovechamiento  integral de la informaci\u00f3n de los censos de 1973 y 1993 disponible en microdatos; establecer bases de referencia para el an\u00e1lisis del censo del 2003 y aplicar l\u00edneas conceptuales y metodol\u00f3gicas novedosas en el an\u00e1lisis de la migraci\u00f3n y la movilidad de la poblaci\u00f3n.  mediante la comparaci\u00f3n de acumulados de no nativos y de migraci\u00f3n \u00abreciente\u00bb para los dos censos, se examina la distribuci\u00f3n territorial de los flujos migratorios y el balance migratorio departamental, se definen \u00e1reas de relaci\u00f3n migratoria interna. Se verifica la gran concentraci\u00f3n de flujos en s\u00f3lo tres focos de atracci\u00f3n que concentran tambi\u00e9n la actividad industrial, comercial y administrativa. Los departamentos expulsores son de agricultura minifundista. La regionalizaci\u00f3n migratoria coincide con las tradicionales regiones naturales y culturales que constituyen subsistemas migratorios muy endogenizados y reflejan la alta segmentaci\u00f3n geogr\u00e1fica, econ\u00f3mica, cultural y administrativa. Las caracter\u00edsticas territoriales de la migraci\u00f3n colombiana presentan relativa estabilidad en el per\u00edodo estudiado, a pesar de ser dos d\u00e9cadas de importantes cambios econ\u00f3micos y sociales. Sin embargo, se nota una leve tendencia a la desconcentraci\u00f3n, a la diversificaci\u00f3n de or\u00edgenes y destinos y al surgimiento de centros intermedios de atracci\u00f3n en \u00e1reas cercanas a las grandes ciudades, en las zonas de explotaci\u00f3n de carb\u00f3n y petr\u00f3leo y en zonas con cultivos il\u00edcitos.  el an\u00e1lisis de las caracter\u00edsticas demogr\u00e1ficas de la migraci\u00f3n interna y su comparaci\u00f3n con los pa\u00edses desarroll<\/p>\n<p>&nbsp;<\/p>\n<h3>Datos acad\u00e9micos de la tesis doctoral \u00ab<strong>Las migraciones internas en colombia. an\u00e1lisis territorial y demogr\u00e1fico seg\u00fan los censos de 1973 y 1993<\/strong>\u00ab<\/h3>\n<ul>\n<li><strong>T\u00edtulo de la tesis:<\/strong>\u00a0 Las migraciones internas en colombia. an\u00e1lisis territorial y demogr\u00e1fico seg\u00fan los censos de 1973 y 1993 <\/li>\n<li><strong>Autor:<\/strong>\u00a0  Mart\u00ednez G\u00f3mez Ciro Leonardo <\/li>\n<li><strong>Universidad:<\/strong>\u00a0 Aut\u00f3noma de barcelona<\/li>\n<li><strong>Fecha de lectura de la tesis:<\/strong>\u00a0 05\/04\/2002<\/li>\n<\/ul>\n<p>&nbsp;<\/p>\n<h3>Direcci\u00f3n y tribunal<\/h3>\n<ul>\n<li><strong>Director de la tesis<\/strong>\n<ul>\n<li>Anna Cabr\u00e9 Pla<\/li>\n<\/ul>\n<\/li>\n<li><strong>Tribunal<\/strong>\n<ul>\n<li>Presidente del tribunal:  Pascual de sans angels <\/li>\n<li>robert Mccaa (vocal)<\/li>\n<li>eugenia Cosio-zavala Mar\u00eda (vocal)<\/li>\n<li>joaqu\u00edn Reca\u00f1o valverde (vocal)<\/li>\n<\/ul>\n<\/li>\n<\/ul>\n<p>&nbsp;<\/p>\n","protected":false},"excerpt":{"rendered":"<p>Tesis doctoral de Mart\u00ednez G\u00f3mez Ciro Leonardo Los procesos de descentralizaci\u00f3n y focalizaci\u00f3n que se adelantan en colombia plantean necesidades [&hellip;]<\/p>\n","protected":false},"author":1,"featured_media":0,"comment_status":"open","ping_status":"open","sticky":false,"template":"","format":"standard","meta":{"site-sidebar-layout":"default","site-content-layout":"","ast-site-content-layout":"","site-content-style":"default","site-sidebar-style":"default","ast-global-header-display":"","ast-banner-title-visibility":"","ast-main-header-display":"","ast-hfb-above-header-display":"","ast-hfb-below-header-display":"","ast-hfb-mobile-header-display":"","site-post-title":"","ast-breadcrumbs-content":"","ast-featured-img":"","footer-sml-layout":"","theme-transparent-header-meta":"","adv-header-id-meta":"","stick-header-meta":"","header-above-stick-meta":"","header-main-stick-meta":"","header-below-stick-meta":"","astra-migrate-meta-layouts":"default","ast-page-background-enabled":"default","ast-page-background-meta":{"desktop":{"background-color":"var(--ast-global-color-4)","background-image":"","background-repeat":"repeat","background-position":"center center","background-size":"auto","background-attachment":"scroll","background-type":"","background-media":"","overlay-type":"","overlay-color":"","overlay-gradient":""},"tablet":{"background-color":"","background-image":"","background-repeat":"repeat","background-position":"center center","background-size":"auto","background-attachment":"scroll","background-type":"","background-media":"","overlay-type":"","overlay-color":"","overlay-gradient":""},"mobile":{"background-color":"","background-image":"","background-repeat":"repeat","background-position":"center center","background-size":"auto","background-attachment":"scroll","background-type":"","background-media":"","overlay-type":"","overlay-color":"","overlay-gradient":""}},"ast-content-background-meta":{"desktop":{"background-color":"var(--ast-global-color-5)","background-image":"","background-repeat":"repeat","background-position":"center center","background-size":"auto","background-attachment":"scroll","background-type":"","background-media":"","overlay-type":"","overlay-color":"","overlay-gradient":""},"tablet":{"background-color":"var(--ast-global-color-5)","background-image":"","background-repeat":"repeat","background-position":"center center","background-size":"auto","background-attachment":"scroll","background-type":"","background-media":"","overlay-type":"","overlay-color":"","overlay-gradient":""},"mobile":{"background-color":"var(--ast-global-color-5)","background-image":"","background-repeat":"repeat","background-position":"center center","background-size":"auto","background-attachment":"scroll","background-type":"","background-media":"","overlay-type":"","overlay-color":"","overlay-gradient":""}},"footnotes":""},"categories":[1066,46845,1353,51598,17191,7819,17190],"tags":[34104,51602,51603,51599,51600,51601],"class_list":["post-16309","post","type-post","status-publish","format-standard","hentry","category-demografia","category-demografia-general","category-demografia-geografica","category-metodologia-de-la-investigacion-demografica","category-modelos-de-poblacion","category-movilidad-y-migraciones-interiores","category-tamano-de-la-poblacion-y-evolucion-demografica","tag-anna-cabre-pla","tag-eugenia-cosio-zavala-maria","tag-joaquin-recano-valverde","tag-Martinez-gomez-ciro-leonardo","tag-pascual-de-sans-angels","tag-robert-mccaa"],"_links":{"self":[{"href":"https:\/\/www.deberes.net\/tesis\/wp-json\/wp\/v2\/posts\/16309","targetHints":{"allow":["GET"]}}],"collection":[{"href":"https:\/\/www.deberes.net\/tesis\/wp-json\/wp\/v2\/posts"}],"about":[{"href":"https:\/\/www.deberes.net\/tesis\/wp-json\/wp\/v2\/types\/post"}],"author":[{"embeddable":true,"href":"https:\/\/www.deberes.net\/tesis\/wp-json\/wp\/v2\/users\/1"}],"replies":[{"embeddable":true,"href":"https:\/\/www.deberes.net\/tesis\/wp-json\/wp\/v2\/comments?post=16309"}],"version-history":[{"count":0,"href":"https:\/\/www.deberes.net\/tesis\/wp-json\/wp\/v2\/posts\/16309\/revisions"}],"wp:attachment":[{"href":"https:\/\/www.deberes.net\/tesis\/wp-json\/wp\/v2\/media?parent=16309"}],"wp:term":[{"taxonomy":"category","embeddable":true,"href":"https:\/\/www.deberes.net\/tesis\/wp-json\/wp\/v2\/categories?post=16309"},{"taxonomy":"post_tag","embeddable":true,"href":"https:\/\/www.deberes.net\/tesis\/wp-json\/wp\/v2\/tags?post=16309"}],"curies":[{"name":"wp","href":"https:\/\/api.w.org\/{rel}","templated":true}]}}