{"id":16310,"date":"2002-05-04T00:00:00","date_gmt":"2002-05-04T00:00:00","guid":{"rendered":"https:\/\/www.deberes.net\/tesis\/sin-categoria\/factores-condicionantes-de-la-creacion-de-empresas-en-puerto-rico-un-enfoque-institucional\/"},"modified":"2002-05-04T00:00:00","modified_gmt":"2002-05-04T00:00:00","slug":"factores-condicionantes-de-la-creacion-de-empresas-en-puerto-rico-un-enfoque-institucional","status":"publish","type":"post","link":"https:\/\/www.deberes.net\/tesis\/ciencias-economicas\/factores-condicionantes-de-la-creacion-de-empresas-en-puerto-rico-un-enfoque-institucional\/","title":{"rendered":"Factores condicionantes de la creaci\u00f3n de empresas en puerto rico: un enfoque institucional"},"content":{"rendered":"<h2>Tesis doctoral de <strong> Marines Aponte Garcia <\/strong><\/h2>\n<p>En esta investigaci\u00f3n se aplica el an\u00e1lisis institucional al estudio de la creaci\u00f3n de empresas en puerto rico. El estudio fue estructurado en tres niveles de an\u00e1lisis:  1,- el marco macro econ\u00f3mico de la estructura de los establecimientos comerciales y la creaci\u00f3n de empresas.  2,- el estudio de los factores condicionantes formales.  3,- el estudio de los factores condicionantes informales.  en los tres niveles de an\u00e1lisis se aplic\u00f3 una metodolog\u00eda cuantitativa, aunque la fase de entrevistas personales que se incluy\u00f3 en el segundo nivel de an\u00e1lisis provey\u00f3 un toque cualitativo al estudio.  en la primera fase de la investigaci\u00f3n se analiz\u00f3 la estructura de los establecimientos comerciales categorizados por tama\u00f1o seg\u00fan el n\u00famero de empleados, as\u00ed como la tendencia del nivel de actividad en la creaci\u00f3n de empresas en las \u00faltimas dos d\u00e9cadas y la relaci\u00f3n entre la creaci\u00f3n de empresas y una serie de indicadores macro econ\u00f3micos seleccionados. el indicador de nivel de actividad en la creaci\u00f3n de empresas se calcul\u00f3 como la tasa de crecimiento anual en el n\u00famero de establecimientos. Las estad\u00edsticas de establecimiento comerciales se obtuvieron de la base de datos del censo econ\u00f3mico para puerto rico.  el objetivo del segundo nivel de an\u00e1lisis fue determinar cu\u00e1l es el entorno institucional formal relacionado con la creaci\u00f3n de empresas en puerto rico. En esta fase se recopil\u00f3 informaci\u00f3n detallada de las leyes, los reglamentos, las entidades reguladoras y las organizaciones concernientes. como parte de esta segunda fase tambi\u00e9n se estudi\u00f3 el conocimiento y valoraci\u00f3n que tienen los empresarios fundadores de empresas nuevas sobre las organizaciones y los servicios de apoyo. Empresas nuevas fueron definidas como aquellas fundadas hace cinco a\u00f1os o menos. Se realizaron entrevistas a una muestra de 50 empresarios.  el tercer nivel de la investigaci\u00f3n estuvo dirigido al an\u00e1lisis de las percepciones y<\/p>\n<p>&nbsp;<\/p>\n<h3>Datos acad\u00e9micos de la tesis doctoral \u00ab<strong>Factores condicionantes de la creaci\u00f3n de empresas en puerto rico: un enfoque institucional<\/strong>\u00ab<\/h3>\n<ul>\n<li><strong>T\u00edtulo de la tesis:<\/strong>\u00a0 Factores condicionantes de la creaci\u00f3n de empresas en puerto rico: un enfoque institucional <\/li>\n<li><strong>Autor:<\/strong>\u00a0 Marines Aponte Garcia <\/li>\n<li><strong>Universidad:<\/strong>\u00a0 Aut\u00f3noma de barcelona<\/li>\n<li><strong>Fecha de lectura de la tesis:<\/strong>\u00a0 05\/04\/2002<\/li>\n<\/ul>\n<p>&nbsp;<\/p>\n<h3>Direcci\u00f3n y tribunal<\/h3>\n<ul>\n<li><strong>Director de la tesis<\/strong>\n<ul>\n<li>Jos\u00e9 Mar\u00eda Veciana Verges<\/li>\n<\/ul>\n<\/li>\n<li><strong>Tribunal<\/strong>\n<ul>\n<li>Presidente del tribunal: enric Genesca garrigosa <\/li>\n<li>Francisco Tarrago sabate (vocal)<\/li>\n<li>francesc Sol\u00e9 parellada (vocal)<\/li>\n<li>rosa Mar\u00eda Batista canino (vocal)<\/li>\n<\/ul>\n<\/li>\n<\/ul>\n<p>&nbsp;<\/p>\n","protected":false},"excerpt":{"rendered":"<p>Tesis doctoral de Marines Aponte Garcia En esta investigaci\u00f3n se aplica el an\u00e1lisis institucional al estudio de la creaci\u00f3n de [&hellip;]<\/p>\n","protected":false},"author":1,"featured_media":0,"comment_status":"open","ping_status":"open","sticky":false,"template":"","format":"standard","meta":{"site-sidebar-layout":"default","site-content-layout":"","ast-site-content-layout":"","site-content-style":"default","site-sidebar-style":"default","ast-global-header-display":"","ast-banner-title-visibility":"","ast-main-header-display":"","ast-hfb-above-header-display":"","ast-hfb-below-header-display":"","ast-hfb-mobile-header-display":"","site-post-title":"","ast-breadcrumbs-content":"","ast-featured-img":"","footer-sml-layout":"","theme-transparent-header-meta":"","adv-header-id-meta":"","stick-header-meta":"","header-above-stick-meta":"","header-main-stick-meta":"","header-below-stick-meta":"","astra-migrate-meta-layouts":"default","ast-page-background-enabled":"default","ast-page-background-meta":{"desktop":{"background-color":"var(--ast-global-color-4)","background-image":"","background-repeat":"repeat","background-position":"center center","background-size":"auto","background-attachment":"scroll","background-type":"","background-media":"","overlay-type":"","overlay-color":"","overlay-gradient":""},"tablet":{"background-color":"","background-image":"","background-repeat":"repeat","background-position":"center center","background-size":"auto","background-attachment":"scroll","background-type":"","background-media":"","overlay-type":"","overlay-color":"","overlay-gradient":""},"mobile":{"background-color":"","background-image":"","background-repeat":"repeat","background-position":"center center","background-size":"auto","background-attachment":"scroll","background-type":"","background-media":"","overlay-type":"","overlay-color":"","overlay-gradient":""}},"ast-content-background-meta":{"desktop":{"background-color":"var(--ast-global-color-5)","background-image":"","background-repeat":"repeat","background-position":"center center","background-size":"auto","background-attachment":"scroll","background-type":"","background-media":"","overlay-type":"","overlay-color":"","overlay-gradient":""},"tablet":{"background-color":"var(--ast-global-color-5)","background-image":"","background-repeat":"repeat","background-position":"center center","background-size":"auto","background-attachment":"scroll","background-type":"","background-media":"","overlay-type":"","overlay-color":"","overlay-gradient":""},"mobile":{"background-color":"var(--ast-global-color-5)","background-image":"","background-repeat":"repeat","background-position":"center center","background-size":"auto","background-attachment":"scroll","background-type":"","background-media":"","overlay-type":"","overlay-color":"","overlay-gradient":""}},"footnotes":""},"categories":[82,7607,910,1302],"tags":[25318,1307,12259,36657,51604,51605],"class_list":["post-16310","post","type-post","status-publish","format-standard","hentry","category-ciencias-economicas","category-economia-del-area-americana","category-economia-internacional","category-organizacion-y-gestion-de-empresas","tag-enric-genesca-garrigosa","tag-francesc-sole-parellada","tag-francisco-tarrago-sabate","tag-jose-maria-veciana-verges","tag-marines-aponte-garcia","tag-rosa-maria-batista-canino"],"_links":{"self":[{"href":"https:\/\/www.deberes.net\/tesis\/wp-json\/wp\/v2\/posts\/16310","targetHints":{"allow":["GET"]}}],"collection":[{"href":"https:\/\/www.deberes.net\/tesis\/wp-json\/wp\/v2\/posts"}],"about":[{"href":"https:\/\/www.deberes.net\/tesis\/wp-json\/wp\/v2\/types\/post"}],"author":[{"embeddable":true,"href":"https:\/\/www.deberes.net\/tesis\/wp-json\/wp\/v2\/users\/1"}],"replies":[{"embeddable":true,"href":"https:\/\/www.deberes.net\/tesis\/wp-json\/wp\/v2\/comments?post=16310"}],"version-history":[{"count":0,"href":"https:\/\/www.deberes.net\/tesis\/wp-json\/wp\/v2\/posts\/16310\/revisions"}],"wp:attachment":[{"href":"https:\/\/www.deberes.net\/tesis\/wp-json\/wp\/v2\/media?parent=16310"}],"wp:term":[{"taxonomy":"category","embeddable":true,"href":"https:\/\/www.deberes.net\/tesis\/wp-json\/wp\/v2\/categories?post=16310"},{"taxonomy":"post_tag","embeddable":true,"href":"https:\/\/www.deberes.net\/tesis\/wp-json\/wp\/v2\/tags?post=16310"}],"curies":[{"name":"wp","href":"https:\/\/api.w.org\/{rel}","templated":true}]}}