{"id":16323,"date":"2002-08-04T00:00:00","date_gmt":"2002-08-04T00:00:00","guid":{"rendered":"https:\/\/www.deberes.net\/tesis\/sin-categoria\/el-periodismo-en-la-era-electronica\/"},"modified":"2002-08-04T00:00:00","modified_gmt":"2002-08-04T00:00:00","slug":"el-periodismo-en-la-era-electronica","status":"publish","type":"post","link":"https:\/\/www.deberes.net\/tesis\/historia\/el-periodismo-en-la-era-electronica\/","title":{"rendered":"El periodismo en la era electr\u00f3nica"},"content":{"rendered":"<h2>Tesis doctoral de <strong> Ramon Vilari\u00f1o Mosquera <\/strong><\/h2>\n<p>La tesis es un estudio de la evoluci\u00f3n del periodismo electr\u00f3nico entre los a\u00f1os 1999 y 2001, as\u00ed como de las consecuencias que su irrupci\u00f3n ha tenido en el mundo del periodismo tradicional o de papel.  parte, para ello, del an\u00e1lisis de las caracter\u00edsticas de la sociedad en que se ha desarrollado a escala mundial, la globalizaci\u00f3n y la llamada sociedad de la informaci\u00f3n, en las que, despu\u00e9s del ordenador, tan importante papel ha tenido internet. Asimismo, la tesis incoropora el resultado de las investigaciones, de car\u00e1cter t\u00e9cnico, sociol\u00f3gico y econ\u00f3mico, de un buen n\u00famero de especialistas y tratadistas sobre esta nueva forma de hacer periodismo, as\u00ed como la opini\u00f3n de los principales profesionales, nacionales y extranjeros, procedentes, tanto del sector de este nuevo soporte tecnol\u00f3gico de la informaci\u00f3n, como del \u00e1mbito del periodismo tradicional.  la conclusi\u00f3n, en s\u00edntesis, de la tesis es que el periodismo impreso, escrito y gr\u00e1fico, no perecer\u00e1 a pesar de lo que algunos pronostican, sino que se ver\u00e1 reforzado en su misi\u00f3n, desde el papel, de ser referente de fiabilidad humana, profesional, ideol\u00f3gica e informativa.<\/p>\n<p>&nbsp;<\/p>\n<h3>Datos acad\u00e9micos de la tesis doctoral \u00ab<strong>El periodismo en la era electr\u00f3nica<\/strong>\u00ab<\/h3>\n<ul>\n<li><strong>T\u00edtulo de la tesis:<\/strong>\u00a0 El periodismo en la era electr\u00f3nica <\/li>\n<li><strong>Autor:<\/strong>\u00a0 Ramon Vilari\u00f1o Mosquera <\/li>\n<li><strong>Universidad:<\/strong>\u00a0 San pablo-ceu<\/li>\n<li><strong>Fecha de lectura de la tesis:<\/strong>\u00a0 08\/04\/2002<\/li>\n<\/ul>\n<p>&nbsp;<\/p>\n<h3>Direcci\u00f3n y tribunal<\/h3>\n<ul>\n<li><strong>Director de la tesis<\/strong>\n<ul>\n<li>Alberto Miguel Arruti<\/li>\n<\/ul>\n<\/li>\n<li><strong>Tribunal<\/strong>\n<ul>\n<li>Presidente del tribunal:  Escobar de la serna Luis <\/li>\n<li>concepci\u00f3n Casaj\u00fas quir\u00f3s (vocal)<\/li>\n<li>Jes\u00fas timoteo \u00e1lvarez fernandez (vocal)<\/li>\n<li>Antonio Garc\u00eda mart\u00ednez (vocal)<\/li>\n<\/ul>\n<\/li>\n<\/ul>\n<p>&nbsp;<\/p>\n","protected":false},"excerpt":{"rendered":"<p>Tesis doctoral de Ramon Vilari\u00f1o Mosquera La tesis es un estudio de la evoluci\u00f3n del periodismo electr\u00f3nico entre los a\u00f1os [&hellip;]<\/p>\n","protected":false},"author":1,"featured_media":0,"comment_status":"open","ping_status":"open","sticky":false,"template":"","format":"standard","meta":{"site-sidebar-layout":"default","site-content-layout":"","ast-site-content-layout":"","site-content-style":"default","site-sidebar-style":"default","ast-global-header-display":"","ast-banner-title-visibility":"","ast-main-header-display":"","ast-hfb-above-header-display":"","ast-hfb-below-header-display":"","ast-hfb-mobile-header-display":"","site-post-title":"","ast-breadcrumbs-content":"","ast-featured-img":"","footer-sml-layout":"","theme-transparent-header-meta":"","adv-header-id-meta":"","stick-header-meta":"","header-above-stick-meta":"","header-main-stick-meta":"","header-below-stick-meta":"","astra-migrate-meta-layouts":"default","ast-page-background-enabled":"default","ast-page-background-meta":{"desktop":{"background-color":"var(--ast-global-color-4)","background-image":"","background-repeat":"repeat","background-position":"center center","background-size":"auto","background-attachment":"scroll","background-type":"","background-media":"","overlay-type":"","overlay-color":"","overlay-gradient":""},"tablet":{"background-color":"","background-image":"","background-repeat":"repeat","background-position":"center center","background-size":"auto","background-attachment":"scroll","background-type":"","background-media":"","overlay-type":"","overlay-color":"","overlay-gradient":""},"mobile":{"background-color":"","background-image":"","background-repeat":"repeat","background-position":"center center","background-size":"auto","background-attachment":"scroll","background-type":"","background-media":"","overlay-type":"","overlay-color":"","overlay-gradient":""}},"ast-content-background-meta":{"desktop":{"background-color":"var(--ast-global-color-5)","background-image":"","background-repeat":"repeat","background-position":"center center","background-size":"auto","background-attachment":"scroll","background-type":"","background-media":"","overlay-type":"","overlay-color":"","overlay-gradient":""},"tablet":{"background-color":"var(--ast-global-color-5)","background-image":"","background-repeat":"repeat","background-position":"center center","background-size":"auto","background-attachment":"scroll","background-type":"","background-media":"","overlay-type":"","overlay-color":"","overlay-gradient":""},"mobile":{"background-color":"var(--ast-global-color-5)","background-image":"","background-repeat":"repeat","background-position":"center center","background-size":"auto","background-attachment":"scroll","background-type":"","background-media":"","overlay-type":"","overlay-color":"","overlay-gradient":""}},"footnotes":""},"categories":[104,5812,222,39800],"tags":[51646,6828,51647,40013,5814,51645],"class_list":["post-16323","post","type-post","status-publish","format-standard","hentry","category-historia","category-historia-del-periodismo","category-historias-especializadas","category-san-pablo-ceu","tag-alberto-miguel-arruti","tag-antonio-garcia-Martinez","tag-concepcion-casajus-quiros","tag-escobar-de-la-serna-luis","tag-jesus-timoteo-alvarez-fernandez","tag-ramon-vilarino-mosquera"],"_links":{"self":[{"href":"https:\/\/www.deberes.net\/tesis\/wp-json\/wp\/v2\/posts\/16323","targetHints":{"allow":["GET"]}}],"collection":[{"href":"https:\/\/www.deberes.net\/tesis\/wp-json\/wp\/v2\/posts"}],"about":[{"href":"https:\/\/www.deberes.net\/tesis\/wp-json\/wp\/v2\/types\/post"}],"author":[{"embeddable":true,"href":"https:\/\/www.deberes.net\/tesis\/wp-json\/wp\/v2\/users\/1"}],"replies":[{"embeddable":true,"href":"https:\/\/www.deberes.net\/tesis\/wp-json\/wp\/v2\/comments?post=16323"}],"version-history":[{"count":0,"href":"https:\/\/www.deberes.net\/tesis\/wp-json\/wp\/v2\/posts\/16323\/revisions"}],"wp:attachment":[{"href":"https:\/\/www.deberes.net\/tesis\/wp-json\/wp\/v2\/media?parent=16323"}],"wp:term":[{"taxonomy":"category","embeddable":true,"href":"https:\/\/www.deberes.net\/tesis\/wp-json\/wp\/v2\/categories?post=16323"},{"taxonomy":"post_tag","embeddable":true,"href":"https:\/\/www.deberes.net\/tesis\/wp-json\/wp\/v2\/tags?post=16323"}],"curies":[{"name":"wp","href":"https:\/\/api.w.org\/{rel}","templated":true}]}}