{"id":16345,"date":"2002-10-04T00:00:00","date_gmt":"2002-10-04T00:00:00","guid":{"rendered":"https:\/\/www.deberes.net\/tesis\/sin-categoria\/evaluacion-dinamica-de-procesos-metacognitivos\/"},"modified":"2002-10-04T00:00:00","modified_gmt":"2002-10-04T00:00:00","slug":"evaluacion-dinamica-de-procesos-metacognitivos","status":"publish","type":"post","link":"https:\/\/www.deberes.net\/tesis\/psicologia\/evaluacion-dinamica-de-procesos-metacognitivos\/","title":{"rendered":"Evaluacion dinamica de procesos metacognitivos."},"content":{"rendered":"<h2>Tesis doctoral de <strong> David Salda\u00f1a Sage <\/strong><\/h2>\n<p>La tradici\u00f3n investigadora en el campo del retraso mental ha puesto la relieve la relaci\u00f3n existente entre las dificultades que estas personas presentan y una insuficiente capacidad de autorregulaci\u00f3n. Sin embargo, existe una escasez de trabajos que desarrollen procedimientos de evaluaci\u00f3n de la metacognici\u00f3n centrados en esta poblaci\u00f3n. La tesis tiene como objetivo dise\u00f1ar y valorar un procedimiento din\u00e1mico de evaluaci\u00f3n ajustado a sus caracter\u00edsticas. La estrategia empleada se apoya en tareas de car\u00e1cter l\u00fadico y de vida cotidiana. Se basa, por otra parte, en el entrenamiento de los sujetos evaluados en dichas actividades como contexto de evaluaci\u00f3n, obteni\u00e9ndose del mismo puntuaciones basadas en el grado de ayuda necesaria para alcanzar criterios de \u00e9xito en las tareas. El procedimiento empleado permite la obtenci\u00f3n de puntuaciones globales de autorregulaci\u00f3n y metaconocimientos, as\u00ed como indicadores espec\u00edficos para cada uno de los procesos metacognitivos. la estrategia din\u00e1mica de evaluaci\u00f3n mostr\u00f3 indicios de mayor validez ecol\u00f3gica y predictiva que la puntuaci\u00f3n de ci. La primera se valor\u00f3 en relaci\u00f3n con la conducta adaptativa de los sujetos en contexto, mientras que para la segunda se emple\u00f3 como contraste la ejecuci\u00f3n de los mismos en un programa de entrenamiento en habilidades cognitivas y metacognitivas. Se discuten las implicaciones de los resultados para el estudio de la metacognici\u00f3n en general, y para su diagnostico en personas con retraso mental en particular.<\/p>\n<p>&nbsp;<\/p>\n<h3>Datos acad\u00e9micos de la tesis doctoral \u00ab<strong>Evaluacion dinamica de procesos metacognitivos.<\/strong>\u00ab<\/h3>\n<ul>\n<li><strong>T\u00edtulo de la tesis:<\/strong>\u00a0 Evaluacion dinamica de procesos metacognitivos. <\/li>\n<li><strong>Autor:<\/strong>\u00a0 David Salda\u00f1a Sage <\/li>\n<li><strong>Universidad:<\/strong>\u00a0 Sevilla<\/li>\n<li><strong>Fecha de lectura de la tesis:<\/strong>\u00a0 10\/04\/2002<\/li>\n<\/ul>\n<p>&nbsp;<\/p>\n<h3>Direcci\u00f3n y tribunal<\/h3>\n<ul>\n<li><strong>Director de la tesis<\/strong>\n<ul>\n<li>Joaquin Mora Roche<\/li>\n<\/ul>\n<\/li>\n<li><strong>Tribunal<\/strong>\n<ul>\n<li>Presidente del tribunal: Jes\u00fas Palacios gonz\u00e1lez <\/li>\n<li>alfredo Fierro bajardi (vocal)<\/li>\n<li>Jos\u00e9 Orantia rodriguez (vocal)<\/li>\n<li>  (vocal)<\/li>\n<\/ul>\n<\/li>\n<\/ul>\n<p>&nbsp;<\/p>\n","protected":false},"excerpt":{"rendered":"<p>Tesis doctoral de David Salda\u00f1a Sage La tradici\u00f3n investigadora en el campo del retraso mental ha puesto la relieve la [&hellip;]<\/p>\n","protected":false},"author":1,"featured_media":0,"comment_status":"open","ping_status":"open","sticky":false,"template":"","format":"standard","meta":{"site-sidebar-layout":"default","site-content-layout":"","ast-site-content-layout":"","site-content-style":"default","site-sidebar-style":"default","ast-global-header-display":"","ast-banner-title-visibility":"","ast-main-header-display":"","ast-hfb-above-header-display":"","ast-hfb-below-header-display":"","ast-hfb-mobile-header-display":"","site-post-title":"","ast-breadcrumbs-content":"","ast-featured-img":"","footer-sml-layout":"","theme-transparent-header-meta":"","adv-header-id-meta":"","stick-header-meta":"","header-above-stick-meta":"","header-main-stick-meta":"","header-below-stick-meta":"","astra-migrate-meta-layouts":"default","ast-page-background-enabled":"default","ast-page-background-meta":{"desktop":{"background-color":"var(--ast-global-color-4)","background-image":"","background-repeat":"repeat","background-position":"center center","background-size":"auto","background-attachment":"scroll","background-type":"","background-media":"","overlay-type":"","overlay-color":"","overlay-gradient":""},"tablet":{"background-color":"","background-image":"","background-repeat":"repeat","background-position":"center center","background-size":"auto","background-attachment":"scroll","background-type":"","background-media":"","overlay-type":"","overlay-color":"","overlay-gradient":""},"mobile":{"background-color":"","background-image":"","background-repeat":"repeat","background-position":"center center","background-size":"auto","background-attachment":"scroll","background-type":"","background-media":"","overlay-type":"","overlay-color":"","overlay-gradient":""}},"ast-content-background-meta":{"desktop":{"background-color":"var(--ast-global-color-5)","background-image":"","background-repeat":"repeat","background-position":"center center","background-size":"auto","background-attachment":"scroll","background-type":"","background-media":"","overlay-type":"","overlay-color":"","overlay-gradient":""},"tablet":{"background-color":"var(--ast-global-color-5)","background-image":"","background-repeat":"repeat","background-position":"center center","background-size":"auto","background-attachment":"scroll","background-type":"","background-media":"","overlay-type":"","overlay-color":"","overlay-gradient":""},"mobile":{"background-color":"var(--ast-global-color-5)","background-image":"","background-repeat":"repeat","background-position":"center center","background-size":"auto","background-attachment":"scroll","background-type":"","background-media":"","overlay-type":"","overlay-color":"","overlay-gradient":""}},"footnotes":""},"categories":[15568,3289,1175,7302,324,961,970,5174,10715,4128],"tags":[51709,51707,11065,51708,51710],"class_list":["post-16345","post","type-post","status-publish","format-standard","hentry","category-deficiencia-mental","category-deficiencia-mental-del-nino-y-del-adolescente","category-evaluacion-y-diagnostico-en-psicologia","category-procesos-cognitivos","category-psicologia","category-psicologia-de-la-anormalidad","category-psicologia-del-nino-y-del-adolescente","category-psicopedagogia","category-sevilla","category-validacion-del-test","tag-alfredo-fierro-bajardi","tag-david-saldana-sage","tag-jesus-palacios-gonzalez","tag-joaquin-mora-roche","tag-jose-orantia-rodriguez"],"_links":{"self":[{"href":"https:\/\/www.deberes.net\/tesis\/wp-json\/wp\/v2\/posts\/16345","targetHints":{"allow":["GET"]}}],"collection":[{"href":"https:\/\/www.deberes.net\/tesis\/wp-json\/wp\/v2\/posts"}],"about":[{"href":"https:\/\/www.deberes.net\/tesis\/wp-json\/wp\/v2\/types\/post"}],"author":[{"embeddable":true,"href":"https:\/\/www.deberes.net\/tesis\/wp-json\/wp\/v2\/users\/1"}],"replies":[{"embeddable":true,"href":"https:\/\/www.deberes.net\/tesis\/wp-json\/wp\/v2\/comments?post=16345"}],"version-history":[{"count":0,"href":"https:\/\/www.deberes.net\/tesis\/wp-json\/wp\/v2\/posts\/16345\/revisions"}],"wp:attachment":[{"href":"https:\/\/www.deberes.net\/tesis\/wp-json\/wp\/v2\/media?parent=16345"}],"wp:term":[{"taxonomy":"category","embeddable":true,"href":"https:\/\/www.deberes.net\/tesis\/wp-json\/wp\/v2\/categories?post=16345"},{"taxonomy":"post_tag","embeddable":true,"href":"https:\/\/www.deberes.net\/tesis\/wp-json\/wp\/v2\/tags?post=16345"}],"curies":[{"name":"wp","href":"https:\/\/api.w.org\/{rel}","templated":true}]}}