{"id":16351,"date":"2002-11-04T00:00:00","date_gmt":"2002-11-04T00:00:00","guid":{"rendered":"https:\/\/www.deberes.net\/tesis\/sin-categoria\/la-ensenanza-del-pensamiento-cra%c2%adtico-y-la-autonoma%c2%ada-cognitiva-valorativa-desde-las-ciencias-sociales-en-la-secundaria-obligatoria\/"},"modified":"2002-11-04T00:00:00","modified_gmt":"2002-11-04T00:00:00","slug":"la-ensenanza-del-pensamiento-cra%c2%adtico-y-la-autonoma%c2%ada-cognitiva-valorativa-desde-las-ciencias-sociales-en-la-secundaria-obligatoria","status":"publish","type":"post","link":"https:\/\/www.deberes.net\/tesis\/barcelona\/la-ensenanza-del-pensamiento-cra%c2%adtico-y-la-autonoma%c2%ada-cognitiva-valorativa-desde-las-ciencias-sociales-en-la-secundaria-obligatoria\/","title":{"rendered":"La ense\u00f1anza del pensamiento cr\u00edtico y la autonom\u00edacognitiva-valorativa desde las ciencias sociales en la secundaria obligatoria"},"content":{"rendered":"<h2>Tesis doctoral de <strong>  Ar\u00edzaga De Andr\u00e9s Susana M. <\/strong><\/h2>\n<p>La tesis se cenra en la ense\u00f1anza-aprendizaje de las ciencias sociales y tiene como principal preocupaci\u00f3n la dimensi\u00f3n formativa m\u00e1s que informativa del curr\u00edculo de las ciencias sociales en la secundaria obligatoria, espec\u00edficamente en el desarrollo del pensamiento cr\u00edtico y la autonom\u00eda cognitiva-valorativa.  lo que se quiere es mostrar, m\u00e1s que demostrar, en su sentido m\u00e1s estricto, con evidencia proporcionada por la comprobaci\u00f3n emp\u00edrica, las limitaciones y deficiencias, que en general, presentan actualmente los estudiantes en el desarrollo de un pensamiento cr\u00edtico y una autonom\u00eda cognitivo-valorativo, as\u00ed como las dificultades que tiene el profesorado para la ense\u00f1anza de dichos valores.  se concreta en elaborar y ofrecer al profesorado y alumnado de la eso varias propuestas did\u00e1cticas con una metodolog\u00eda activa para ense\u00f1ar a valorar reflexiva y \u00e9ticamente las distintas situaciones hist\u00f3rico-sociales el bagaje propio de las ciencias sociales.<\/p>\n<p>&nbsp;<\/p>\n<h3>Datos acad\u00e9micos de la tesis doctoral \u00ab<strong>La ense\u00f1anza del pensamiento cr\u00edtico y la autonom\u00edacognitiva-valorativa desde las ciencias sociales en la secundaria obligatoria<\/strong>\u00ab<\/h3>\n<ul>\n<li><strong>T\u00edtulo de la tesis:<\/strong>\u00a0 La ense\u00f1anza del pensamiento cr\u00edtico y la autonom\u00edacognitiva-valorativa desde las ciencias sociales en la secundaria obligatoria <\/li>\n<li><strong>Autor:<\/strong>\u00a0  Ar\u00edzaga De Andr\u00e9s Susana M. <\/li>\n<li><strong>Universidad:<\/strong>\u00a0 Barcelona<\/li>\n<li><strong>Fecha de lectura de la tesis:<\/strong>\u00a0 11\/04\/2002<\/li>\n<\/ul>\n<p>&nbsp;<\/p>\n<h3>Direcci\u00f3n y tribunal<\/h3>\n<ul>\n<li><strong>Director de la tesis<\/strong>\n<ul>\n<li>Gemma Trib\u00f3 Traveria<\/li>\n<\/ul>\n<\/li>\n<li><strong>Tribunal<\/strong>\n<ul>\n<li>Presidente del tribunal: joaquin Prats cuevas <\/li>\n<li>josep antoni Jord\u00e1n sierra (vocal)<\/li>\n<li>delio Del rinc\u00f3n (vocal)<\/li>\n<li>Mar\u00eda  rosa Buxarrais estrada (vocal)<\/li>\n<\/ul>\n<\/li>\n<\/ul>\n<p>&nbsp;<\/p>\n","protected":false},"excerpt":{"rendered":"<p>Tesis doctoral de Ar\u00edzaga De Andr\u00e9s Susana M. La tesis se cenra en la ense\u00f1anza-aprendizaje de las ciencias sociales y [&hellip;]<\/p>\n","protected":false},"author":1,"featured_media":0,"comment_status":"open","ping_status":"open","sticky":false,"template":"","format":"standard","meta":{"site-sidebar-layout":"default","site-content-layout":"","ast-site-content-layout":"","site-content-style":"default","site-sidebar-style":"default","ast-global-header-display":"","ast-banner-title-visibility":"","ast-main-header-display":"","ast-hfb-above-header-display":"","ast-hfb-below-header-display":"","ast-hfb-mobile-header-display":"","site-post-title":"","ast-breadcrumbs-content":"","ast-featured-img":"","footer-sml-layout":"","theme-transparent-header-meta":"","adv-header-id-meta":"","stick-header-meta":"","header-above-stick-meta":"","header-main-stick-meta":"","header-below-stick-meta":"","astra-migrate-meta-layouts":"default","ast-page-background-enabled":"default","ast-page-background-meta":{"desktop":{"background-color":"var(--ast-global-color-4)","background-image":"","background-repeat":"repeat","background-position":"center center","background-size":"auto","background-attachment":"scroll","background-type":"","background-media":"","overlay-type":"","overlay-color":"","overlay-gradient":""},"tablet":{"background-color":"","background-image":"","background-repeat":"repeat","background-position":"center center","background-size":"auto","background-attachment":"scroll","background-type":"","background-media":"","overlay-type":"","overlay-color":"","overlay-gradient":""},"mobile":{"background-color":"","background-image":"","background-repeat":"repeat","background-position":"center center","background-size":"auto","background-attachment":"scroll","background-type":"","background-media":"","overlay-type":"","overlay-color":"","overlay-gradient":""}},"ast-content-background-meta":{"desktop":{"background-color":"var(--ast-global-color-5)","background-image":"","background-repeat":"repeat","background-position":"center center","background-size":"auto","background-attachment":"scroll","background-type":"","background-media":"","overlay-type":"","overlay-color":"","overlay-gradient":""},"tablet":{"background-color":"var(--ast-global-color-5)","background-image":"","background-repeat":"repeat","background-position":"center center","background-size":"auto","background-attachment":"scroll","background-type":"","background-media":"","overlay-type":"","overlay-color":"","overlay-gradient":""},"mobile":{"background-color":"var(--ast-global-color-5)","background-image":"","background-repeat":"repeat","background-position":"center center","background-size":"auto","background-attachment":"scroll","background-type":"","background-media":"","overlay-type":"","overlay-color":"","overlay-gradient":""}},"footnotes":""},"categories":[951,2623,2233,1184,1141,1341],"tags":[51731,51733,51732,27942,34147,33702],"class_list":["post-16351","post","type-post","status-publish","format-standard","hentry","category-barcelona","category-educacion-basica","category-metodos-pedagogicos","category-organizacion-y-planificacion-de-la-educacion","category-pedagogia","category-teoria-y-metodos-educativos","tag-arizaga-de-andres-susana-m","tag-delio-del-rincon","tag-gemma-tribo-traveria","tag-joaquin-prats-cuevas","tag-josep-antoni-jordan-sierra","tag-maria-rosa-buxarrais-estrada"],"_links":{"self":[{"href":"https:\/\/www.deberes.net\/tesis\/wp-json\/wp\/v2\/posts\/16351","targetHints":{"allow":["GET"]}}],"collection":[{"href":"https:\/\/www.deberes.net\/tesis\/wp-json\/wp\/v2\/posts"}],"about":[{"href":"https:\/\/www.deberes.net\/tesis\/wp-json\/wp\/v2\/types\/post"}],"author":[{"embeddable":true,"href":"https:\/\/www.deberes.net\/tesis\/wp-json\/wp\/v2\/users\/1"}],"replies":[{"embeddable":true,"href":"https:\/\/www.deberes.net\/tesis\/wp-json\/wp\/v2\/comments?post=16351"}],"version-history":[{"count":0,"href":"https:\/\/www.deberes.net\/tesis\/wp-json\/wp\/v2\/posts\/16351\/revisions"}],"wp:attachment":[{"href":"https:\/\/www.deberes.net\/tesis\/wp-json\/wp\/v2\/media?parent=16351"}],"wp:term":[{"taxonomy":"category","embeddable":true,"href":"https:\/\/www.deberes.net\/tesis\/wp-json\/wp\/v2\/categories?post=16351"},{"taxonomy":"post_tag","embeddable":true,"href":"https:\/\/www.deberes.net\/tesis\/wp-json\/wp\/v2\/tags?post=16351"}],"curies":[{"name":"wp","href":"https:\/\/api.w.org\/{rel}","templated":true}]}}