{"id":16387,"date":"2002-12-04T00:00:00","date_gmt":"2002-12-04T00:00:00","guid":{"rendered":"https:\/\/www.deberes.net\/tesis\/sin-categoria\/el-lexico-metrico-de-hefestion\/"},"modified":"2002-12-04T00:00:00","modified_gmt":"2002-12-04T00:00:00","slug":"el-lexico-metrico-de-hefestion","status":"publish","type":"post","link":"https:\/\/www.deberes.net\/tesis\/linguistica\/el-lexico-metrico-de-hefestion\/","title":{"rendered":"El l\u00e9xico m\u00e9trico de hefesti\u00f3n"},"content":{"rendered":"<h2>Tesis doctoral de <strong> Josefa Urrea M\u00e9ndez <\/strong><\/h2>\n<p>La tesis doctoral titulada el l\u00e9xico m\u00e9trico de hefesti\u00f3n, realizada por d\u00f1a. Josefa urrea m\u00e9ndez bajo la direcci\u00f3n del dr. D. Esteban calder\u00f3n dorda, lleva a cabo un an\u00e1lisis exhaustivo del l\u00e9xico m\u00e9trico utilizado en el egcheir\u00eddion de hefesi\u00f3n (s. Ii d.C), un autor cuya obra es de capital importancia para la constituci\u00f3n de la m\u00e9trica griega como disciplina de base cient\u00edfica as\u00ed como por la gran influencia que ejerci\u00f3 sobre los tratadistas posteriores de m\u00e9trica y r\u00edtmica, en particular sobre aristides quintiliano (s. Iii d.C).  la investigaci\u00f3n se centra en el an\u00e1lisis l\u00e9xico de t\u00e9rminos m\u00e9tricos y cercanos a la m\u00e9trica en hefesti\u00f3n (para lo cual sigue la edici\u00f3n de maximiliam consbruch, leipzig t, 1906 (reim, 1971), la \u00faltima editada) y ha utilizado tambi\u00e9n autores y textos afines y complementarios: longino, querobosco, tricha, los escolios a y b, la appendiz dionysiaca, la appendix rhetorica y mantissa. Despu\u00e9s de la introducci\u00f3n, el trabajo analiza en profundiad un amplio vocabulario: en cada entrada atiende a las constantes de etimolog\u00eda, frecuencia, significado, variantes textuales y comentario, adem\u00e1s de otras precisiones ling\u00ed\u00bc\u00edsticas, ofreciendo una exhaustiva descripci\u00f3n del significado de cada t\u00e9rmino y de su utilizaci\u00f3n y valores en los diferentes contextos. Al an\u00e1lisis de la terminolog\u00eda m\u00e9trica le acompa\u00f1a un \u00edndice de nombres propios y de obras citados en hefesti\u00f3n, unas conclusiones, \u00edndices de t\u00e9rminos y la bibliograf\u00eda.<\/p>\n<p>&nbsp;<\/p>\n<h3>Datos acad\u00e9micos de la tesis doctoral \u00ab<strong>El l\u00e9xico m\u00e9trico de hefesti\u00f3n<\/strong>\u00ab<\/h3>\n<ul>\n<li><strong>T\u00edtulo de la tesis:<\/strong>\u00a0 El l\u00e9xico m\u00e9trico de hefesti\u00f3n <\/li>\n<li><strong>Autor:<\/strong>\u00a0 Josefa Urrea M\u00e9ndez <\/li>\n<li><strong>Universidad:<\/strong>\u00a0 Murcia<\/li>\n<li><strong>Fecha de lectura de la tesis:<\/strong>\u00a0 12\/04\/2002<\/li>\n<\/ul>\n<p>&nbsp;<\/p>\n<h3>Direcci\u00f3n y tribunal<\/h3>\n<ul>\n<li><strong>Director de la tesis<\/strong>\n<ul>\n<li>Esteban Calder\u00f3n Dorda<\/li>\n<\/ul>\n<\/li>\n<li><strong>Tribunal<\/strong>\n<ul>\n<li>Presidente del tribunal: jos\u00e9 Garc\u00eda l\u00f3pez <\/li>\n<li>Jos\u00e9 guillermo Montes cala (vocal)<\/li>\n<li> Moralejo \u00e1lvarez Juan  Jos\u00e9 (vocal)<\/li>\n<li>Jes\u00fas Nieto ib\u00e1\u00f1ez (vocal)<\/li>\n<\/ul>\n<\/li>\n<\/ul>\n<p>&nbsp;<\/p>\n","protected":false},"excerpt":{"rendered":"<p>Tesis doctoral de Josefa Urrea M\u00e9ndez La tesis doctoral titulada el l\u00e9xico m\u00e9trico de hefesti\u00f3n, realizada por d\u00f1a. Josefa urrea [&hellip;]<\/p>\n","protected":false},"author":1,"featured_media":0,"comment_status":"open","ping_status":"open","sticky":false,"template":"","format":"standard","meta":{"site-sidebar-layout":"default","site-content-layout":"","ast-site-content-layout":"","site-content-style":"default","site-sidebar-style":"default","ast-global-header-display":"","ast-banner-title-visibility":"","ast-main-header-display":"","ast-hfb-above-header-display":"","ast-hfb-below-header-display":"","ast-hfb-mobile-header-display":"","site-post-title":"","ast-breadcrumbs-content":"","ast-featured-img":"","footer-sml-layout":"","theme-transparent-header-meta":"","adv-header-id-meta":"","stick-header-meta":"","header-above-stick-meta":"","header-main-stick-meta":"","header-below-stick-meta":"","astra-migrate-meta-layouts":"default","ast-page-background-enabled":"default","ast-page-background-meta":{"desktop":{"background-color":"var(--ast-global-color-4)","background-image":"","background-repeat":"repeat","background-position":"center center","background-size":"auto","background-attachment":"scroll","background-type":"","background-media":"","overlay-type":"","overlay-color":"","overlay-gradient":""},"tablet":{"background-color":"","background-image":"","background-repeat":"repeat","background-position":"center center","background-size":"auto","background-attachment":"scroll","background-type":"","background-media":"","overlay-type":"","overlay-color":"","overlay-gradient":""},"mobile":{"background-color":"","background-image":"","background-repeat":"repeat","background-position":"center center","background-size":"auto","background-attachment":"scroll","background-type":"","background-media":"","overlay-type":"","overlay-color":"","overlay-gradient":""}},"ast-content-background-meta":{"desktop":{"background-color":"var(--ast-global-color-5)","background-image":"","background-repeat":"repeat","background-position":"center center","background-size":"auto","background-attachment":"scroll","background-type":"","background-media":"","overlay-type":"","overlay-color":"","overlay-gradient":""},"tablet":{"background-color":"var(--ast-global-color-5)","background-image":"","background-repeat":"repeat","background-position":"center center","background-size":"auto","background-attachment":"scroll","background-type":"","background-media":"","overlay-type":"","overlay-color":"","overlay-gradient":""},"mobile":{"background-color":"var(--ast-global-color-5)","background-image":"","background-repeat":"repeat","background-position":"center center","background-size":"auto","background-attachment":"scroll","background-type":"","background-media":"","overlay-type":"","overlay-color":"","overlay-gradient":""}},"footnotes":""},"categories":[1624,2142,104,59,60,8235],"tags":[21516,27775,3629,20580,51827,21514],"class_list":["post-16387","post","type-post","status-publish","format-standard","hentry","category-ciencias-auxiliares-de-la-historia","category-filologia","category-historia","category-linguistica","category-linguistica-aplicada","category-murcia","tag-esteban-calderon-dorda","tag-jesus-nieto-ibanez","tag-jose-garcia-lopez","tag-jose-guillermo-montes-cala","tag-josefa-urrea-mendez","tag-moralejo-alvarez-juan-jose"],"_links":{"self":[{"href":"https:\/\/www.deberes.net\/tesis\/wp-json\/wp\/v2\/posts\/16387","targetHints":{"allow":["GET"]}}],"collection":[{"href":"https:\/\/www.deberes.net\/tesis\/wp-json\/wp\/v2\/posts"}],"about":[{"href":"https:\/\/www.deberes.net\/tesis\/wp-json\/wp\/v2\/types\/post"}],"author":[{"embeddable":true,"href":"https:\/\/www.deberes.net\/tesis\/wp-json\/wp\/v2\/users\/1"}],"replies":[{"embeddable":true,"href":"https:\/\/www.deberes.net\/tesis\/wp-json\/wp\/v2\/comments?post=16387"}],"version-history":[{"count":0,"href":"https:\/\/www.deberes.net\/tesis\/wp-json\/wp\/v2\/posts\/16387\/revisions"}],"wp:attachment":[{"href":"https:\/\/www.deberes.net\/tesis\/wp-json\/wp\/v2\/media?parent=16387"}],"wp:term":[{"taxonomy":"category","embeddable":true,"href":"https:\/\/www.deberes.net\/tesis\/wp-json\/wp\/v2\/categories?post=16387"},{"taxonomy":"post_tag","embeddable":true,"href":"https:\/\/www.deberes.net\/tesis\/wp-json\/wp\/v2\/tags?post=16387"}],"curies":[{"name":"wp","href":"https:\/\/api.w.org\/{rel}","templated":true}]}}