{"id":16402,"date":"2002-12-04T00:00:00","date_gmt":"2002-12-04T00:00:00","guid":{"rendered":"https:\/\/www.deberes.net\/tesis\/sin-categoria\/el-concepto-de-facticidad-en-la-filosofa%c2%ada-de-martin-heidegger-1921-1930\/"},"modified":"2002-12-04T00:00:00","modified_gmt":"2002-12-04T00:00:00","slug":"el-concepto-de-facticidad-en-la-filosofa%c2%ada-de-martin-heidegger-1921-1930","status":"publish","type":"post","link":"https:\/\/www.deberes.net\/tesis\/filosofia\/el-concepto-de-facticidad-en-la-filosofa%c2%ada-de-martin-heidegger-1921-1930\/","title":{"rendered":"El concepto de facticidad en la filosof\u00edade martin heidegger (1921-1930)"},"content":{"rendered":"<h2>Tesis doctoral de <strong> Paloma Martinez Matias <\/strong><\/h2>\n<p>Desde una posici\u00f3n eminentemente cr\u00edtica con respecto a las interpretaciones efectuadas hasta el momento, esta tesis acomete un an\u00e1lisis del concepto de facticidad en el per\u00edodo de la obra temprana de martin heidegger que abarca desde 1921 a 1930 encaminado a poner de manifiesto la extrema problematicidad que entra\u00f1a su tratamiento en ser y tiempo, sistem\u00e1ticamente obviada por la tradicci\u00f3n exeg\u00e9tica relativa a este tratado. Para ello, el trabajo toma como punto de partida aquellos cursos anteriores a 1927 en los que la noci\u00f3n de facticidad ocupa un lugar central en el pensamiento heideggeriano al identificarse con el ser o sentido del ser del ente que somos e intenta demostrar la subrepticia pervicencia del significado que en ellos se le atribuye incluso all\u00ed donde la centralidad de dicha noci\u00f3n semeja quedar desplazada en funci\u00f3n de la relevancia expl\u00edcitamente otorgada a otros existenciarios ontol\u00f3gicamente definitorios de este ente. En este recorrido, el seguimiento exhaustivo de las ocurrencias m\u00e1s significativas de este t\u00e9rmino y sus derivados m\u00e1s cercanos o expresiones equivalentes -la del \u00ab\u00bbestado-de-yecto\u00bb\u00bb- reveler\u00e1 en ser y tiempo una constante tensi\u00f3n entre la posici\u00f3n que le concede la estructura oficial del texto, tendente a una reducci\u00f3n de su sentido en tanto momento parcial del todo ontol\u00f3gico del ser-ah\u00ed, y la que se desprende de su uso efectivo; seg\u00fan este \u00faltimo, la facticidad determinar\u00eda esencialmente el espacio de apertura en que consiste el ser de este ente al modo de un hecho singular o factum configurado por la mutua imbricaci\u00f3n de patencia y encubrimiento por tratarse de un escenario de alumbramiento intr\u00ednsecamente velado o sustra\u00eddo para la mostraci\u00f3n del ente. Desde tales resultados, la utilizaci\u00f3n problem\u00e1tica del concepto de facticidad se dar\u00e1 a ver como un anuncio del posterior \u00ab\u00bbgiro\u00bb\u00bb (kehre) de la reflexi\u00f3n heideggeriana, marcado por el tr\u00e1nsito de la pregunta por el \u00ab\u00bbsentid<\/p>\n<p>&nbsp;<\/p>\n<h3>Datos acad\u00e9micos de la tesis doctoral \u00ab<strong>El concepto de facticidad en la filosof\u00edade martin heidegger (1921-1930)<\/strong>\u00ab<\/h3>\n<ul>\n<li><strong>T\u00edtulo de la tesis:<\/strong>\u00a0 El concepto de facticidad en la filosof\u00edade martin heidegger (1921-1930) <\/li>\n<li><strong>Autor:<\/strong>\u00a0 Paloma Martinez Matias <\/li>\n<li><strong>Universidad:<\/strong>\u00a0 Universitat de val\u00e9ncia (estudi general)<\/li>\n<li><strong>Fecha de lectura de la tesis:<\/strong>\u00a0 12\/04\/2002<\/li>\n<\/ul>\n<p>&nbsp;<\/p>\n<h3>Direcci\u00f3n y tribunal<\/h3>\n<ul>\n<li><strong>Director de la tesis<\/strong>\n<ul>\n<li> Vazquez Garc\u00eda Manuel E.<\/li>\n<\/ul>\n<\/li>\n<li><strong>Tribunal<\/strong>\n<ul>\n<li>Presidente del tribunal: Juan  manuel Navarro cordon <\/li>\n<li>felix Duque pajuelo (vocal)<\/li>\n<li>ram\u00f3n Rodriguez Garc\u00eda (vocal)<\/li>\n<li>  (vocal)<\/li>\n<\/ul>\n<\/li>\n<\/ul>\n<p>&nbsp;<\/p>\n","protected":false},"excerpt":{"rendered":"<p>Tesis doctoral de Paloma Martinez Matias Desde una posici\u00f3n eminentemente cr\u00edtica con respecto a las interpretaciones efectuadas hasta el momento, [&hellip;]<\/p>\n","protected":false},"author":1,"featured_media":0,"comment_status":"open","ping_status":"open","sticky":false,"template":"","format":"standard","meta":{"site-sidebar-layout":"default","site-content-layout":"","ast-site-content-layout":"","site-content-style":"default","site-sidebar-style":"default","ast-global-header-display":"","ast-banner-title-visibility":"","ast-main-header-display":"","ast-hfb-above-header-display":"","ast-hfb-below-header-display":"","ast-hfb-mobile-header-display":"","site-post-title":"","ast-breadcrumbs-content":"","ast-featured-img":"","footer-sml-layout":"","theme-transparent-header-meta":"","adv-header-id-meta":"","stick-header-meta":"","header-above-stick-meta":"","header-main-stick-meta":"","header-below-stick-meta":"","astra-migrate-meta-layouts":"default","ast-page-background-enabled":"default","ast-page-background-meta":{"desktop":{"background-color":"var(--ast-global-color-4)","background-image":"","background-repeat":"repeat","background-position":"center center","background-size":"auto","background-attachment":"scroll","background-type":"","background-media":"","overlay-type":"","overlay-color":"","overlay-gradient":""},"tablet":{"background-color":"","background-image":"","background-repeat":"repeat","background-position":"center center","background-size":"auto","background-attachment":"scroll","background-type":"","background-media":"","overlay-type":"","overlay-color":"","overlay-gradient":""},"mobile":{"background-color":"","background-image":"","background-repeat":"repeat","background-position":"center center","background-size":"auto","background-attachment":"scroll","background-type":"","background-media":"","overlay-type":"","overlay-color":"","overlay-gradient":""}},"ast-content-background-meta":{"desktop":{"background-color":"var(--ast-global-color-5)","background-image":"","background-repeat":"repeat","background-position":"center center","background-size":"auto","background-attachment":"scroll","background-type":"","background-media":"","overlay-type":"","overlay-color":"","overlay-gradient":""},"tablet":{"background-color":"var(--ast-global-color-5)","background-image":"","background-repeat":"repeat","background-position":"center center","background-size":"auto","background-attachment":"scroll","background-type":"","background-media":"","overlay-type":"","overlay-color":"","overlay-gradient":""},"mobile":{"background-color":"var(--ast-global-color-5)","background-image":"","background-repeat":"repeat","background-position":"center center","background-size":"auto","background-attachment":"scroll","background-type":"","background-media":"","overlay-type":"","overlay-color":"","overlay-gradient":""}},"footnotes":""},"categories":[960,165,8535,956,17906,990,13455],"tags":[14590,5344,51858,6319,12148],"class_list":["post-16402","post","type-post","status-publish","format-standard","hentry","category-antropologia-filosofica","category-filosofia","category-filosofia-actual","category-filosofia-del-conocimiento","category-hermeneutica","category-sistemas-filosoficos","category-teoria-de-la-razon","tag-felix-duque-pajuelo","tag-juan-manuel-navarro-cordon","tag-paloma-Martinez-matias","tag-ramon-rodriguez-garcia","tag-vazquez-garcia-manuel-e"],"_links":{"self":[{"href":"https:\/\/www.deberes.net\/tesis\/wp-json\/wp\/v2\/posts\/16402","targetHints":{"allow":["GET"]}}],"collection":[{"href":"https:\/\/www.deberes.net\/tesis\/wp-json\/wp\/v2\/posts"}],"about":[{"href":"https:\/\/www.deberes.net\/tesis\/wp-json\/wp\/v2\/types\/post"}],"author":[{"embeddable":true,"href":"https:\/\/www.deberes.net\/tesis\/wp-json\/wp\/v2\/users\/1"}],"replies":[{"embeddable":true,"href":"https:\/\/www.deberes.net\/tesis\/wp-json\/wp\/v2\/comments?post=16402"}],"version-history":[{"count":0,"href":"https:\/\/www.deberes.net\/tesis\/wp-json\/wp\/v2\/posts\/16402\/revisions"}],"wp:attachment":[{"href":"https:\/\/www.deberes.net\/tesis\/wp-json\/wp\/v2\/media?parent=16402"}],"wp:term":[{"taxonomy":"category","embeddable":true,"href":"https:\/\/www.deberes.net\/tesis\/wp-json\/wp\/v2\/categories?post=16402"},{"taxonomy":"post_tag","embeddable":true,"href":"https:\/\/www.deberes.net\/tesis\/wp-json\/wp\/v2\/tags?post=16402"}],"curies":[{"name":"wp","href":"https:\/\/api.w.org\/{rel}","templated":true}]}}