{"id":16403,"date":"2002-12-04T00:00:00","date_gmt":"2002-12-04T00:00:00","guid":{"rendered":"https:\/\/www.deberes.net\/tesis\/sin-categoria\/psicosomatica-y-cancer\/"},"modified":"2002-12-04T00:00:00","modified_gmt":"2002-12-04T00:00:00","slug":"psicosomatica-y-cancer","status":"publish","type":"post","link":"https:\/\/www.deberes.net\/tesis\/ciencias-medicas\/psicosomatica-y-cancer\/","title":{"rendered":"Psicosom\u00e1tica y c\u00e1ncer"},"content":{"rendered":"<h2>Tesis doctoral de <strong> Aljelani Amara Shellick <\/strong><\/h2>\n<p>Es un estudio hecho para conocer los efectos del consumo de tabaco y alcohol, los sucesos vitales, los s\u00edntomas psicol\u00f3gicos (s\u00edntomas de mal estar ps\u00edquico, ansiedad, etc.), Las caracter\u00edsticas de pesonalidad (alexitimia, estrategias de afrontamiento, la estructura de personalidad), en pacientes de diferentes especialidades m\u00e9dicas), desconocedores de sus diagn\u00f3sticos, ingresados en el hospital de basurto.  hemos utilizado varias escalas para conseguir nuestro objetivo, ademas hemos utilizado la clasificaci\u00f3n psicosom\u00e1tica marty-ipso para id\u00e9ntificar la estructura mental de nuestros pacientes.  hemos encontrado resultados significativos relacionados con el c\u00e1ncer como el consumo de tabaco, la alexitimia, la ansiedad estado, neurosis de car\u00e1cter (de mala mentalizaci\u00f3n y mentalizaci\u00f3n incierta) y neurosis de comportamiento, adem\u00e1s asociaci\u00f3n importante, entre el c\u00e1ncer y algunos factores de mal pron\u00f3stico, seg\u00fan la clasificaci\u00f3n marty-ipso, como las depresiones (esencial y latente), el yo ideal predominante, y otros items que estan relacionados negativamente con el c\u00e1ncer como las conversiones y la homosexualidad latente, teniendo en cuenta que la valoraci\u00f3n psicosom\u00e1tica de nuestros pacientes esta realizado por grupo de psicosomat\u00f3logos y psicoanalistas del ipso de bilbao.<\/p>\n<p>&nbsp;<\/p>\n<h3>Datos acad\u00e9micos de la tesis doctoral \u00ab<strong>Psicosom\u00e1tica y c\u00e1ncer<\/strong>\u00ab<\/h3>\n<ul>\n<li><strong>T\u00edtulo de la tesis:<\/strong>\u00a0 Psicosom\u00e1tica y c\u00e1ncer <\/li>\n<li><strong>Autor:<\/strong>\u00a0 Aljelani Amara Shellick <\/li>\n<li><strong>Universidad:<\/strong>\u00a0 Pa\u00eds vasco\/euskal herriko unibertsitatea<\/li>\n<li><strong>Fecha de lectura de la tesis:<\/strong>\u00a0 12\/04\/2002<\/li>\n<\/ul>\n<p>&nbsp;<\/p>\n<h3>Direcci\u00f3n y tribunal<\/h3>\n<ul>\n<li><strong>Director de la tesis<\/strong>\n<ul>\n<li>Ricardo Franco Vicario<\/li>\n<\/ul>\n<\/li>\n<li><strong>Tribunal<\/strong>\n<ul>\n<li>Presidente del tribunal: ciriaco Aguirre errasti <\/li>\n<li>Luis De nicolas Martinez (vocal)<\/li>\n<li>felipe Miguel de la villa (vocal)<\/li>\n<li>itziar Fern\u00e1ndez sedano (vocal)<\/li>\n<\/ul>\n<\/li>\n<\/ul>\n<p>&nbsp;<\/p>\n","protected":false},"excerpt":{"rendered":"<p>Tesis doctoral de Aljelani Amara Shellick Es un estudio hecho para conocer los efectos del consumo de tabaco y alcohol, [&hellip;]<\/p>\n","protected":false},"author":1,"featured_media":0,"comment_status":"open","ping_status":"open","sticky":false,"template":"","format":"standard","meta":{"site-sidebar-layout":"default","site-content-layout":"","ast-site-content-layout":"","site-content-style":"default","site-sidebar-style":"default","ast-global-header-display":"","ast-banner-title-visibility":"","ast-main-header-display":"","ast-hfb-above-header-display":"","ast-hfb-below-header-display":"","ast-hfb-mobile-header-display":"","site-post-title":"","ast-breadcrumbs-content":"","ast-featured-img":"","footer-sml-layout":"","theme-transparent-header-meta":"","adv-header-id-meta":"","stick-header-meta":"","header-above-stick-meta":"","header-main-stick-meta":"","header-below-stick-meta":"","astra-migrate-meta-layouts":"default","ast-page-background-enabled":"default","ast-page-background-meta":{"desktop":{"background-color":"var(--ast-global-color-4)","background-image":"","background-repeat":"repeat","background-position":"center center","background-size":"auto","background-attachment":"scroll","background-type":"","background-media":"","overlay-type":"","overlay-color":"","overlay-gradient":""},"tablet":{"background-color":"","background-image":"","background-repeat":"repeat","background-position":"center center","background-size":"auto","background-attachment":"scroll","background-type":"","background-media":"","overlay-type":"","overlay-color":"","overlay-gradient":""},"mobile":{"background-color":"","background-image":"","background-repeat":"repeat","background-position":"center center","background-size":"auto","background-attachment":"scroll","background-type":"","background-media":"","overlay-type":"","overlay-color":"","overlay-gradient":""}},"ast-content-background-meta":{"desktop":{"background-color":"var(--ast-global-color-5)","background-image":"","background-repeat":"repeat","background-position":"center center","background-size":"auto","background-attachment":"scroll","background-type":"","background-media":"","overlay-type":"","overlay-color":"","overlay-gradient":""},"tablet":{"background-color":"var(--ast-global-color-5)","background-image":"","background-repeat":"repeat","background-position":"center center","background-size":"auto","background-attachment":"scroll","background-type":"","background-media":"","overlay-type":"","overlay-color":"","overlay-gradient":""},"mobile":{"background-color":"var(--ast-global-color-5)","background-image":"","background-repeat":"repeat","background-position":"center center","background-size":"auto","background-attachment":"scroll","background-type":"","background-media":"","overlay-type":"","overlay-color":"","overlay-gradient":""}},"footnotes":""},"categories":[155,9,139,347,12909,487],"tags":[51859,28111,1734,46298,28091,28133],"class_list":["post-16403","post","type-post","status-publish","format-standard","hentry","category-ciencias-clinicas","category-ciencias-medicas","category-medicina-interna","category-oncologia-clinica","category-pais-vasco-euskal-herriko-unibertsitatea","category-psicologia-clinica","tag-aljelani-amara-shellick","tag-ciriaco-aguirre-errasti","tag-felipe-miguel-de-la-villa","tag-itziar-fernandez-sedano","tag-luis-de-nicolas-Martinez","tag-ricardo-franco-vicario"],"_links":{"self":[{"href":"https:\/\/www.deberes.net\/tesis\/wp-json\/wp\/v2\/posts\/16403","targetHints":{"allow":["GET"]}}],"collection":[{"href":"https:\/\/www.deberes.net\/tesis\/wp-json\/wp\/v2\/posts"}],"about":[{"href":"https:\/\/www.deberes.net\/tesis\/wp-json\/wp\/v2\/types\/post"}],"author":[{"embeddable":true,"href":"https:\/\/www.deberes.net\/tesis\/wp-json\/wp\/v2\/users\/1"}],"replies":[{"embeddable":true,"href":"https:\/\/www.deberes.net\/tesis\/wp-json\/wp\/v2\/comments?post=16403"}],"version-history":[{"count":0,"href":"https:\/\/www.deberes.net\/tesis\/wp-json\/wp\/v2\/posts\/16403\/revisions"}],"wp:attachment":[{"href":"https:\/\/www.deberes.net\/tesis\/wp-json\/wp\/v2\/media?parent=16403"}],"wp:term":[{"taxonomy":"category","embeddable":true,"href":"https:\/\/www.deberes.net\/tesis\/wp-json\/wp\/v2\/categories?post=16403"},{"taxonomy":"post_tag","embeddable":true,"href":"https:\/\/www.deberes.net\/tesis\/wp-json\/wp\/v2\/tags?post=16403"}],"curies":[{"name":"wp","href":"https:\/\/api.w.org\/{rel}","templated":true}]}}