{"id":16415,"date":"2002-12-04T00:00:00","date_gmt":"2002-12-04T00:00:00","guid":{"rendered":"https:\/\/www.deberes.net\/tesis\/sin-categoria\/mdsii-metodologa%c2%ada-de-disenos-de-sistemas-de-informacion-integrados-para-empresas-de-fabricacion\/"},"modified":"2002-12-04T00:00:00","modified_gmt":"2002-12-04T00:00:00","slug":"mdsii-metodologa%c2%ada-de-disenos-de-sistemas-de-informacion-integrados-para-empresas-de-fabricacion","status":"publish","type":"post","link":"https:\/\/www.deberes.net\/tesis\/ciencias-economicas\/mdsii-metodologa%c2%ada-de-disenos-de-sistemas-de-informacion-integrados-para-empresas-de-fabricacion\/","title":{"rendered":"Mdsii. metodolog\u00eda de dise\u00f1os de sistemas de informaci\u00f3n integrados para empresas de fabricaci\u00f3n"},"content":{"rendered":"<h2>Tesis doctoral de <strong> Javier Santos Garcia <\/strong><\/h2>\n<p>La aparici\u00f3n del comercio electr\u00f3nico entre empresas y la necesidad de compartir informaci\u00f3n entre ellas ha hecho reaparecer un problema que siempre ha estado presente en la empresa: la integraci\u00f3n de la informaci\u00f3n.  la investigaci\u00f3n en esta materia es ajena a la realidad de los sistemas de informaci\u00f3n empresariales. A su vez, los desarrollos inform\u00e1ticos en cada \u00e1rea de la empresa parecen conducir a una situaci\u00f3n de convivencia de distintos programas inform\u00e1ticos que deber\u00e1n ser capaces de compartir informaci\u00f3n.  los est\u00e1ndares de representaci\u00f3n de informaci\u00f3n, actualmente en v\u00edas de desarrollo, pretenden abarcar completamente la informaci\u00f3n que maneja una empresa. Sin embargo, no conseguir\u00e1n su objetivo debido a la oposici\u00f3n de las empresas que desarrollan software.  se hace necesario abordar el problema desde una perspectiva distinta: determinar la informaci\u00f3n m\u00ednima que debe representarse en un formato est\u00e1ndar que permita la comunicaci\u00f3n entre programas. De esta forma se conseguir\u00eda la entrada \u00fanica de informaci\u00f3n en la empresa, es decir, que los datos se introdujeran s\u00f3lo una vez en un \u00e1rea y las dem\u00e1s pudieran acceder a la informaci\u00f3n que necesitan.  el primer problema que ralentiza la consecuci\u00f3n del objetivo presentado es que no est\u00e1 definido el alcance de cada conjunto de aplicaciones que atiende las necesidades de las distintas \u00e1reas de la empresa. Por este motivo, la investigaci\u00f3n se centra, en primer lugar, en conocer cada conjunto de aplicaciones, definirlas de forma correcta y descubrir posibles solapes en las funcionalidades que ofrecen.  al mismo tiempo deben identificarse las tendencias en cada aplicaci\u00f3n y compararlas con las necesidades futuras de las peque\u00f1as y medianas empresas del pa\u00eds vasco y navarra. Para ello, se lleva a cabo una encuesta a empresas del entorno, cuyos resultados se plasman en esta tesis.  de los programas estudiados, los que abarcan un mayor n\u00famero de<\/p>\n<p>&nbsp;<\/p>\n<h3>Datos acad\u00e9micos de la tesis doctoral \u00ab<strong>Mdsii. metodolog\u00eda de dise\u00f1os de sistemas de informaci\u00f3n integrados para empresas de fabricaci\u00f3n<\/strong>\u00ab<\/h3>\n<ul>\n<li><strong>T\u00edtulo de la tesis:<\/strong>\u00a0 Mdsii. metodolog\u00eda de dise\u00f1os de sistemas de informaci\u00f3n integrados para empresas de fabricaci\u00f3n <\/li>\n<li><strong>Autor:<\/strong>\u00a0 Javier Santos Garcia <\/li>\n<li><strong>Universidad:<\/strong>\u00a0 Navarra<\/li>\n<li><strong>Fecha de lectura de la tesis:<\/strong>\u00a0 12\/04\/2002<\/li>\n<\/ul>\n<p>&nbsp;<\/p>\n<h3>Direcci\u00f3n y tribunal<\/h3>\n<ul>\n<li><strong>Director de la tesis<\/strong>\n<ul>\n<li>Francisco Martin Abreu<\/li>\n<\/ul>\n<\/li>\n<li><strong>Tribunal<\/strong>\n<ul>\n<li>Presidente del tribunal: Jos\u00e9 german Gimenez ortiz <\/li>\n<li>Francisco Javier Zubillaga zubimendi (vocal)<\/li>\n<li>justino Fern\u00e1ndez d\u00eda (vocal)<\/li>\n<li>  (vocal)<\/li>\n<\/ul>\n<\/li>\n<\/ul>\n<p>&nbsp;<\/p>\n","protected":false},"excerpt":{"rendered":"<p>Tesis doctoral de Javier Santos Garcia La aparici\u00f3n del comercio electr\u00f3nico entre empresas y la necesidad de compartir informaci\u00f3n entre [&hellip;]<\/p>\n","protected":false},"author":1,"featured_media":0,"comment_status":"open","ping_status":"open","sticky":false,"template":"","format":"standard","meta":{"site-sidebar-layout":"default","site-content-layout":"","ast-site-content-layout":"","site-content-style":"default","site-sidebar-style":"default","ast-global-header-display":"","ast-banner-title-visibility":"","ast-main-header-display":"","ast-hfb-above-header-display":"","ast-hfb-below-header-display":"","ast-hfb-mobile-header-display":"","site-post-title":"","ast-breadcrumbs-content":"","ast-featured-img":"","footer-sml-layout":"","theme-transparent-header-meta":"","adv-header-id-meta":"","stick-header-meta":"","header-above-stick-meta":"","header-main-stick-meta":"","header-below-stick-meta":"","astra-migrate-meta-layouts":"default","ast-page-background-enabled":"default","ast-page-background-meta":{"desktop":{"background-color":"var(--ast-global-color-4)","background-image":"","background-repeat":"repeat","background-position":"center center","background-size":"auto","background-attachment":"scroll","background-type":"","background-media":"","overlay-type":"","overlay-color":"","overlay-gradient":""},"tablet":{"background-color":"","background-image":"","background-repeat":"repeat","background-position":"center center","background-size":"auto","background-attachment":"scroll","background-type":"","background-media":"","overlay-type":"","overlay-color":"","overlay-gradient":""},"mobile":{"background-color":"","background-image":"","background-repeat":"repeat","background-position":"center center","background-size":"auto","background-attachment":"scroll","background-type":"","background-media":"","overlay-type":"","overlay-color":"","overlay-gradient":""}},"ast-content-background-meta":{"desktop":{"background-color":"var(--ast-global-color-5)","background-image":"","background-repeat":"repeat","background-position":"center center","background-size":"auto","background-attachment":"scroll","background-type":"","background-media":"","overlay-type":"","overlay-color":"","overlay-gradient":""},"tablet":{"background-color":"var(--ast-global-color-5)","background-image":"","background-repeat":"repeat","background-position":"center center","background-size":"auto","background-attachment":"scroll","background-type":"","background-media":"","overlay-type":"","overlay-color":"","overlay-gradient":""},"mobile":{"background-color":"var(--ast-global-color-5)","background-image":"","background-repeat":"repeat","background-position":"center center","background-size":"auto","background-attachment":"scroll","background-type":"","background-media":"","overlay-type":"","overlay-color":"","overlay-gradient":""}},"footnotes":""},"categories":[1890,82,4149,5099,126,17749,1302,9463],"tags":[12684,51891,51890,18008,51892],"class_list":["post-16415","post","type-post","status-publish","format-standard","hentry","category-ciencia-de-los-ordenadores","category-ciencias-economicas","category-diseno-y-componentes-de-sistemas-de-informacion","category-marketing","category-matematicas","category-navarra","category-organizacion-y-gestion-de-empresas","category-sistemas-automatizados-de-produccion","tag-francisco-javier-zubillaga-zubimendi","tag-francisco-martin-abreu","tag-javier-santos-garcia","tag-jose-german-gimenez-ortiz","tag-justino-fernandez-dia"],"_links":{"self":[{"href":"https:\/\/www.deberes.net\/tesis\/wp-json\/wp\/v2\/posts\/16415","targetHints":{"allow":["GET"]}}],"collection":[{"href":"https:\/\/www.deberes.net\/tesis\/wp-json\/wp\/v2\/posts"}],"about":[{"href":"https:\/\/www.deberes.net\/tesis\/wp-json\/wp\/v2\/types\/post"}],"author":[{"embeddable":true,"href":"https:\/\/www.deberes.net\/tesis\/wp-json\/wp\/v2\/users\/1"}],"replies":[{"embeddable":true,"href":"https:\/\/www.deberes.net\/tesis\/wp-json\/wp\/v2\/comments?post=16415"}],"version-history":[{"count":0,"href":"https:\/\/www.deberes.net\/tesis\/wp-json\/wp\/v2\/posts\/16415\/revisions"}],"wp:attachment":[{"href":"https:\/\/www.deberes.net\/tesis\/wp-json\/wp\/v2\/media?parent=16415"}],"wp:term":[{"taxonomy":"category","embeddable":true,"href":"https:\/\/www.deberes.net\/tesis\/wp-json\/wp\/v2\/categories?post=16415"},{"taxonomy":"post_tag","embeddable":true,"href":"https:\/\/www.deberes.net\/tesis\/wp-json\/wp\/v2\/tags?post=16415"}],"curies":[{"name":"wp","href":"https:\/\/api.w.org\/{rel}","templated":true}]}}