{"id":16448,"date":"2018-03-09T09:04:03","date_gmt":"2018-03-09T09:04:03","guid":{"rendered":"https:\/\/www.deberes.net\/tesis\/sin-categoria\/la-configuracion-de-la-mentalidad-militar-contemporanea-y-el-movimiento-intelectual-castrense-el-siglo-cra%c2%adtico-1800-1900\/"},"modified":"2018-03-09T09:04:03","modified_gmt":"2018-03-09T09:04:03","slug":"la-configuracion-de-la-mentalidad-militar-contemporanea-y-el-movimiento-intelectual-castrense-el-siglo-cra%c2%adtico-1800-1900","status":"publish","type":"post","link":"https:\/\/www.deberes.net\/tesis\/historia\/la-configuracion-de-la-mentalidad-militar-contemporanea-y-el-movimiento-intelectual-castrense-el-siglo-cra%c2%adtico-1800-1900\/","title":{"rendered":"La configuraci\u00f3n de la mentalidad militar contemporanea y el movimiento intelectual castrense. el siglo cr\u00edtico 1800-1900"},"content":{"rendered":"<h2>Tesis doctoral de <strong> Pablo Gonz\u00e1lez-pola De La Granja <\/strong><\/h2>\n<p>La tesis pretende estudiar la evoluci\u00f3n de la mentalidad militar durante el siglo xix, partiendo del ej\u00e9rcito que se forma tras la guerra de la independencia. El ej\u00e9rcito que pasa de real a nacional manifiesta un claro talente liberal, que se forma adem\u00e1s con la lucha contra los carlistas y los pronunciamientos de caudillos liberales. El sexenio liberal supone un periodo importante en la evoluci\u00f3n de la forma de pensar de los militares, que se hacen m\u00e1s conservadores debido al creciente antimilitarismo de la sociedad y sus problemas internos provocados por la pol\u00edtica de favores en los ascensos. El desorden de los generales determina la configuraci\u00f3n de la conciencia militar colectiva en el ej\u00e9rcito, plasmada en la intervenci\u00f3n del general pav\u00eda en el congreso. En pleno sexenio se articula en el ateneo militar un movimiento intelectual militar que pretende profesionalizar y moderar la mentalidad militar. En la restauraci\u00f3n borb\u00f3nica el ej\u00e9rcito intenta poner en pr\u00e1ctica el modelo profesional experimental, pero la temprana muerte de d. Alfonso y el inter\u00e9s tanto de c\u00e1novas como de sagast por controlar al estamento armado y dotarle de una vocaci\u00f3n policial lo impide.  el 1885 se inicia un plano inclinado hacia el desaste de 1898, en el que se agudiza el sentimiento victimista entre los militares, ante la escasez de material y la oposici\u00f3n pol\u00edtica a las grandes reformas propuestas desde el seno de la instituci\u00f3n. Las cr\u00edsticas civiles que presentan al ej\u00e9rcito como principal culpable del desastre y el peso de su responsabilidad provocan una depresi\u00f3n moral en el ej\u00e9rcito que intenta una propuesta regeneracionista patri\u00f3tica a la sociedad.<\/p>\n<p>&nbsp;<\/p>\n<h3>Datos acad\u00e9micos de la tesis doctoral \u00ab<strong>La configuraci\u00f3n de la mentalidad militar contemporanea y el movimiento intelectual castrense. el siglo cr\u00edtico 1800-1900<\/strong>\u00ab<\/h3>\n<ul>\n<li><strong>T\u00edtulo de la tesis:<\/strong>\u00a0 La configuraci\u00f3n de la mentalidad militar contemporanea y el movimiento intelectual castrense. el siglo cr\u00edtico 1800-1900 <\/li>\n<li><strong>Autor:<\/strong>\u00a0 Pablo Gonz\u00e1lez-pola De La Granja <\/li>\n<li><strong>Universidad:<\/strong>\u00a0 Complutense de Madrid<\/li>\n<li><strong>Fecha de lectura de la tesis:<\/strong>\u00a0 17\/04\/2002<\/li>\n<\/ul>\n<p>&nbsp;<\/p>\n<h3>Direcci\u00f3n y tribunal<\/h3>\n<ul>\n<li><strong>Director de la tesis<\/strong>\n<ul>\n<li>Jes\u00fas Timoteo \u00e1lvarez Fernandez<\/li>\n<\/ul>\n<\/li>\n<li><strong>Tribunal<\/strong>\n<ul>\n<li>Presidente del tribunal: alejandro Mu\u00f1oz-alonso ledo <\/li>\n<li>julio Gil pecharroman (vocal)<\/li>\n<li>Fernando Fernandez bastarreche (vocal)<\/li>\n<li>guillermo Calleja leal (vocal)<\/li>\n<\/ul>\n<\/li>\n<\/ul>\n<p>&nbsp;<\/p>\n","protected":false},"excerpt":{"rendered":"<p>Tesis doctoral de Pablo Gonz\u00e1lez-pola De La Granja La tesis pretende estudiar la evoluci\u00f3n de la mentalidad militar durante el [&hellip;]<\/p>\n","protected":false},"author":1,"featured_media":0,"comment_status":"open","ping_status":"open","sticky":false,"template":"","format":"standard","meta":{"site-sidebar-layout":"default","site-content-layout":"","ast-site-content-layout":"","site-content-style":"default","site-sidebar-style":"default","ast-global-header-display":"","ast-banner-title-visibility":"","ast-main-header-display":"","ast-hfb-above-header-display":"","ast-hfb-below-header-display":"","ast-hfb-mobile-header-display":"","site-post-title":"","ast-breadcrumbs-content":"","ast-featured-img":"","footer-sml-layout":"","theme-transparent-header-meta":"","adv-header-id-meta":"","stick-header-meta":"","header-above-stick-meta":"","header-main-stick-meta":"","header-below-stick-meta":"","astra-migrate-meta-layouts":"default","ast-page-background-enabled":"default","ast-page-background-meta":{"desktop":{"background-color":"var(--ast-global-color-4)","background-image":"","background-repeat":"repeat","background-position":"center center","background-size":"auto","background-attachment":"scroll","background-type":"","background-media":"","overlay-type":"","overlay-color":"","overlay-gradient":""},"tablet":{"background-color":"","background-image":"","background-repeat":"repeat","background-position":"center center","background-size":"auto","background-attachment":"scroll","background-type":"","background-media":"","overlay-type":"","overlay-color":"","overlay-gradient":""},"mobile":{"background-color":"","background-image":"","background-repeat":"repeat","background-position":"center center","background-size":"auto","background-attachment":"scroll","background-type":"","background-media":"","overlay-type":"","overlay-color":"","overlay-gradient":""}},"ast-content-background-meta":{"desktop":{"background-color":"var(--ast-global-color-5)","background-image":"","background-repeat":"repeat","background-position":"center center","background-size":"auto","background-attachment":"scroll","background-type":"","background-media":"","overlay-type":"","overlay-color":"","overlay-gradient":""},"tablet":{"background-color":"var(--ast-global-color-5)","background-image":"","background-repeat":"repeat","background-position":"center center","background-size":"auto","background-attachment":"scroll","background-type":"","background-media":"","overlay-type":"","overlay-color":"","overlay-gradient":""},"mobile":{"background-color":"var(--ast-global-color-5)","background-image":"","background-repeat":"repeat","background-position":"center center","background-size":"auto","background-attachment":"scroll","background-type":"","background-media":"","overlay-type":"","overlay-color":"","overlay-gradient":""}},"footnotes":""},"categories":[104,1816,413,220,222],"tags":[36305,4119,41606,5814,4846,51974],"class_list":["post-16448","post","type-post","status-publish","format-standard","hentry","category-historia","category-historia-contemporanea","category-historia-de-la-guerra","category-historia-por-epocas","category-historias-especializadas","tag-alejandro-munoz-alonso-ledo","tag-fernando-fernandez-bastarreche","tag-guillermo-calleja-leal","tag-jesus-timoteo-alvarez-fernandez","tag-julio-gil-pecharroman","tag-pablo-gonzalez-pola-de-la-granja"],"_links":{"self":[{"href":"https:\/\/www.deberes.net\/tesis\/wp-json\/wp\/v2\/posts\/16448","targetHints":{"allow":["GET"]}}],"collection":[{"href":"https:\/\/www.deberes.net\/tesis\/wp-json\/wp\/v2\/posts"}],"about":[{"href":"https:\/\/www.deberes.net\/tesis\/wp-json\/wp\/v2\/types\/post"}],"author":[{"embeddable":true,"href":"https:\/\/www.deberes.net\/tesis\/wp-json\/wp\/v2\/users\/1"}],"replies":[{"embeddable":true,"href":"https:\/\/www.deberes.net\/tesis\/wp-json\/wp\/v2\/comments?post=16448"}],"version-history":[{"count":0,"href":"https:\/\/www.deberes.net\/tesis\/wp-json\/wp\/v2\/posts\/16448\/revisions"}],"wp:attachment":[{"href":"https:\/\/www.deberes.net\/tesis\/wp-json\/wp\/v2\/media?parent=16448"}],"wp:term":[{"taxonomy":"category","embeddable":true,"href":"https:\/\/www.deberes.net\/tesis\/wp-json\/wp\/v2\/categories?post=16448"},{"taxonomy":"post_tag","embeddable":true,"href":"https:\/\/www.deberes.net\/tesis\/wp-json\/wp\/v2\/tags?post=16448"}],"curies":[{"name":"wp","href":"https:\/\/api.w.org\/{rel}","templated":true}]}}