{"id":16459,"date":"2018-03-09T09:04:03","date_gmt":"2018-03-09T09:04:03","guid":{"rendered":"https:\/\/www.deberes.net\/tesis\/sin-categoria\/rituales-orficos\/"},"modified":"2018-03-09T09:04:03","modified_gmt":"2018-03-09T09:04:03","slug":"rituales-orficos","status":"publish","type":"post","link":"https:\/\/www.deberes.net\/tesis\/ciencias-de-las-artes-y-las-letras\/rituales-orficos\/","title":{"rendered":"Rituales \u00f3rficos"},"content":{"rendered":"<h2>Tesis doctoral de <strong> Ana Isabel Jim\u00e9nez San Crist\u00f3bal <\/strong><\/h2>\n<p>La tesis doctoral cuyo t\u00edtulo queda mencionado arriba comienza con el estudio del concepto de telet\u00e9 y la problem\u00e1tica de su traducci\u00f3n a las lenguas modernas. En segundo lugar se analizan los testimonios \u00f3rficos en que telet\u00e9 se perfila como una celebraci\u00f3n ritual en la que participan fieles y oficiantes, que reciben denominaciones espec\u00edficas y est\u00e1n obligados a llevar un modus vivendi propio de iniciados. La descripci\u00f3n de las actividades del ritual se articula en tres apartados. El primero est\u00e1 dedicado a ritos de naturaleza preeminentemente pr\u00e1ctica. El segundo se centra en textos que denotan la relevancia de la palabra en el ritual. En el \u00faltimo apartado se reunen los elementos que revelan la ejecucci\u00f3n de un drama sarco durante el ritual. Asimismo, se analizan las posibles alteraciones fisiol\u00f3gicas y an\u00edmicas, transitorias o perdurables, que los fieles experimentan como consecuencia de la celebraci\u00f3n ritual. La finalidad del rito es la b\u00fasqueda de un conocimiento escatol\u00f3gico que permita al iniciado librarse de su condici\u00f3n de mortal una vez superada la etapa terrenal. Puede establecerse una definici\u00f3n de telet\u00e9 como experiencia an\u00edmica, fundamental e inolvidable donde se ensaya una representaci\u00f3n de lo que suceder\u00e1 tras la muerte del cuerpo. Al final del trabajo se compendian los textos y la bibliograf\u00eda que se consideran pertinentes para el estudio de los rituales.<\/p>\n<p>&nbsp;<\/p>\n<h3>Datos acad\u00e9micos de la tesis doctoral \u00ab<strong>Rituales \u00f3rficos<\/strong>\u00ab<\/h3>\n<ul>\n<li><strong>T\u00edtulo de la tesis:<\/strong>\u00a0 Rituales \u00f3rficos <\/li>\n<li><strong>Autor:<\/strong>\u00a0 Ana Isabel Jim\u00e9nez San Crist\u00f3bal <\/li>\n<li><strong>Universidad:<\/strong>\u00a0 Complutense de Madrid<\/li>\n<li><strong>Fecha de lectura de la tesis:<\/strong>\u00a0 18\/04\/2002<\/li>\n<\/ul>\n<p>&nbsp;<\/p>\n<h3>Direcci\u00f3n y tribunal<\/h3>\n<ul>\n<li><strong>Director de la tesis<\/strong>\n<ul>\n<li>Alberto Bernabe Pajares<\/li>\n<\/ul>\n<\/li>\n<li><strong>Tribunal<\/strong>\n<ul>\n<li>Presidente del tribunal: enrique Oton sobrino <\/li>\n<li>luc Brisson (vocal)<\/li>\n<li>julia Mendoza tu\u00f1on (vocal)<\/li>\n<li>francesc Casades\u00fas  bordoy (vocal)<\/li>\n<\/ul>\n<\/li>\n<\/ul>\n<p>&nbsp;<\/p>\n","protected":false},"excerpt":{"rendered":"<p>Tesis doctoral de Ana Isabel Jim\u00e9nez San Crist\u00f3bal La tesis doctoral cuyo t\u00edtulo queda mencionado arriba comienza con el estudio [&hellip;]<\/p>\n","protected":false},"author":1,"featured_media":0,"comment_status":"open","ping_status":"open","sticky":false,"template":"","format":"standard","meta":{"site-sidebar-layout":"default","site-content-layout":"","ast-site-content-layout":"","site-content-style":"default","site-sidebar-style":"default","ast-global-header-display":"","ast-banner-title-visibility":"","ast-main-header-display":"","ast-hfb-above-header-display":"","ast-hfb-below-header-display":"","ast-hfb-mobile-header-display":"","site-post-title":"","ast-breadcrumbs-content":"","ast-featured-img":"","footer-sml-layout":"","theme-transparent-header-meta":"","adv-header-id-meta":"","stick-header-meta":"","header-above-stick-meta":"","header-main-stick-meta":"","header-below-stick-meta":"","astra-migrate-meta-layouts":"default","ast-page-background-enabled":"default","ast-page-background-meta":{"desktop":{"background-color":"var(--ast-global-color-4)","background-image":"","background-repeat":"repeat","background-position":"center center","background-size":"auto","background-attachment":"scroll","background-type":"","background-media":"","overlay-type":"","overlay-color":"","overlay-gradient":""},"tablet":{"background-color":"","background-image":"","background-repeat":"repeat","background-position":"center center","background-size":"auto","background-attachment":"scroll","background-type":"","background-media":"","overlay-type":"","overlay-color":"","overlay-gradient":""},"mobile":{"background-color":"","background-image":"","background-repeat":"repeat","background-position":"center center","background-size":"auto","background-attachment":"scroll","background-type":"","background-media":"","overlay-type":"","overlay-color":"","overlay-gradient":""}},"ast-content-background-meta":{"desktop":{"background-color":"var(--ast-global-color-5)","background-image":"","background-repeat":"repeat","background-position":"center center","background-size":"auto","background-attachment":"scroll","background-type":"","background-media":"","overlay-type":"","overlay-color":"","overlay-gradient":""},"tablet":{"background-color":"var(--ast-global-color-5)","background-image":"","background-repeat":"repeat","background-position":"center center","background-size":"auto","background-attachment":"scroll","background-type":"","background-media":"","overlay-type":"","overlay-color":"","overlay-gradient":""},"mobile":{"background-color":"var(--ast-global-color-5)","background-image":"","background-repeat":"repeat","background-position":"center center","background-size":"auto","background-attachment":"scroll","background-type":"","background-media":"","overlay-type":"","overlay-color":"","overlay-gradient":""}},"footnotes":""},"categories":[148,147,628],"tags":[6993,52007,5095,52009,5504,52008],"class_list":["post-16459","post","type-post","status-publish","format-standard","hentry","category-analisis-literario","category-ciencias-de-las-artes-y-las-letras","category-teoria-analisis-y-critica-literarios","tag-alberto-bernabe-pajares","tag-ana-isabel-jimenez-san-cristobal","tag-enrique-oton-sobrino","tag-francesc-casadesus-bordoy","tag-julia-mendoza-tunon","tag-luc-brisson"],"_links":{"self":[{"href":"https:\/\/www.deberes.net\/tesis\/wp-json\/wp\/v2\/posts\/16459","targetHints":{"allow":["GET"]}}],"collection":[{"href":"https:\/\/www.deberes.net\/tesis\/wp-json\/wp\/v2\/posts"}],"about":[{"href":"https:\/\/www.deberes.net\/tesis\/wp-json\/wp\/v2\/types\/post"}],"author":[{"embeddable":true,"href":"https:\/\/www.deberes.net\/tesis\/wp-json\/wp\/v2\/users\/1"}],"replies":[{"embeddable":true,"href":"https:\/\/www.deberes.net\/tesis\/wp-json\/wp\/v2\/comments?post=16459"}],"version-history":[{"count":0,"href":"https:\/\/www.deberes.net\/tesis\/wp-json\/wp\/v2\/posts\/16459\/revisions"}],"wp:attachment":[{"href":"https:\/\/www.deberes.net\/tesis\/wp-json\/wp\/v2\/media?parent=16459"}],"wp:term":[{"taxonomy":"category","embeddable":true,"href":"https:\/\/www.deberes.net\/tesis\/wp-json\/wp\/v2\/categories?post=16459"},{"taxonomy":"post_tag","embeddable":true,"href":"https:\/\/www.deberes.net\/tesis\/wp-json\/wp\/v2\/tags?post=16459"}],"curies":[{"name":"wp","href":"https:\/\/api.w.org\/{rel}","templated":true}]}}