{"id":16466,"date":"2018-03-09T09:04:05","date_gmt":"2018-03-09T09:04:05","guid":{"rendered":"https:\/\/www.deberes.net\/tesis\/sin-categoria\/estudio-interlinga%c2%bca%c2%adstico-del-instrumento-comitativo-y-medio\/"},"modified":"2018-03-09T09:04:05","modified_gmt":"2018-03-09T09:04:05","slug":"estudio-interlinga%c2%bca%c2%adstico-del-instrumento-comitativo-y-medio","status":"publish","type":"post","link":"https:\/\/www.deberes.net\/tesis\/linguistica\/estudio-interlinga%c2%bca%c2%adstico-del-instrumento-comitativo-y-medio\/","title":{"rendered":"Estudio interlingu\u00edstico del instrumento, comitativo y medio"},"content":{"rendered":"<h2>Tesis doctoral de <strong> Carmen Conti Jim\u00e9nez <\/strong><\/h2>\n<p>Este trabajo se centra fundamentalmente en el estudio de las relaciones de instrumento, comitativo y medio, as\u00ed como en el an\u00e1lisis de aquellos fen\u00f3menos sem\u00e1nticos asociados que se atestiguan en diversas lenguas. Para ello, se ha partido de la clasificaci\u00f3n y descripci\u00f3n de los distintos marcadores morfosint\u00e1cticos documentados en un corpus interling\u00ed\u00bc\u00edstico de 127 lenguas. Nuestro trabajo se estructura en tres fases esenciales: la selecci\u00f3n de un corpus, la clasificaci\u00f3n de los ejemplos del corpus, el establecimiento de generalizaciones y, finalmente, su explicaci\u00f3n. Nuestra propuesta consiste esencialmente en admitir que el instrumento, el comitativo y el medio son relaciones que pueden comportarse como subtipos de causas, pero tambi\u00e9n como subtipos de metas y como intermediarios o relaciones en las que no predomina una interpretaci\u00f3n causal o de paciente. Asimismo, defendemos que el instrumento, comitativo y medio forman parte de una categor\u00eda o relaci\u00f3n m\u00e1s abstracta llamada concomitancia, cuyo rasgo esencial es la inclusi\u00f3n de relaciones de causa, de meta-paciente y de intermediario no protot\u00edpicas.<\/p>\n<p>&nbsp;<\/p>\n<h3>Datos acad\u00e9micos de la tesis doctoral \u00ab<strong>Estudio interlingu\u00edstico del instrumento, comitativo y medio<\/strong>\u00ab<\/h3>\n<ul>\n<li><strong>T\u00edtulo de la tesis:<\/strong>\u00a0 Estudio interlingu\u00edstico del instrumento, comitativo y medio <\/li>\n<li><strong>Autor:<\/strong>\u00a0 Carmen Conti Jim\u00e9nez <\/li>\n<li><strong>Universidad:<\/strong>\u00a0 Aut\u00f3noma de Madrid<\/li>\n<li><strong>Fecha de lectura de la tesis:<\/strong>\u00a0 18\/04\/2002<\/li>\n<\/ul>\n<p>&nbsp;<\/p>\n<h3>Direcci\u00f3n y tribunal<\/h3>\n<ul>\n<li><strong>Director de la tesis<\/strong>\n<ul>\n<li>Juan  Carlos Moreno Cabrera<\/li>\n<\/ul>\n<\/li>\n<li><strong>Tribunal<\/strong>\n<ul>\n<li>Presidente del tribunal: Francisco Marcos mar\u00edn <\/li>\n<li>angel Alonso cortes manteca (vocal)<\/li>\n<li>Emilio Crespo g\u00ed\u00bcemes (vocal)<\/li>\n<li> Val \u00e1lvaro Jos\u00e9 Francisco (vocal)<\/li>\n<\/ul>\n<\/li>\n<\/ul>\n<p>&nbsp;<\/p>\n","protected":false},"excerpt":{"rendered":"<p>Tesis doctoral de Carmen Conti Jim\u00e9nez Este trabajo se centra fundamentalmente en el estudio de las relaciones de instrumento, comitativo [&hellip;]<\/p>\n","protected":false},"author":1,"featured_media":0,"comment_status":"open","ping_status":"open","sticky":false,"template":"","format":"standard","meta":{"site-sidebar-layout":"default","site-content-layout":"","ast-site-content-layout":"","site-content-style":"default","site-sidebar-style":"default","ast-global-header-display":"","ast-banner-title-visibility":"","ast-main-header-display":"","ast-hfb-above-header-display":"","ast-hfb-below-header-display":"","ast-hfb-mobile-header-display":"","site-post-title":"","ast-breadcrumbs-content":"","ast-featured-img":"","footer-sml-layout":"","theme-transparent-header-meta":"","adv-header-id-meta":"","stick-header-meta":"","header-above-stick-meta":"","header-main-stick-meta":"","header-below-stick-meta":"","astra-migrate-meta-layouts":"default","ast-page-background-enabled":"default","ast-page-background-meta":{"desktop":{"background-color":"var(--ast-global-color-4)","background-image":"","background-repeat":"repeat","background-position":"center center","background-size":"auto","background-attachment":"scroll","background-type":"","background-media":"","overlay-type":"","overlay-color":"","overlay-gradient":""},"tablet":{"background-color":"","background-image":"","background-repeat":"repeat","background-position":"center center","background-size":"auto","background-attachment":"scroll","background-type":"","background-media":"","overlay-type":"","overlay-color":"","overlay-gradient":""},"mobile":{"background-color":"","background-image":"","background-repeat":"repeat","background-position":"center center","background-size":"auto","background-attachment":"scroll","background-type":"","background-media":"","overlay-type":"","overlay-color":"","overlay-gradient":""}},"ast-content-background-meta":{"desktop":{"background-color":"var(--ast-global-color-5)","background-image":"","background-repeat":"repeat","background-position":"center center","background-size":"auto","background-attachment":"scroll","background-type":"","background-media":"","overlay-type":"","overlay-color":"","overlay-gradient":""},"tablet":{"background-color":"var(--ast-global-color-5)","background-image":"","background-repeat":"repeat","background-position":"center center","background-size":"auto","background-attachment":"scroll","background-type":"","background-media":"","overlay-type":"","overlay-color":"","overlay-gradient":""},"mobile":{"background-color":"var(--ast-global-color-5)","background-image":"","background-repeat":"repeat","background-position":"center center","background-size":"auto","background-attachment":"scroll","background-type":"","background-media":"","overlay-type":"","overlay-color":"","overlay-gradient":""}},"footnotes":""},"categories":[59,62,886],"tags":[37357,52025,52026,3972,2545,29002],"class_list":["post-16466","post","type-post","status-publish","format-standard","hentry","category-linguistica","category-linguistica-sincronica","category-semantica","tag-angel-alonso-cortes-manteca","tag-carmen-conti-jimenez","tag-emilio-crespo-giemes","tag-francisco-marcos-marin","tag-juan-carlos-moreno-cabrera","tag-val-alvaro-jose-francisco"],"_links":{"self":[{"href":"https:\/\/www.deberes.net\/tesis\/wp-json\/wp\/v2\/posts\/16466","targetHints":{"allow":["GET"]}}],"collection":[{"href":"https:\/\/www.deberes.net\/tesis\/wp-json\/wp\/v2\/posts"}],"about":[{"href":"https:\/\/www.deberes.net\/tesis\/wp-json\/wp\/v2\/types\/post"}],"author":[{"embeddable":true,"href":"https:\/\/www.deberes.net\/tesis\/wp-json\/wp\/v2\/users\/1"}],"replies":[{"embeddable":true,"href":"https:\/\/www.deberes.net\/tesis\/wp-json\/wp\/v2\/comments?post=16466"}],"version-history":[{"count":0,"href":"https:\/\/www.deberes.net\/tesis\/wp-json\/wp\/v2\/posts\/16466\/revisions"}],"wp:attachment":[{"href":"https:\/\/www.deberes.net\/tesis\/wp-json\/wp\/v2\/media?parent=16466"}],"wp:term":[{"taxonomy":"category","embeddable":true,"href":"https:\/\/www.deberes.net\/tesis\/wp-json\/wp\/v2\/categories?post=16466"},{"taxonomy":"post_tag","embeddable":true,"href":"https:\/\/www.deberes.net\/tesis\/wp-json\/wp\/v2\/tags?post=16466"}],"curies":[{"name":"wp","href":"https:\/\/api.w.org\/{rel}","templated":true}]}}