{"id":16473,"date":"2018-03-09T09:04:06","date_gmt":"2018-03-09T09:04:06","guid":{"rendered":"https:\/\/www.deberes.net\/tesis\/sin-categoria\/fondo-ritual-y-espectaculo-teatral-en-la-fiesta-tradicional-y-popular-la-patum-de-berga\/"},"modified":"2018-03-09T09:04:06","modified_gmt":"2018-03-09T09:04:06","slug":"fondo-ritual-y-espectaculo-teatral-en-la-fiesta-tradicional-y-popular-la-patum-de-berga","status":"publish","type":"post","link":"https:\/\/www.deberes.net\/tesis\/historia\/fondo-ritual-y-espectaculo-teatral-en-la-fiesta-tradicional-y-popular-la-patum-de-berga\/","title":{"rendered":"Fondo ritual y espect\u00e1culo teatral en la fiesta tradicional y popular: la patum de berga"},"content":{"rendered":"<h2>Tesis doctoral de <strong> Iolanda Garcia Madariaga <\/strong><\/h2>\n<p>La patum de berga es un fen\u00f3meno muy complejo que ha desencadenado una nutrida literatura e investigaciones desde diversos \u00e1mbitos de estudio. pero, por encima de cualquier otra consideraci\u00f3n, se trata de un espect\u00e1culo vivo que goza de prestigio y de \u00e9xito. Las ra\u00edces hist\u00f3ricas de este fen\u00f3meno, claramente teatral, se remontan a la instauraci\u00f3n y celebraci\u00f3n del corpus christi. Su evoluci\u00f3n, desde la antigua procesi\u00f3n hasta el actual espect\u00e1culo de participaci\u00f3n ciudadana, da not\u00edcia de las transformaciones socio-econ\u00f3micas i pol\u00edticas que han construido la historia de la ciudad de berga. En un an\u00e1lisis antropol\u00f3gico podemos observar la confluencia de ritos de paso, ritos agrarios, la representaci\u00f3n de mitos y leyendas fundacionales y luchas primigenias entre el bien y el mal. Desde la sociolog\u00eda, la patum se convierte en un magn\u00edfico documento del \u00abcorpus\u00bb social de la ciudad.  la investigaci\u00f3n que proponemos se inscribe dentro del marco de la fiesta tradicional entendida como espect\u00e1culo teatral. En toda fiesta popular vemos unas caracter\u00edsticas que la sit\u00faan en un campo de an\u00e1lisis de la historia del arte en su vertiente espectacular: el arte de la representaci\u00f3n. este an\u00e1lisis nos ayuda a determinar el or\u00edgen del teatro y completa la visi\u00f3n de cierto tipo de espect\u00e1culos teatrales contempor\u00e1neos que toman elementos de la fiesta tradicional. La patum de berga reune todas las caracter\u00edsticas de la fiesta tradicional y popular y recoge todos los elementos que, en formas diversas, se encuentran en la mayor parte de fiestas del \u00e1mbito mediterr\u00e1neo. Por otra parte, en una de las fiestas tradicionles catalanas que posee una historia m\u00e1s documentada, lo que nos permite establecer una evoluci\u00f3n de los diferentes elementos que conforman la fiesta, que han llegado hasta nuestros d\u00edas y que se incorporan a determinados espect\u00e1culos teatrales, tanto de calle como de sala, que gozan del reconocimiento de la<\/p>\n<p>&nbsp;<\/p>\n<h3>Datos acad\u00e9micos de la tesis doctoral \u00ab<strong>Fondo ritual y espect\u00e1culo teatral en la fiesta tradicional y popular: la patum de berga<\/strong>\u00ab<\/h3>\n<ul>\n<li><strong>T\u00edtulo de la tesis:<\/strong>\u00a0 Fondo ritual y espect\u00e1culo teatral en la fiesta tradicional y popular: la patum de berga <\/li>\n<li><strong>Autor:<\/strong>\u00a0 Iolanda Garcia Madariaga <\/li>\n<li><strong>Universidad:<\/strong>\u00a0 Barcelona<\/li>\n<li><strong>Fecha de lectura de la tesis:<\/strong>\u00a0 19\/04\/2002<\/li>\n<\/ul>\n<p>&nbsp;<\/p>\n<h3>Direcci\u00f3n y tribunal<\/h3>\n<ul>\n<li><strong>Director de la tesis<\/strong>\n<ul>\n<li>Mar\u00eda  Josep Ragu\u00e9  Arias<\/li>\n<\/ul>\n<\/li>\n<li><strong>Tribunal<\/strong>\n<ul>\n<li>Presidente del tribunal: ricardo Salvat ferr\u00e9 <\/li>\n<li>cesar Oliva olivares (vocal)<\/li>\n<li>Manuel Delgado ruiz (vocal)<\/li>\n<li>Mar\u00eda no de Paco moya (vocal)<\/li>\n<\/ul>\n<\/li>\n<\/ul>\n<p>&nbsp;<\/p>\n","protected":false},"excerpt":{"rendered":"<p>Tesis doctoral de Iolanda Garcia Madariaga La patum de berga es un fen\u00f3meno muy complejo que ha desencadenado una nutrida [&hellip;]<\/p>\n","protected":false},"author":1,"featured_media":0,"comment_status":"open","ping_status":"open","sticky":false,"template":"","format":"standard","meta":{"site-sidebar-layout":"default","site-content-layout":"","ast-site-content-layout":"","site-content-style":"default","site-sidebar-style":"default","ast-global-header-display":"","ast-banner-title-visibility":"","ast-main-header-display":"","ast-hfb-above-header-display":"","ast-hfb-below-header-display":"","ast-hfb-mobile-header-display":"","site-post-title":"","ast-breadcrumbs-content":"","ast-featured-img":"","footer-sml-layout":"","theme-transparent-header-meta":"","adv-header-id-meta":"","stick-header-meta":"","header-above-stick-meta":"","header-main-stick-meta":"","header-below-stick-meta":"","astra-migrate-meta-layouts":"default","ast-page-background-enabled":"default","ast-page-background-meta":{"desktop":{"background-color":"var(--ast-global-color-4)","background-image":"","background-repeat":"repeat","background-position":"center center","background-size":"auto","background-attachment":"scroll","background-type":"","background-media":"","overlay-type":"","overlay-color":"","overlay-gradient":""},"tablet":{"background-color":"","background-image":"","background-repeat":"repeat","background-position":"center center","background-size":"auto","background-attachment":"scroll","background-type":"","background-media":"","overlay-type":"","overlay-color":"","overlay-gradient":""},"mobile":{"background-color":"","background-image":"","background-repeat":"repeat","background-position":"center center","background-size":"auto","background-attachment":"scroll","background-type":"","background-media":"","overlay-type":"","overlay-color":"","overlay-gradient":""}},"ast-content-background-meta":{"desktop":{"background-color":"var(--ast-global-color-5)","background-image":"","background-repeat":"repeat","background-position":"center center","background-size":"auto","background-attachment":"scroll","background-type":"","background-media":"","overlay-type":"","overlay-color":"","overlay-gradient":""},"tablet":{"background-color":"var(--ast-global-color-5)","background-image":"","background-repeat":"repeat","background-position":"center center","background-size":"auto","background-attachment":"scroll","background-type":"","background-media":"","overlay-type":"","overlay-color":"","overlay-gradient":""},"mobile":{"background-color":"var(--ast-global-color-5)","background-image":"","background-repeat":"repeat","background-position":"center center","background-size":"auto","background-attachment":"scroll","background-type":"","background-media":"","overlay-type":"","overlay-color":"","overlay-gradient":""}},"footnotes":""},"categories":[681,983,951,147,4592,726,104,1014,222,1110,1111],"tags":[1871,52039,19674,52040,8643,1873],"class_list":["post-16473","post","type-post","status-publish","format-standard","hentry","category-antropologia","category-antropologia-cultural","category-barcelona","category-ciencias-de-las-artes-y-las-letras","category-danzas-y-fiestas","category-etnografia-y-etnologia","category-historia","category-historia-del-arte","category-historias-especializadas","category-teatro","category-teoria-analisis-y-critica-de-las-bellas-artes","tag-cesar-oliva-olivares","tag-iolanda-garcia-madariaga","tag-manuel-delgado-ruiz","tag-maria-josep-rague-arias","tag-maria-no-de-paco-moya","tag-ricardo-salvat-ferre"],"_links":{"self":[{"href":"https:\/\/www.deberes.net\/tesis\/wp-json\/wp\/v2\/posts\/16473","targetHints":{"allow":["GET"]}}],"collection":[{"href":"https:\/\/www.deberes.net\/tesis\/wp-json\/wp\/v2\/posts"}],"about":[{"href":"https:\/\/www.deberes.net\/tesis\/wp-json\/wp\/v2\/types\/post"}],"author":[{"embeddable":true,"href":"https:\/\/www.deberes.net\/tesis\/wp-json\/wp\/v2\/users\/1"}],"replies":[{"embeddable":true,"href":"https:\/\/www.deberes.net\/tesis\/wp-json\/wp\/v2\/comments?post=16473"}],"version-history":[{"count":0,"href":"https:\/\/www.deberes.net\/tesis\/wp-json\/wp\/v2\/posts\/16473\/revisions"}],"wp:attachment":[{"href":"https:\/\/www.deberes.net\/tesis\/wp-json\/wp\/v2\/media?parent=16473"}],"wp:term":[{"taxonomy":"category","embeddable":true,"href":"https:\/\/www.deberes.net\/tesis\/wp-json\/wp\/v2\/categories?post=16473"},{"taxonomy":"post_tag","embeddable":true,"href":"https:\/\/www.deberes.net\/tesis\/wp-json\/wp\/v2\/tags?post=16473"}],"curies":[{"name":"wp","href":"https:\/\/api.w.org\/{rel}","templated":true}]}}