{"id":16484,"date":"2018-03-09T09:04:08","date_gmt":"2018-03-09T09:04:08","guid":{"rendered":"https:\/\/www.deberes.net\/tesis\/sin-categoria\/las-matematicas-en-la-educacion-de-personas-adultas\/"},"modified":"2018-03-09T09:04:08","modified_gmt":"2018-03-09T09:04:08","slug":"las-matematicas-en-la-educacion-de-personas-adultas","status":"publish","type":"post","link":"https:\/\/www.deberes.net\/tesis\/pedagogia\/las-matematicas-en-la-educacion-de-personas-adultas\/","title":{"rendered":"Las matematicas en la educaci\u00f3n de personas adultas"},"content":{"rendered":"<h2>Tesis doctoral de <strong> Pedro Plaza Menendez <\/strong><\/h2>\n<p>En la primera parte de este trabajo se intenta encontrar las necesidades matem\u00e1ticas actuales de las personas adultas, qu\u00e9 matem\u00e1ticas debe manejar una persona adulta para tener mayor nivel de autonom\u00eda en su vida cotidiana, en su quehacer laboral y como parte activa de una sociedad democr\u00e1tica. qu\u00e9 matem\u00e1ticas debe conocer para enfrentarse al mundo sin desconfianza, con instrumentos suficientes que le permitan entender lo que le rodea y tomar las decisiones que m\u00e1s le convenga.  en segundo lugar, se pretende demostrar la capacidad de las personas adultas con bajo nivel de escolarizaci\u00f3n, de generar procedimientos y algoritmos matem\u00e1ticos no acad\u00e9micos, para ser usados en su vida diaria. Distintas formas de contar, sumar, restar, multiplicar, dividir, resolver proporciones o calcular superficies, alejadas de estrategias aprendidas en el aula y modificadas y perfeccionadas con la pr\u00e1ctica.  por \u00faltimo, con la vista puesta en las necesidades matem\u00e1ticas anteriores, se justifica una propuesta de trabajo para llevar a cabo en el nivel b\u00e1sico de la epa: cu\u00e1les ser\u00e1n los contendios matem\u00e1ticos a tratar en este nivel, qu\u00e9 metodolog\u00eda es la apropiada y cu\u00e1l deber\u00eda ser el proceso de evaluaci\u00f3n a utilizar.<\/p>\n<p>&nbsp;<\/p>\n<h3>Datos acad\u00e9micos de la tesis doctoral \u00ab<strong>Las matematicas en la educaci\u00f3n de personas adultas<\/strong>\u00ab<\/h3>\n<ul>\n<li><strong>T\u00edtulo de la tesis:<\/strong>\u00a0 Las matematicas en la educaci\u00f3n de personas adultas <\/li>\n<li><strong>Autor:<\/strong>\u00a0 Pedro Plaza Menendez <\/li>\n<li><strong>Universidad:<\/strong>\u00a0 Complutense de Madrid<\/li>\n<li><strong>Fecha de lectura de la tesis:<\/strong>\u00a0 19\/04\/2002<\/li>\n<\/ul>\n<p>&nbsp;<\/p>\n<h3>Direcci\u00f3n y tribunal<\/h3>\n<ul>\n<li><strong>Director de la tesis<\/strong>\n<ul>\n<li>Josefa Cabello Mart\u00ednez<\/li>\n<\/ul>\n<\/li>\n<li><strong>Tribunal<\/strong>\n<ul>\n<li>Presidente del tribunal: manuel Alvarez mendez <\/li>\n<li> Oliveras contreras Mar\u00eda  Luisa (vocal)<\/li>\n<li>Jorge Torres santome (vocal)<\/li>\n<li>Manuel Collado broncano (vocal)<\/li>\n<\/ul>\n<\/li>\n<\/ul>\n<p>&nbsp;<\/p>\n","protected":false},"excerpt":{"rendered":"<p>Tesis doctoral de Pedro Plaza Menendez En la primera parte de este trabajo se intenta encontrar las necesidades matem\u00e1ticas actuales [&hellip;]<\/p>\n","protected":false},"author":1,"featured_media":0,"comment_status":"open","ping_status":"open","sticky":false,"template":"","format":"standard","meta":{"site-sidebar-layout":"default","site-content-layout":"","ast-site-content-layout":"","site-content-style":"default","site-sidebar-style":"default","ast-global-header-display":"","ast-banner-title-visibility":"","ast-main-header-display":"","ast-hfb-above-header-display":"","ast-hfb-below-header-display":"","ast-hfb-mobile-header-display":"","site-post-title":"","ast-breadcrumbs-content":"","ast-featured-img":"","footer-sml-layout":"","theme-transparent-header-meta":"","adv-header-id-meta":"","stick-header-meta":"","header-above-stick-meta":"","header-main-stick-meta":"","header-below-stick-meta":"","astra-migrate-meta-layouts":"default","ast-page-background-enabled":"default","ast-page-background-meta":{"desktop":{"background-color":"var(--ast-global-color-4)","background-image":"","background-repeat":"repeat","background-position":"center center","background-size":"auto","background-attachment":"scroll","background-type":"","background-media":"","overlay-type":"","overlay-color":"","overlay-gradient":""},"tablet":{"background-color":"","background-image":"","background-repeat":"repeat","background-position":"center center","background-size":"auto","background-attachment":"scroll","background-type":"","background-media":"","overlay-type":"","overlay-color":"","overlay-gradient":""},"mobile":{"background-color":"","background-image":"","background-repeat":"repeat","background-position":"center center","background-size":"auto","background-attachment":"scroll","background-type":"","background-media":"","overlay-type":"","overlay-color":"","overlay-gradient":""}},"ast-content-background-meta":{"desktop":{"background-color":"var(--ast-global-color-5)","background-image":"","background-repeat":"repeat","background-position":"center center","background-size":"auto","background-attachment":"scroll","background-type":"","background-media":"","overlay-type":"","overlay-color":"","overlay-gradient":""},"tablet":{"background-color":"var(--ast-global-color-5)","background-image":"","background-repeat":"repeat","background-position":"center center","background-size":"auto","background-attachment":"scroll","background-type":"","background-media":"","overlay-type":"","overlay-color":"","overlay-gradient":""},"mobile":{"background-color":"var(--ast-global-color-5)","background-image":"","background-repeat":"repeat","background-position":"center center","background-size":"auto","background-attachment":"scroll","background-type":"","background-media":"","overlay-type":"","overlay-color":"","overlay-gradient":""}},"footnotes":""},"categories":[13042,1184,1141],"tags":[7483,7871,38980,31621,22225,52063],"class_list":["post-16484","post","type-post","status-publish","format-standard","hentry","category-educacion-de-adultos","category-organizacion-y-planificacion-de-la-educacion","category-pedagogia","tag-jorge-torres-santome","tag-josefa-cabello-Martinez","tag-manuel-alvarez-mendez","tag-manuel-collado-broncano","tag-oliveras-contreras-maria-luisa","tag-pedro-plaza-menendez"],"_links":{"self":[{"href":"https:\/\/www.deberes.net\/tesis\/wp-json\/wp\/v2\/posts\/16484","targetHints":{"allow":["GET"]}}],"collection":[{"href":"https:\/\/www.deberes.net\/tesis\/wp-json\/wp\/v2\/posts"}],"about":[{"href":"https:\/\/www.deberes.net\/tesis\/wp-json\/wp\/v2\/types\/post"}],"author":[{"embeddable":true,"href":"https:\/\/www.deberes.net\/tesis\/wp-json\/wp\/v2\/users\/1"}],"replies":[{"embeddable":true,"href":"https:\/\/www.deberes.net\/tesis\/wp-json\/wp\/v2\/comments?post=16484"}],"version-history":[{"count":0,"href":"https:\/\/www.deberes.net\/tesis\/wp-json\/wp\/v2\/posts\/16484\/revisions"}],"wp:attachment":[{"href":"https:\/\/www.deberes.net\/tesis\/wp-json\/wp\/v2\/media?parent=16484"}],"wp:term":[{"taxonomy":"category","embeddable":true,"href":"https:\/\/www.deberes.net\/tesis\/wp-json\/wp\/v2\/categories?post=16484"},{"taxonomy":"post_tag","embeddable":true,"href":"https:\/\/www.deberes.net\/tesis\/wp-json\/wp\/v2\/tags?post=16484"}],"curies":[{"name":"wp","href":"https:\/\/api.w.org\/{rel}","templated":true}]}}