{"id":16494,"date":"2018-03-09T09:04:08","date_gmt":"2018-03-09T09:04:08","guid":{"rendered":"https:\/\/www.deberes.net\/tesis\/sin-categoria\/caracterizacio-de-les-propietatas-estrcuturals-i-funcionals-de-les-proteines-de-moviment-p7-i-p9-del-virus-del-pigat-del-clavell-carmv\/"},"modified":"2018-03-09T09:04:08","modified_gmt":"2018-03-09T09:04:08","slug":"caracterizacio-de-les-propietatas-estrcuturals-i-funcionals-de-les-proteines-de-moviment-p7-i-p9-del-virus-del-pigat-del-clavell-carmv","status":"publish","type":"post","link":"https:\/\/www.deberes.net\/tesis\/quimica\/caracterizacio-de-les-propietatas-estrcuturals-i-funcionals-de-les-proteines-de-moviment-p7-i-p9-del-virus-del-pigat-del-clavell-carmv\/","title":{"rendered":"Caracterizacio de les propietatas estrcuturals i funcionals de les proteines de moviment p7 i p9 del virus del pigat del clavell (carmv)"},"content":{"rendered":"<h2>Tesis doctoral de <strong> Marcial Vilar Cervero <\/strong><\/h2>\n<p>La diseminaci\u00f3n de las infecciones v\u00edricas a toda la extensi\u00f3n de la planta est\u00e1 mediada por unas proteinas codificadas por los propios virus denominadas proteinas de movimiento (pm) (1). Las proteinas de movimiento se producen en las celulas de planta infectadas y participan de forma activa en el movimiento intra e intercelular del virus mediante la formaci\u00f3n de complejos ribonucleoproteicos con el genoma virico. Estos complejos pueden moverse a trav\u00e9s del plasmadesmata, que son microcanales especializados que conectan entre si a las celulas vegetales. Una de las pocas proteinas de movimiento parcialmente caracterizadas hasta el momento es la del virus del mosaico del tabaco (tmv) que se considera que un modelo de proteina de movimiento. Esta proteina une acido ribonucleico (rna) de cadena simple en experimentos in vitro y participa de forma activa en el movimiento de una celula a otra del genoma virico. El estudio estructural de proteinas de elevado peso molecular es complicado debido a su extrema complejidad. en el caso particular de las proteinas de movimientos de virus esta complejidad esta todavia mayor debido a la presencia de dos dominios estructurales, uno de ellos definido como dominio integral de membrana. En nuestro grupo estamos interesados en la caracterizaci\u00f3n estructural y funcional de proteinas de membrana(3) y como metodo de estudio hemos propuesto un analisis bio-retroestructural de estas proteinas. Teniendo en cuenta el modelo topologico propuesto para la proteina de movimiento del tmv, un modelo ideal para el estudio de estas proteinas consistiria en encontrar un virus en el que la funcion de la proteina de movimiento recayese en dos proteinas distintas, una proteina integral de membrana y una proteina citosolica que se una al rna virico y esta interacci\u00f3n induzca la union a la proteina de membrana, formando u n complejo rna\/proteina activo. En nuestro grupo, en colaboracion con investigadores del csic, hemos de<\/p>\n<p>&nbsp;<\/p>\n<h3>Datos acad\u00e9micos de la tesis doctoral \u00ab<strong>Caracterizacio de les propietatas estrcuturals i funcionals de les proteines de moviment p7 i p9 del virus del pigat del clavell (carmv)<\/strong>\u00ab<\/h3>\n<ul>\n<li><strong>T\u00edtulo de la tesis:<\/strong>\u00a0 Caracterizacio de les propietatas estrcuturals i funcionals de les proteines de moviment p7 i p9 del virus del pigat del clavell (carmv) <\/li>\n<li><strong>Autor:<\/strong>\u00a0 Marcial Vilar Cervero <\/li>\n<li><strong>Universidad:<\/strong>\u00a0 Universitat de val\u00e9ncia (estudi general)<\/li>\n<li><strong>Fecha de lectura de la tesis:<\/strong>\u00a0 19\/04\/2002<\/li>\n<\/ul>\n<p>&nbsp;<\/p>\n<h3>Direcci\u00f3n y tribunal<\/h3>\n<ul>\n<li><strong>Director de la tesis<\/strong>\n<ul>\n<li>Enrique Perez Paya<\/li>\n<\/ul>\n<\/li>\n<li><strong>Tribunal<\/strong>\n<ul>\n<li>Presidente del tribunal: ernest Giralt lledo <\/li>\n<li>joaquin Moreno mari\u00f1o (vocal)<\/li>\n<li>francesc xavier Avil\u00e9s puigvert (vocal)<\/li>\n<li>vicente Pall\u00e1s benet (vocal)<\/li>\n<\/ul>\n<\/li>\n<\/ul>\n<p>&nbsp;<\/p>\n","protected":false},"excerpt":{"rendered":"<p>Tesis doctoral de Marcial Vilar Cervero La diseminaci\u00f3n de las infecciones v\u00edricas a toda la extensi\u00f3n de la planta est\u00e1 [&hellip;]<\/p>\n","protected":false},"author":1,"featured_media":0,"comment_status":"open","ping_status":"open","sticky":false,"template":"","format":"standard","meta":{"site-sidebar-layout":"default","site-content-layout":"","ast-site-content-layout":"","site-content-style":"default","site-sidebar-style":"default","ast-global-header-display":"","ast-banner-title-visibility":"","ast-main-header-display":"","ast-hfb-above-header-display":"","ast-hfb-below-header-display":"","ast-hfb-mobile-header-display":"","site-post-title":"","ast-breadcrumbs-content":"","ast-featured-img":"","footer-sml-layout":"","theme-transparent-header-meta":"","adv-header-id-meta":"","stick-header-meta":"","header-above-stick-meta":"","header-main-stick-meta":"","header-below-stick-meta":"","astra-migrate-meta-layouts":"default","ast-page-background-enabled":"default","ast-page-background-meta":{"desktop":{"background-color":"var(--ast-global-color-4)","background-image":"","background-repeat":"repeat","background-position":"center center","background-size":"auto","background-attachment":"scroll","background-type":"","background-media":"","overlay-type":"","overlay-color":"","overlay-gradient":""},"tablet":{"background-color":"","background-image":"","background-repeat":"repeat","background-position":"center center","background-size":"auto","background-attachment":"scroll","background-type":"","background-media":"","overlay-type":"","overlay-color":"","overlay-gradient":""},"mobile":{"background-color":"","background-image":"","background-repeat":"repeat","background-position":"center center","background-size":"auto","background-attachment":"scroll","background-type":"","background-media":"","overlay-type":"","overlay-color":"","overlay-gradient":""}},"ast-content-background-meta":{"desktop":{"background-color":"var(--ast-global-color-5)","background-image":"","background-repeat":"repeat","background-position":"center center","background-size":"auto","background-attachment":"scroll","background-type":"","background-media":"","overlay-type":"","overlay-color":"","overlay-gradient":""},"tablet":{"background-color":"var(--ast-global-color-5)","background-image":"","background-repeat":"repeat","background-position":"center center","background-size":"auto","background-attachment":"scroll","background-type":"","background-media":"","overlay-type":"","overlay-color":"","overlay-gradient":""},"mobile":{"background-color":"var(--ast-global-color-5)","background-image":"","background-repeat":"repeat","background-position":"center center","background-size":"auto","background-attachment":"scroll","background-type":"","background-media":"","overlay-type":"","overlay-color":"","overlay-gradient":""}},"footnotes":""},"categories":[160,969,17],"tags":[34359,1100,18820,52087,52086,8398],"class_list":["post-16494","post","type-post","status-publish","format-standard","hentry","category-bioquimica","category-peptidos","category-quimica","tag-enrique-perez-paya","tag-ernest-giralt-lledo","tag-francesc-xavier-aviles-puigvert","tag-joaquin-moreno-marino","tag-marcial-vilar-cervero","tag-vicente-pallas-benet"],"_links":{"self":[{"href":"https:\/\/www.deberes.net\/tesis\/wp-json\/wp\/v2\/posts\/16494","targetHints":{"allow":["GET"]}}],"collection":[{"href":"https:\/\/www.deberes.net\/tesis\/wp-json\/wp\/v2\/posts"}],"about":[{"href":"https:\/\/www.deberes.net\/tesis\/wp-json\/wp\/v2\/types\/post"}],"author":[{"embeddable":true,"href":"https:\/\/www.deberes.net\/tesis\/wp-json\/wp\/v2\/users\/1"}],"replies":[{"embeddable":true,"href":"https:\/\/www.deberes.net\/tesis\/wp-json\/wp\/v2\/comments?post=16494"}],"version-history":[{"count":0,"href":"https:\/\/www.deberes.net\/tesis\/wp-json\/wp\/v2\/posts\/16494\/revisions"}],"wp:attachment":[{"href":"https:\/\/www.deberes.net\/tesis\/wp-json\/wp\/v2\/media?parent=16494"}],"wp:term":[{"taxonomy":"category","embeddable":true,"href":"https:\/\/www.deberes.net\/tesis\/wp-json\/wp\/v2\/categories?post=16494"},{"taxonomy":"post_tag","embeddable":true,"href":"https:\/\/www.deberes.net\/tesis\/wp-json\/wp\/v2\/tags?post=16494"}],"curies":[{"name":"wp","href":"https:\/\/api.w.org\/{rel}","templated":true}]}}