{"id":16496,"date":"2018-03-09T09:04:09","date_gmt":"2018-03-09T09:04:09","guid":{"rendered":"https:\/\/www.deberes.net\/tesis\/sin-categoria\/arquitectura-de-la-epoca-barroca-en-castellon\/"},"modified":"2018-03-09T09:04:09","modified_gmt":"2018-03-09T09:04:09","slug":"arquitectura-de-la-epoca-barroca-en-castellon","status":"publish","type":"post","link":"https:\/\/www.deberes.net\/tesis\/historia\/arquitectura-de-la-epoca-barroca-en-castellon\/","title":{"rendered":"Arquitectura de la \u00e9poca barroca en castell\u00f3n"},"content":{"rendered":"<h2>Tesis doctoral de <strong> Yolanda Gil Saura <\/strong><\/h2>\n<p>La tesis pretende analizar la arquitectura barroca en los territorios Valencianos de la antigua di\u00f3cesis de tortosa. El trabajo se inicia en la segunda mitad del siglo xvii y termina con la imposici\u00f3n de las normativas de las academias de san fernando de Madrid y san carlos de Valencia.  el primer cap\u00edtulo estudia el marco hist\u00f3rico y geogr\u00e1fico, prestando especial atenci\u00f3n a la literatura corogr\u00e1fica. Seguidamente se analiza el proceso de construcci\u00f3n y financiaci\u00f3n a estas arquitecturas, estudiando las juntas de f\u00e1brica, las cofrad\u00edas, los p\u00e1rracos y su relaci\u00f3n con la cultura de la ciudad de Valencia.  se dedican un espacio al an\u00e1lisis de los usos y funciones del edificio religioso. A trav\u00e9s de las visitas pastorales se analiza como los cambios en la liturgia influyen en la distribuci\u00f3n del espacio del templo. Menos abundante es la arquitectura civil, en su mayor parte desaparecida.  se dedica un cap\u00edtulo a estudiar la formaci\u00f3n y actividad de los maestros de obras, intentando reconstruir su trayectoria en territorios vecinos.  por \u00faltimo la tesis aporta un completo cat\u00e1logo de edificios conservados o desaparecidos y de las intervenciones puntuales realizadas en esta etapa en edificios preexistentes.<\/p>\n<p>&nbsp;<\/p>\n<h3>Datos acad\u00e9micos de la tesis doctoral \u00ab<strong>Arquitectura de la \u00e9poca barroca en castell\u00f3n<\/strong>\u00ab<\/h3>\n<ul>\n<li><strong>T\u00edtulo de la tesis:<\/strong>\u00a0 Arquitectura de la \u00e9poca barroca en castell\u00f3n <\/li>\n<li><strong>Autor:<\/strong>\u00a0 Yolanda Gil Saura <\/li>\n<li><strong>Universidad:<\/strong>\u00a0 Universitat de val\u00e9ncia (estudi general)<\/li>\n<li><strong>Fecha de lectura de la tesis:<\/strong>\u00a0 19\/04\/2002<\/li>\n<\/ul>\n<p>&nbsp;<\/p>\n<h3>Direcci\u00f3n y tribunal<\/h3>\n<ul>\n<li><strong>Director de la tesis<\/strong>\n<ul>\n<li>Joaquin B\u00e9rcher G\u00f3mez<\/li>\n<\/ul>\n<\/li>\n<li><strong>Tribunal<\/strong>\n<ul>\n<li>Presidente del tribunal:  Rodr\u00edguez g. de ceballos alfonso <\/li>\n<li>bonaventura Bassegoda hugas (vocal)<\/li>\n<li>Fernando Mar\u00edas franco (vocal)<\/li>\n<li> M\u00ednguez cornelles v\u00edctor m. (vocal)<\/li>\n<\/ul>\n<\/li>\n<\/ul>\n<p>&nbsp;<\/p>\n","protected":false},"excerpt":{"rendered":"<p>Tesis doctoral de Yolanda Gil Saura La tesis pretende analizar la arquitectura barroca en los territorios Valencianos de la antigua [&hellip;]<\/p>\n","protected":false},"author":1,"featured_media":0,"comment_status":"open","ping_status":"open","sticky":false,"template":"","format":"standard","meta":{"site-sidebar-layout":"default","site-content-layout":"","ast-site-content-layout":"","site-content-style":"default","site-sidebar-style":"default","ast-global-header-display":"","ast-banner-title-visibility":"","ast-main-header-display":"","ast-hfb-above-header-display":"","ast-hfb-below-header-display":"","ast-hfb-mobile-header-display":"","site-post-title":"","ast-breadcrumbs-content":"","ast-featured-img":"","footer-sml-layout":"","theme-transparent-header-meta":"","adv-header-id-meta":"","stick-header-meta":"","header-above-stick-meta":"","header-main-stick-meta":"","header-below-stick-meta":"","astra-migrate-meta-layouts":"default","ast-page-background-enabled":"default","ast-page-background-meta":{"desktop":{"background-color":"var(--ast-global-color-4)","background-image":"","background-repeat":"repeat","background-position":"center center","background-size":"auto","background-attachment":"scroll","background-type":"","background-media":"","overlay-type":"","overlay-color":"","overlay-gradient":""},"tablet":{"background-color":"","background-image":"","background-repeat":"repeat","background-position":"center center","background-size":"auto","background-attachment":"scroll","background-type":"","background-media":"","overlay-type":"","overlay-color":"","overlay-gradient":""},"mobile":{"background-color":"","background-image":"","background-repeat":"repeat","background-position":"center center","background-size":"auto","background-attachment":"scroll","background-type":"","background-media":"","overlay-type":"","overlay-color":"","overlay-gradient":""}},"ast-content-background-meta":{"desktop":{"background-color":"var(--ast-global-color-5)","background-image":"","background-repeat":"repeat","background-position":"center center","background-size":"auto","background-attachment":"scroll","background-type":"","background-media":"","overlay-type":"","overlay-color":"","overlay-gradient":""},"tablet":{"background-color":"var(--ast-global-color-5)","background-image":"","background-repeat":"repeat","background-position":"center center","background-size":"auto","background-attachment":"scroll","background-type":"","background-media":"","overlay-type":"","overlay-color":"","overlay-gradient":""},"mobile":{"background-color":"var(--ast-global-color-5)","background-image":"","background-repeat":"repeat","background-position":"center center","background-size":"auto","background-attachment":"scroll","background-type":"","background-media":"","overlay-type":"","overlay-color":"","overlay-gradient":""}},"footnotes":""},"categories":[104,1745,222],"tags":[15644,9479,52091,52092,30006,52090],"class_list":["post-16496","post","type-post","status-publish","format-standard","hentry","category-historia","category-historia-de-la-arquitectura","category-historias-especializadas","tag-bonaventura-bassegoda-hugas","tag-fernando-marias-franco","tag-joaquin-bercher-gomez","tag-minguez-cornelles-victor-m","tag-rodriguez-g-de-ceballos-alfonso","tag-yolanda-gil-saura"],"_links":{"self":[{"href":"https:\/\/www.deberes.net\/tesis\/wp-json\/wp\/v2\/posts\/16496","targetHints":{"allow":["GET"]}}],"collection":[{"href":"https:\/\/www.deberes.net\/tesis\/wp-json\/wp\/v2\/posts"}],"about":[{"href":"https:\/\/www.deberes.net\/tesis\/wp-json\/wp\/v2\/types\/post"}],"author":[{"embeddable":true,"href":"https:\/\/www.deberes.net\/tesis\/wp-json\/wp\/v2\/users\/1"}],"replies":[{"embeddable":true,"href":"https:\/\/www.deberes.net\/tesis\/wp-json\/wp\/v2\/comments?post=16496"}],"version-history":[{"count":0,"href":"https:\/\/www.deberes.net\/tesis\/wp-json\/wp\/v2\/posts\/16496\/revisions"}],"wp:attachment":[{"href":"https:\/\/www.deberes.net\/tesis\/wp-json\/wp\/v2\/media?parent=16496"}],"wp:term":[{"taxonomy":"category","embeddable":true,"href":"https:\/\/www.deberes.net\/tesis\/wp-json\/wp\/v2\/categories?post=16496"},{"taxonomy":"post_tag","embeddable":true,"href":"https:\/\/www.deberes.net\/tesis\/wp-json\/wp\/v2\/tags?post=16496"}],"curies":[{"name":"wp","href":"https:\/\/api.w.org\/{rel}","templated":true}]}}