{"id":16528,"date":"2018-03-09T09:04:12","date_gmt":"2018-03-09T09:04:12","guid":{"rendered":"https:\/\/www.deberes.net\/tesis\/sin-categoria\/el-razonalismo-pola%c2%adtico-de-gonzalo-fernandez-de-la-mora-y-mon\/"},"modified":"2018-03-09T09:04:12","modified_gmt":"2018-03-09T09:04:12","slug":"el-razonalismo-pola%c2%adtico-de-gonzalo-fernandez-de-la-mora-y-mon","status":"publish","type":"post","link":"https:\/\/www.deberes.net\/tesis\/filosofia\/el-razonalismo-pola%c2%adtico-de-gonzalo-fernandez-de-la-mora-y-mon\/","title":{"rendered":"El razonalismo pol\u00edtico de gonzalo fern\u00e1ndez de la mora y mon"},"content":{"rendered":"<h2>Tesis doctoral de <strong>  S\u00e1nchez De Novellan De La Riva Luis <\/strong><\/h2>\n<p>En el primer cap\u00edtulo, se va a mostrar cual fue la formaci\u00f3n y las influencias familiares, religiosas, sociales, pol\u00edticas o culturales, en que se desarrollaron y forjaron el car\u00e1cter personal y la urdimbre moral e intelectual de gonzalo fern\u00e1ndez de la mora. Sus avatares personales le han llevado desde la diplomacia hasta la filosof\u00eda, desde los cargos p\u00fablicos hasta la animaci\u00f3n cultura e intelectual: ha sido uno de los grandes te\u00f3ricos de la pol\u00edtica y de lo pol\u00edtico espa\u00f1oles de la \u00faltima mitad del siglo veinte. Conforme a la m\u00e1xima aristot\u00e9lica de que s\u00f3lo hay verdad dentro de un sistema, se podr\u00e1 ver como el logos ha sido la facultad humana que ha impresionado, subyugado e iluminado de forma sugerente, todo el pensamiento, especialmente el pol\u00edtico, de gfm.  en el segundo cap\u00edtulo, intentaremos aproximarnos al logos como vertebrador de nuestra cultura cl\u00e1sica cristiano-occidental, entendida, explicada y valorada como una cultura de raz\u00f3n. Se concretar\u00e1 el concepto de raz\u00f3n recurriendo a los caminos seguros de la metaf\u00edsica y sentado cinco planos de significaci\u00f3n y de uso del t\u00e9rmino raz\u00f3n. La razonalidad y la razonalizaci\u00f3n ser\u00e1n la consideraci\u00f3n est\u00e1tica y la consideraci\u00f3n din\u00e1mica de la raz\u00f3n. la razonalidad como algo impuesto, se pondr\u00e1 a la razonalizaci\u00f3n como algo a lo que se aspira. Se definir\u00e1 la raz\u00f3n razonalista y se investigar\u00e1 la estructura razonalista de la propia raz\u00f3n, as\u00ed como las diferencias entre racionalismo y razonalismo. Aparte de marcar y resaltar las coordenadas entre las que marcha el pensamiento de gfm, se analizar\u00e1 la presunta paradoja del poder de la raz\u00f3n, la energ\u00eda operativa de la raz\u00f3n autoestimulante y la emotividad de la libertad, la cual se frena con el bien moral.  los cap\u00edtulos tercero y cuarto, van a desarrollar los temas clave en la elaboraci\u00f3n del razonalismo pol\u00edtico de gfm: su concepci\u00f3n instrumental del estado, desontologizando el mismo y propo<\/p>\n<p>&nbsp;<\/p>\n<h3>Datos acad\u00e9micos de la tesis doctoral \u00ab<strong>El razonalismo pol\u00edtico de gonzalo fern\u00e1ndez de la mora y mon<\/strong>\u00ab<\/h3>\n<ul>\n<li><strong>T\u00edtulo de la tesis:<\/strong>\u00a0 El razonalismo pol\u00edtico de gonzalo fern\u00e1ndez de la mora y mon <\/li>\n<li><strong>Autor:<\/strong>\u00a0  S\u00e1nchez De Novellan De La Riva Luis <\/li>\n<li><strong>Universidad:<\/strong>\u00a0 Complutense de Madrid<\/li>\n<li><strong>Fecha de lectura de la tesis:<\/strong>\u00a0 22\/04\/2002<\/li>\n<\/ul>\n<p>&nbsp;<\/p>\n<h3>Direcci\u00f3n y tribunal<\/h3>\n<ul>\n<li><strong>Director de la tesis<\/strong>\n<ul>\n<li>Dalmacio Negro Pav\u00f3n<\/li>\n<\/ul>\n<\/li>\n<li><strong>Tribunal<\/strong>\n<ul>\n<li>Presidente del tribunal: Mar\u00eda  angeles Lopez moreno <\/li>\n<li>Francisco Puy mu\u00f1oz (vocal)<\/li>\n<li> Palacios Garc\u00eda Juan  Miguel (vocal)<\/li>\n<li>Francisco Carpintero benitez (vocal)<\/li>\n<\/ul>\n<\/li>\n<\/ul>\n<p>&nbsp;<\/p>\n","protected":false},"excerpt":{"rendered":"<p>Tesis doctoral de S\u00e1nchez De Novellan De La Riva Luis En el primer cap\u00edtulo, se va a mostrar cual fue [&hellip;]<\/p>\n","protected":false},"author":1,"featured_media":0,"comment_status":"open","ping_status":"open","sticky":false,"template":"","format":"standard","meta":{"site-sidebar-layout":"default","site-content-layout":"","ast-site-content-layout":"","site-content-style":"default","site-sidebar-style":"default","ast-global-header-display":"","ast-banner-title-visibility":"","ast-main-header-display":"","ast-hfb-above-header-display":"","ast-hfb-below-header-display":"","ast-hfb-mobile-header-display":"","site-post-title":"","ast-breadcrumbs-content":"","ast-featured-img":"","footer-sml-layout":"","theme-transparent-header-meta":"","adv-header-id-meta":"","stick-header-meta":"","header-above-stick-meta":"","header-main-stick-meta":"","header-below-stick-meta":"","astra-migrate-meta-layouts":"default","ast-page-background-enabled":"default","ast-page-background-meta":{"desktop":{"background-color":"var(--ast-global-color-4)","background-image":"","background-repeat":"repeat","background-position":"center center","background-size":"auto","background-attachment":"scroll","background-type":"","background-media":"","overlay-type":"","overlay-color":"","overlay-gradient":""},"tablet":{"background-color":"","background-image":"","background-repeat":"repeat","background-position":"center center","background-size":"auto","background-attachment":"scroll","background-type":"","background-media":"","overlay-type":"","overlay-color":"","overlay-gradient":""},"mobile":{"background-color":"","background-image":"","background-repeat":"repeat","background-position":"center center","background-size":"auto","background-attachment":"scroll","background-type":"","background-media":"","overlay-type":"","overlay-color":"","overlay-gradient":""}},"ast-content-background-meta":{"desktop":{"background-color":"var(--ast-global-color-5)","background-image":"","background-repeat":"repeat","background-position":"center center","background-size":"auto","background-attachment":"scroll","background-type":"","background-media":"","overlay-type":"","overlay-color":"","overlay-gradient":""},"tablet":{"background-color":"var(--ast-global-color-5)","background-image":"","background-repeat":"repeat","background-position":"center center","background-size":"auto","background-attachment":"scroll","background-type":"","background-media":"","overlay-type":"","overlay-color":"","overlay-gradient":""},"mobile":{"background-color":"var(--ast-global-color-5)","background-image":"","background-repeat":"repeat","background-position":"center center","background-size":"auto","background-attachment":"scroll","background-type":"","background-media":"","overlay-type":"","overlay-color":"","overlay-gradient":""}},"footnotes":""},"categories":[612,165,11777,6008,1078,3193],"tags":[4685,46408,3195,3197,1063,52180],"class_list":["post-16528","post","type-post","status-publish","format-standard","hentry","category-ciencias-juridicas-y-derecho","category-filosofia","category-filosofia-del-derecho","category-filosofia-politica","category-filosofia-social","category-teoria-y-metodos-generales-del-derecho","tag-dalmacio-negro-pavon","tag-francisco-carpintero-benitez","tag-francisco-puy-munoz","tag-maria-angeles-lopez-moreno","tag-palacios-garcia-juan-miguel","tag-sanchez-de-novellan-de-la-riva-luis"],"_links":{"self":[{"href":"https:\/\/www.deberes.net\/tesis\/wp-json\/wp\/v2\/posts\/16528","targetHints":{"allow":["GET"]}}],"collection":[{"href":"https:\/\/www.deberes.net\/tesis\/wp-json\/wp\/v2\/posts"}],"about":[{"href":"https:\/\/www.deberes.net\/tesis\/wp-json\/wp\/v2\/types\/post"}],"author":[{"embeddable":true,"href":"https:\/\/www.deberes.net\/tesis\/wp-json\/wp\/v2\/users\/1"}],"replies":[{"embeddable":true,"href":"https:\/\/www.deberes.net\/tesis\/wp-json\/wp\/v2\/comments?post=16528"}],"version-history":[{"count":0,"href":"https:\/\/www.deberes.net\/tesis\/wp-json\/wp\/v2\/posts\/16528\/revisions"}],"wp:attachment":[{"href":"https:\/\/www.deberes.net\/tesis\/wp-json\/wp\/v2\/media?parent=16528"}],"wp:term":[{"taxonomy":"category","embeddable":true,"href":"https:\/\/www.deberes.net\/tesis\/wp-json\/wp\/v2\/categories?post=16528"},{"taxonomy":"post_tag","embeddable":true,"href":"https:\/\/www.deberes.net\/tesis\/wp-json\/wp\/v2\/tags?post=16528"}],"curies":[{"name":"wp","href":"https:\/\/api.w.org\/{rel}","templated":true}]}}