{"id":16550,"date":"2018-03-09T09:04:14","date_gmt":"2018-03-09T09:04:14","guid":{"rendered":"https:\/\/www.deberes.net\/tesis\/sin-categoria\/organizacion-e-ideologa%c2%ada-del-psoe-en-castilla-la-mancha-1976-1997\/"},"modified":"2018-03-09T09:04:14","modified_gmt":"2018-03-09T09:04:14","slug":"organizacion-e-ideologa%c2%ada-del-psoe-en-castilla-la-mancha-1976-1997","status":"publish","type":"post","link":"https:\/\/www.deberes.net\/tesis\/historia\/organizacion-e-ideologa%c2%ada-del-psoe-en-castilla-la-mancha-1976-1997\/","title":{"rendered":"Organizaci\u00f3n e ideolog\u00eda del psoe en castilla &#8211; la mancha (1976-1997)"},"content":{"rendered":"<h2>Tesis doctoral de <strong> M. Mercedes \u00e1vila Franc\u00e9s <\/strong><\/h2>\n<p>La organizaci\u00f3n territorial del estado en comunidades aut\u00f3nomas introdujo un nuevo nivel de poder institucional, cuya influencia ha sido decisiva en la organizaci\u00f3n y en los equilibrios de poder de los partidos pol\u00edticos, sobre todo los de \u00e1mbito estatal.  la federaci\u00f3n castellano-manchega del psoe (denominada en sus estatutos partido socialista de castilla-la mancha (pscm) &#8211; psoe) es una federaci\u00f3n de peso en el partido. Y lo es desde distintos puntos de vista. Por un lado, por el n\u00famero de afiliados, que la sit\u00faa como la cuarta federaci\u00f3n del psoe y la tercera con la proporci\u00f3n m\u00e1s alta de afiliados por habitante. por otra parte, en castilla-la mancha el psoe ha sido siempre el partido que ha gobernado hasta la fecha (2001), y siempre con mayor\u00eda absoluta. este \u00faltimo hecho cobra importancia sobre todo desde que el psoe empieza a perder apoyo institucional como consecuencia de los resultados electorales, sobre todo a nivel nacional y en las distintas comunidades aut\u00f3nomas.  para comprender las actuaciones que se llevan a cabo por, en y desde los partidos pol\u00edticos se debe recurrir no s\u00f3lo al medio pol\u00edtico, a la l\u00f3gica pol\u00edtica externa, sino tambi\u00e9n a su l\u00f3gica interna. L\u00f3gica \u00e9sta que viene dictada fundamentalmente por la tradici\u00f3n, la organizaci\u00f3n y la ideolog\u00eda, que son precisamente las tres partes en que se ha dividido el presente estudio. En esta investigaci\u00f3n, por tanto, la unidad de an\u00e1lisis no es el sistema pol\u00edtico sino la organizaci\u00f3n del partido. Con ello se pretende contribuir a superar la escasez de trabajos emp\u00edricos sobre las organizaciones de partido.  la tradici\u00f3n se analiza a trav\u00e9s del concepto de \u00abmodelo originario\u00bb de paneabianco. El enfoque del modelo originario enfatiza la importancia de los momentos fundacionales de un partido as\u00ed como de su trayectoria interna.  en la parte correspondiente a la dimensi\u00f3n org\u00e1nica se analiza el funcionamiento interno del pscm-psoe utilizan<\/p>\n<p>&nbsp;<\/p>\n<h3>Datos acad\u00e9micos de la tesis doctoral \u00ab<strong>Organizaci\u00f3n e ideolog\u00eda del psoe en castilla &#8211; la mancha (1976-1997)<\/strong>\u00ab<\/h3>\n<ul>\n<li><strong>T\u00edtulo de la tesis:<\/strong>\u00a0 Organizaci\u00f3n e ideolog\u00eda del psoe en castilla &#8211; la mancha (1976-1997) <\/li>\n<li><strong>Autor:<\/strong>\u00a0 M. Mercedes \u00e1vila Franc\u00e9s <\/li>\n<li><strong>Universidad:<\/strong>\u00a0 Complutense de Madrid<\/li>\n<li><strong>Fecha de lectura de la tesis:<\/strong>\u00a0 23\/04\/2002<\/li>\n<\/ul>\n<p>&nbsp;<\/p>\n<h3>Direcci\u00f3n y tribunal<\/h3>\n<ul>\n<li><strong>Director de la tesis<\/strong>\n<ul>\n<li>Paloma Rom\u00e1n Marug\u00e1n<\/li>\n<\/ul>\n<\/li>\n<li><strong>Tribunal<\/strong>\n<ul>\n<li>Presidente del tribunal: ram\u00f3n Cotarelo Garc\u00eda <\/li>\n<li>raimundo Drudis baldricg (vocal)<\/li>\n<li>carmen Ninou guinot (vocal)<\/li>\n<li>Manuel Requena gallego (vocal)<\/li>\n<\/ul>\n<\/li>\n<\/ul>\n<p>&nbsp;<\/p>\n","protected":false},"excerpt":{"rendered":"<p>Tesis doctoral de M. Mercedes \u00e1vila Franc\u00e9s La organizaci\u00f3n territorial del estado en comunidades aut\u00f3nomas introdujo un nuevo nivel de [&hellip;]<\/p>\n","protected":false},"author":1,"featured_media":0,"comment_status":"open","ping_status":"open","sticky":false,"template":"","format":"standard","meta":{"site-sidebar-layout":"default","site-content-layout":"","ast-site-content-layout":"","site-content-style":"default","site-sidebar-style":"default","ast-global-header-display":"","ast-banner-title-visibility":"","ast-main-header-display":"","ast-hfb-above-header-display":"","ast-hfb-below-header-display":"","ast-hfb-mobile-header-display":"","site-post-title":"","ast-breadcrumbs-content":"","ast-featured-img":"","footer-sml-layout":"","theme-transparent-header-meta":"","adv-header-id-meta":"","stick-header-meta":"","header-above-stick-meta":"","header-main-stick-meta":"","header-below-stick-meta":"","astra-migrate-meta-layouts":"default","ast-page-background-enabled":"default","ast-page-background-meta":{"desktop":{"background-color":"var(--ast-global-color-4)","background-image":"","background-repeat":"repeat","background-position":"center center","background-size":"auto","background-attachment":"scroll","background-type":"","background-media":"","overlay-type":"","overlay-color":"","overlay-gradient":""},"tablet":{"background-color":"","background-image":"","background-repeat":"repeat","background-position":"center center","background-size":"auto","background-attachment":"scroll","background-type":"","background-media":"","overlay-type":"","overlay-color":"","overlay-gradient":""},"mobile":{"background-color":"","background-image":"","background-repeat":"repeat","background-position":"center center","background-size":"auto","background-attachment":"scroll","background-type":"","background-media":"","overlay-type":"","overlay-color":"","overlay-gradient":""}},"ast-content-background-meta":{"desktop":{"background-color":"var(--ast-global-color-5)","background-image":"","background-repeat":"repeat","background-position":"center center","background-size":"auto","background-attachment":"scroll","background-type":"","background-media":"","overlay-type":"","overlay-color":"","overlay-gradient":""},"tablet":{"background-color":"var(--ast-global-color-5)","background-image":"","background-repeat":"repeat","background-position":"center center","background-size":"auto","background-attachment":"scroll","background-type":"","background-media":"","overlay-type":"","overlay-color":"","overlay-gradient":""},"mobile":{"background-color":"var(--ast-global-color-5)","background-image":"","background-repeat":"repeat","background-position":"center center","background-size":"auto","background-attachment":"scroll","background-type":"","background-media":"","overlay-type":"","overlay-color":"","overlay-gradient":""}},"footnotes":""},"categories":[838,104,3538,222,6409,993],"tags":[6718,52235,37081,23595,52236,6326],"class_list":["post-16550","post","type-post","status-publish","format-standard","hentry","category-ciencia-politica","category-historia","category-historia-de-las-ideas-politicas","category-historias-especializadas","category-partidos-politicos","category-vida-politica","tag-carmen-ninou-guinot","tag-m-mercedes-avila-frances","tag-manuel-requena-gallego","tag-paloma-roman-marugan","tag-raimundo-drudis-baldricg","tag-ramon-cotarelo-garcia"],"_links":{"self":[{"href":"https:\/\/www.deberes.net\/tesis\/wp-json\/wp\/v2\/posts\/16550","targetHints":{"allow":["GET"]}}],"collection":[{"href":"https:\/\/www.deberes.net\/tesis\/wp-json\/wp\/v2\/posts"}],"about":[{"href":"https:\/\/www.deberes.net\/tesis\/wp-json\/wp\/v2\/types\/post"}],"author":[{"embeddable":true,"href":"https:\/\/www.deberes.net\/tesis\/wp-json\/wp\/v2\/users\/1"}],"replies":[{"embeddable":true,"href":"https:\/\/www.deberes.net\/tesis\/wp-json\/wp\/v2\/comments?post=16550"}],"version-history":[{"count":0,"href":"https:\/\/www.deberes.net\/tesis\/wp-json\/wp\/v2\/posts\/16550\/revisions"}],"wp:attachment":[{"href":"https:\/\/www.deberes.net\/tesis\/wp-json\/wp\/v2\/media?parent=16550"}],"wp:term":[{"taxonomy":"category","embeddable":true,"href":"https:\/\/www.deberes.net\/tesis\/wp-json\/wp\/v2\/categories?post=16550"},{"taxonomy":"post_tag","embeddable":true,"href":"https:\/\/www.deberes.net\/tesis\/wp-json\/wp\/v2\/tags?post=16550"}],"curies":[{"name":"wp","href":"https:\/\/api.w.org\/{rel}","templated":true}]}}