{"id":16551,"date":"2018-03-09T09:04:14","date_gmt":"2018-03-09T09:04:14","guid":{"rendered":"https:\/\/www.deberes.net\/tesis\/sin-categoria\/los-ora%c2%adgenes-intelectuales-del-nacionalismo-quebeques-y-la-derecha-intelectual-robert-rumilly-1897-1983-historiador-y-polemista\/"},"modified":"2018-03-09T09:04:14","modified_gmt":"2018-03-09T09:04:14","slug":"los-ora%c2%adgenes-intelectuales-del-nacionalismo-quebeques-y-la-derecha-intelectual-robert-rumilly-1897-1983-historiador-y-polemista","status":"publish","type":"post","link":"https:\/\/www.deberes.net\/tesis\/historia\/los-ora%c2%adgenes-intelectuales-del-nacionalismo-quebeques-y-la-derecha-intelectual-robert-rumilly-1897-1983-historiador-y-polemista\/","title":{"rendered":"Los or\u00edgenes intelectuales del nacionalismo quebequ\u00e9s y la derecha intelectual: robert rumilly, (1897-1983) historiador y polemista"},"content":{"rendered":"<h2>Tesis doctoral de <strong> Gonzalo Arriaga Rey <\/strong><\/h2>\n<p>Nuestra tesis versa sobre un intelectual quebequ\u00e9s, robert rumilly (1897-1983) que lleg\u00f3 a ser un historiador m\u00e1s o menos reconocido, m\u00e1s por aficci\u00f3n que por formaci\u00f3n acad\u00e9mica. Existen pocos hombres de los cuales se pueda decir que no se distinguen de su pensamiento rumilly pertenece a esta \u00faltima especie. Este autodidacto se hizo, en el transcurso de su vida, el palad\u00edn de una forma de las m\u00e1s radicales de la ideolog\u00eda clero-nacionalista. Nuestro proceder consistir\u00e1 en rastrear y demostrar, a partir de los escritos mismos de rumilly, la formaci\u00f3n de su ideolog\u00eda, su naturaleza as\u00ed como la de su compromiso intelectual.  en la segunda parte de esta tesis, nos detendremos m\u00e1s especialmente en los a\u00f1os 1948 a 1951, ya que fueron los m\u00e1s representativos del compromiso pol\u00edtico de rumilly. Duante esa \u00e9poca, rumilly defender\u00e1, contra viento y marea, colaboradores del r\u00e9gimen de vichy e intentar\u00e1 integrarlos en la vida de su sociedad de acogida, contando para ello con la colaboraci\u00f3n de distinguidos miembros de la sociedad. En resumidas cuentas, adem\u00e1s de analizar su obra como pensador y forjador de conciencias desvelaremos sus presupuestos ideol\u00f3gicos como actor al ponerlos en la pr\u00e1ctica en la turbulenta vida pol\u00edtica del qu\u00e9bec.  demostraremos que los miembros de la derecha intelectual han tenido una influencia importante en las transformaciones pol\u00edticas y sociales qu\u00e9bec ha experimentado en los \u00fatlimos 30 a\u00f1os, y que el nacionalismo moderno tiene un fuerte sustraro de extrema derecha.  el pasado ideol\u00f3gico canadiense-franc\u00e9s no es muy reluciente. La existencia en el qu\u00e9bec de claras simpat\u00edas hacia el fascismo europeo durante el per\u00edodo de entreguerras no es una consideraci\u00f3n accidental; es la articulaci\u00f3n, y el acato hacia un tipo de pensamiento: el nacionalismo \u00e9tnico.<\/p>\n<p>&nbsp;<\/p>\n<h3>Datos acad\u00e9micos de la tesis doctoral \u00ab<strong>Los or\u00edgenes intelectuales del nacionalismo quebequ\u00e9s y la derecha intelectual: robert rumilly, (1897-1983) historiador y polemista<\/strong>\u00ab<\/h3>\n<ul>\n<li><strong>T\u00edtulo de la tesis:<\/strong>\u00a0 Los or\u00edgenes intelectuales del nacionalismo quebequ\u00e9s y la derecha intelectual: robert rumilly, (1897-1983) historiador y polemista <\/li>\n<li><strong>Autor:<\/strong>\u00a0 Gonzalo Arriaga Rey <\/li>\n<li><strong>Universidad:<\/strong>\u00a0 Complutense de Madrid<\/li>\n<li><strong>Fecha de lectura de la tesis:<\/strong>\u00a0 23\/04\/2002<\/li>\n<\/ul>\n<p>&nbsp;<\/p>\n<h3>Direcci\u00f3n y tribunal<\/h3>\n<ul>\n<li><strong>Director de la tesis<\/strong>\n<ul>\n<li> Pizarro Ponce De La Torre Narciso<\/li>\n<\/ul>\n<\/li>\n<li><strong>Tribunal<\/strong>\n<ul>\n<li>Presidente del tribunal:  Santa Mar\u00eda osorio juli\u00e1n <\/li>\n<li>Miguel Beltran villalva (vocal)<\/li>\n<li>Francisco Jos\u00e9 Llera ramo (vocal)<\/li>\n<li>Jos\u00e9 \u00e1lvarez junco (vocal)<\/li>\n<\/ul>\n<\/li>\n<\/ul>\n<p>&nbsp;<\/p>\n","protected":false},"excerpt":{"rendered":"<p>Tesis doctoral de Gonzalo Arriaga Rey Nuestra tesis versa sobre un intelectual quebequ\u00e9s, robert rumilly (1897-1983) que lleg\u00f3 a ser [&hellip;]<\/p>\n","protected":false},"author":1,"featured_media":0,"comment_status":"open","ping_status":"open","sticky":false,"template":"","format":"standard","meta":{"site-sidebar-layout":"default","site-content-layout":"","ast-site-content-layout":"","site-content-style":"default","site-sidebar-style":"default","ast-global-header-display":"","ast-banner-title-visibility":"","ast-main-header-display":"","ast-hfb-above-header-display":"","ast-hfb-below-header-display":"","ast-hfb-mobile-header-display":"","site-post-title":"","ast-breadcrumbs-content":"","ast-featured-img":"","footer-sml-layout":"","theme-transparent-header-meta":"","adv-header-id-meta":"","stick-header-meta":"","header-above-stick-meta":"","header-main-stick-meta":"","header-below-stick-meta":"","astra-migrate-meta-layouts":"default","ast-page-background-enabled":"default","ast-page-background-meta":{"desktop":{"background-color":"var(--ast-global-color-4)","background-image":"","background-repeat":"repeat","background-position":"center center","background-size":"auto","background-attachment":"scroll","background-type":"","background-media":"","overlay-type":"","overlay-color":"","overlay-gradient":""},"tablet":{"background-color":"","background-image":"","background-repeat":"repeat","background-position":"center center","background-size":"auto","background-attachment":"scroll","background-type":"","background-media":"","overlay-type":"","overlay-color":"","overlay-gradient":""},"mobile":{"background-color":"","background-image":"","background-repeat":"repeat","background-position":"center center","background-size":"auto","background-attachment":"scroll","background-type":"","background-media":"","overlay-type":"","overlay-color":"","overlay-gradient":""}},"ast-content-background-meta":{"desktop":{"background-color":"var(--ast-global-color-5)","background-image":"","background-repeat":"repeat","background-position":"center center","background-size":"auto","background-attachment":"scroll","background-type":"","background-media":"","overlay-type":"","overlay-color":"","overlay-gradient":""},"tablet":{"background-color":"var(--ast-global-color-5)","background-image":"","background-repeat":"repeat","background-position":"center center","background-size":"auto","background-attachment":"scroll","background-type":"","background-media":"","overlay-type":"","overlay-color":"","overlay-gradient":""},"mobile":{"background-color":"var(--ast-global-color-5)","background-image":"","background-repeat":"repeat","background-position":"center center","background-size":"auto","background-attachment":"scroll","background-type":"","background-media":"","overlay-type":"","overlay-color":"","overlay-gradient":""}},"footnotes":""},"categories":[104,3538,222],"tags":[6328,52237,31409,7692,6628,52238],"class_list":["post-16551","post","type-post","status-publish","format-standard","hentry","category-historia","category-historia-de-las-ideas-politicas","category-historias-especializadas","tag-francisco-jose-llera-ramo","tag-gonzalo-arriaga-rey","tag-jose-alvarez-junco","tag-miguel-beltran-villalva","tag-pizarro-ponce-de-la-torre-narciso","tag-santa-maria-osorio-julian"],"_links":{"self":[{"href":"https:\/\/www.deberes.net\/tesis\/wp-json\/wp\/v2\/posts\/16551","targetHints":{"allow":["GET"]}}],"collection":[{"href":"https:\/\/www.deberes.net\/tesis\/wp-json\/wp\/v2\/posts"}],"about":[{"href":"https:\/\/www.deberes.net\/tesis\/wp-json\/wp\/v2\/types\/post"}],"author":[{"embeddable":true,"href":"https:\/\/www.deberes.net\/tesis\/wp-json\/wp\/v2\/users\/1"}],"replies":[{"embeddable":true,"href":"https:\/\/www.deberes.net\/tesis\/wp-json\/wp\/v2\/comments?post=16551"}],"version-history":[{"count":0,"href":"https:\/\/www.deberes.net\/tesis\/wp-json\/wp\/v2\/posts\/16551\/revisions"}],"wp:attachment":[{"href":"https:\/\/www.deberes.net\/tesis\/wp-json\/wp\/v2\/media?parent=16551"}],"wp:term":[{"taxonomy":"category","embeddable":true,"href":"https:\/\/www.deberes.net\/tesis\/wp-json\/wp\/v2\/categories?post=16551"},{"taxonomy":"post_tag","embeddable":true,"href":"https:\/\/www.deberes.net\/tesis\/wp-json\/wp\/v2\/tags?post=16551"}],"curies":[{"name":"wp","href":"https:\/\/api.w.org\/{rel}","templated":true}]}}