{"id":16565,"date":"2018-03-09T09:04:15","date_gmt":"2018-03-09T09:04:15","guid":{"rendered":"https:\/\/www.deberes.net\/tesis\/sin-categoria\/caractera%c2%adsticas-de-las-conductas-suicidas-en-pacientes-ingresados-en-una-unidad-psiquiatrica\/"},"modified":"2018-03-09T09:04:15","modified_gmt":"2018-03-09T09:04:15","slug":"caractera%c2%adsticas-de-las-conductas-suicidas-en-pacientes-ingresados-en-una-unidad-psiquiatrica","status":"publish","type":"post","link":"https:\/\/www.deberes.net\/tesis\/ciencias-medicas\/caractera%c2%adsticas-de-las-conductas-suicidas-en-pacientes-ingresados-en-una-unidad-psiquiatrica\/","title":{"rendered":"Caracter\u00edsticas de las conductas suicidas en pacientes ingresados en una unidad psiqui\u00e1trica"},"content":{"rendered":"<h2>Tesis doctoral de <strong> C\u00e9sar Fern\u00e1ndez Gonz\u00e1lez <\/strong><\/h2>\n<p>Objetivos  1,- describir caracter\u00edsticas sociodemogr\u00e1ficas, cl\u00ednicas, psicopatol\u00f3gicas y de percepci\u00f3n de salud, de pacientes que han realizado tentativas suicidas, pacientes con ideaci\u00f3n suicida expresa y pacientes psiqui\u00e1tricos sin ideaci\u00f3n, ni tentativa suicida.  2,- estudiar la evoluci\u00f3n cl\u00ednica a medio plazo (1 a\u00f1o) de cada uno de los grupos poblacionales estudiados.  pacientes  la muestra se ha elegido de pacientes ingresados consecutivamente en la unidad de psiquiatr\u00eda del hospital de jove, gij\u00f3n, en el periodo comprendido entre el 1-1-97 y 31-12-98. Se hicieron tres grupos:  1,- pacientes que hayan realizado tentativa de suicidio seg\u00fan la definici\u00f3n de la oms: 49.  2,- pacientes con ideaci\u00f3n suicida expresa, hayan ingresado o no por este motivo: 38.  3,- grupo control de pacientes que no presenten ideaci\u00f3n o tentativa suicida, de igual sexo y edad similar a los anteriores: 47.  evaluacion  protocolo \u00abad hoc\u00bb, escala de ideaci\u00f3n suicida (beck y cols, 1979); escala para valorar la tentativa de suicidio (beck y cols, 1974); escala de desesperanza (beck y cols, 1974); escala hamilton para la depresi\u00f3n (hamilton, 1960); cuestionario sobre el estado de salud sf-36 (ware y sherbourne, 1992); cuestionario de personalidad epq-a versi\u00f3n adultos (eysenck, 1975).  resultados  entrevista basal  diferencias entre el grupo de tentativas e ideaci\u00f3n: predominio de los casados y con enfermedades som\u00e1ticas en tentativas, mientras que en ideaci\u00f3n predominan solteros y separados, con p\u00e9rdidas precoces de familiares. La desesperanza es mayor en el grupo de ideaci\u00f3n, que en tentativas y control.La depresi\u00f3n es similar en el grupo de ingresados por tentativas y por ideaci\u00f3n, pero superior a la detectada en el grupo control sf-36: comparaci\u00f3n con poblaci\u00f3n normativa espa\u00f1ola, tentativas e ideaci\u00f3n tienen una peor autopercepci\u00f3n en funcionamiento social, rol emocional y salud mental; en las subescalas que re<\/p>\n<p>&nbsp;<\/p>\n<h3>Datos acad\u00e9micos de la tesis doctoral \u00ab<strong>Caracter\u00edsticas de las conductas suicidas en pacientes ingresados en una unidad psiqui\u00e1trica<\/strong>\u00ab<\/h3>\n<ul>\n<li><strong>T\u00edtulo de la tesis:<\/strong>\u00a0 Caracter\u00edsticas de las conductas suicidas en pacientes ingresados en una unidad psiqui\u00e1trica <\/li>\n<li><strong>Autor:<\/strong>\u00a0 C\u00e9sar Fern\u00e1ndez Gonz\u00e1lez <\/li>\n<li><strong>Universidad:<\/strong>\u00a0 Oviedo<\/li>\n<li><strong>Fecha de lectura de la tesis:<\/strong>\u00a0 24\/04\/2002<\/li>\n<\/ul>\n<p>&nbsp;<\/p>\n<h3>Direcci\u00f3n y tribunal<\/h3>\n<ul>\n<li><strong>Director de la tesis<\/strong>\n<ul>\n<li>Julio Belarmino Bobes Garcia<\/li>\n<\/ul>\n<\/li>\n<li><strong>Tribunal<\/strong>\n<ul>\n<li>Presidente del tribunal: rafael Hinojal fonseca <\/li>\n<li>guillermo Rendueles olmedo (vocal)<\/li>\n<li>ram\u00f3n Gracia marco (vocal)<\/li>\n<li>Antonio  le\u00f3n Aguado d\u00edaz (vocal)<\/li>\n<\/ul>\n<\/li>\n<\/ul>\n<p>&nbsp;<\/p>\n","protected":false},"excerpt":{"rendered":"<p>Tesis doctoral de C\u00e9sar Fern\u00e1ndez Gonz\u00e1lez Objetivos 1,- describir caracter\u00edsticas sociodemogr\u00e1ficas, cl\u00ednicas, psicopatol\u00f3gicas y de percepci\u00f3n de salud, de pacientes [&hellip;]<\/p>\n","protected":false},"author":1,"featured_media":0,"comment_status":"open","ping_status":"open","sticky":false,"template":"","format":"standard","meta":{"site-sidebar-layout":"default","site-content-layout":"","ast-site-content-layout":"","site-content-style":"default","site-sidebar-style":"default","ast-global-header-display":"","ast-banner-title-visibility":"","ast-main-header-display":"","ast-hfb-above-header-display":"","ast-hfb-below-header-display":"","ast-hfb-mobile-header-display":"","site-post-title":"","ast-breadcrumbs-content":"","ast-featured-img":"","footer-sml-layout":"","theme-transparent-header-meta":"","adv-header-id-meta":"","stick-header-meta":"","header-above-stick-meta":"","header-main-stick-meta":"","header-below-stick-meta":"","astra-migrate-meta-layouts":"default","ast-page-background-enabled":"default","ast-page-background-meta":{"desktop":{"background-color":"var(--ast-global-color-4)","background-image":"","background-repeat":"repeat","background-position":"center center","background-size":"auto","background-attachment":"scroll","background-type":"","background-media":"","overlay-type":"","overlay-color":"","overlay-gradient":""},"tablet":{"background-color":"","background-image":"","background-repeat":"repeat","background-position":"center center","background-size":"auto","background-attachment":"scroll","background-type":"","background-media":"","overlay-type":"","overlay-color":"","overlay-gradient":""},"mobile":{"background-color":"","background-image":"","background-repeat":"repeat","background-position":"center center","background-size":"auto","background-attachment":"scroll","background-type":"","background-media":"","overlay-type":"","overlay-color":"","overlay-gradient":""}},"ast-content-background-meta":{"desktop":{"background-color":"var(--ast-global-color-5)","background-image":"","background-repeat":"repeat","background-position":"center center","background-size":"auto","background-attachment":"scroll","background-type":"","background-media":"","overlay-type":"","overlay-color":"","overlay-gradient":""},"tablet":{"background-color":"var(--ast-global-color-5)","background-image":"","background-repeat":"repeat","background-position":"center center","background-size":"auto","background-attachment":"scroll","background-type":"","background-media":"","overlay-type":"","overlay-color":"","overlay-gradient":""},"mobile":{"background-color":"var(--ast-global-color-5)","background-image":"","background-repeat":"repeat","background-position":"center center","background-size":"auto","background-attachment":"scroll","background-type":"","background-media":"","overlay-type":"","overlay-color":"","overlay-gradient":""}},"footnotes":""},"categories":[9,8846,1408],"tags":[8851,52269,52270,8332,8470,9789],"class_list":["post-16565","post","type-post","status-publish","format-standard","hentry","category-ciencias-medicas","category-oviedo","category-psiquiatria","tag-antonio-leon-aguado-diaz","tag-cesar-fernandez-gonzalez","tag-guillermo-rendueles-olmedo","tag-julio-belarmino-bobes-garcia","tag-rafael-hinojal-fonseca","tag-ramon-gracia-marco"],"_links":{"self":[{"href":"https:\/\/www.deberes.net\/tesis\/wp-json\/wp\/v2\/posts\/16565","targetHints":{"allow":["GET"]}}],"collection":[{"href":"https:\/\/www.deberes.net\/tesis\/wp-json\/wp\/v2\/posts"}],"about":[{"href":"https:\/\/www.deberes.net\/tesis\/wp-json\/wp\/v2\/types\/post"}],"author":[{"embeddable":true,"href":"https:\/\/www.deberes.net\/tesis\/wp-json\/wp\/v2\/users\/1"}],"replies":[{"embeddable":true,"href":"https:\/\/www.deberes.net\/tesis\/wp-json\/wp\/v2\/comments?post=16565"}],"version-history":[{"count":0,"href":"https:\/\/www.deberes.net\/tesis\/wp-json\/wp\/v2\/posts\/16565\/revisions"}],"wp:attachment":[{"href":"https:\/\/www.deberes.net\/tesis\/wp-json\/wp\/v2\/media?parent=16565"}],"wp:term":[{"taxonomy":"category","embeddable":true,"href":"https:\/\/www.deberes.net\/tesis\/wp-json\/wp\/v2\/categories?post=16565"},{"taxonomy":"post_tag","embeddable":true,"href":"https:\/\/www.deberes.net\/tesis\/wp-json\/wp\/v2\/tags?post=16565"}],"curies":[{"name":"wp","href":"https:\/\/api.w.org\/{rel}","templated":true}]}}