{"id":16597,"date":"2018-03-09T09:04:17","date_gmt":"2018-03-09T09:04:17","guid":{"rendered":"https:\/\/www.deberes.net\/tesis\/sin-categoria\/la-responsabilidad-social-de-la-empresa-en-un-mundo-global-la-cra%c2%adtica-a-la-economa%c2%ada-global-y-las-nuevas-logicas-de-racionalidad-empresarial\/"},"modified":"2018-03-09T09:04:17","modified_gmt":"2018-03-09T09:04:17","slug":"la-responsabilidad-social-de-la-empresa-en-un-mundo-global-la-cra%c2%adtica-a-la-economa%c2%ada-global-y-las-nuevas-logicas-de-racionalidad-empresarial","status":"publish","type":"post","link":"https:\/\/www.deberes.net\/tesis\/historia\/la-responsabilidad-social-de-la-empresa-en-un-mundo-global-la-cra%c2%adtica-a-la-economa%c2%ada-global-y-las-nuevas-logicas-de-racionalidad-empresarial\/","title":{"rendered":"La responsabilidad social de la empresa en un mundo global. la cr\u00edtica a la econom\u00edaglobal y las nuevas l\u00f3gicas de racionalidad empresarial"},"content":{"rendered":"<h2>Tesis doctoral de <strong> Tom\u00e1s Garc\u00eda Perdiguero <\/strong><\/h2>\n<p>El tema de la tesis doctoral es el estudio de las dimensiones de la responsabilidad de las grandes empresas y corporaciones, tanto en el nivel normativo como en el de su evoluci\u00f3n hist\u00f3rica desde los a\u00f1os ochenta.  se han estudiado los modelos de racionalidad del sistema econ\u00f3mico privado y sus efectos sociales durante los a\u00f1os noventa, as\u00ed como las relaciones de los procesos de cambio abiertos en la empresa con la cr\u00edtica y la presi\u00f3n social.  la conclusi\u00f3n m\u00e1s importante es que la empresa ocupa en estos momentos un primer plano en la cr\u00edtica y la discusi\u00f3n p\u00fablica y que los cambios tienen una orientaci\u00f3n hacia una mayor responsabilidad social. Se propone tambi\u00e9n un sistema de \u00edndices e indicadores para evaluar esta responsabilidad social de la empresa.<\/p>\n<p>&nbsp;<\/p>\n<h3>Datos acad\u00e9micos de la tesis doctoral \u00ab<strong>La responsabilidad social de la empresa en un mundo global. la cr\u00edtica a la econom\u00edaglobal y las nuevas l\u00f3gicas de racionalidad empresarial<\/strong>\u00ab<\/h3>\n<ul>\n<li><strong>T\u00edtulo de la tesis:<\/strong>\u00a0 La responsabilidad social de la empresa en un mundo global. la cr\u00edtica a la econom\u00edaglobal y las nuevas l\u00f3gicas de racionalidad empresarial <\/li>\n<li><strong>Autor:<\/strong>\u00a0 Tom\u00e1s Garc\u00eda Perdiguero <\/li>\n<li><strong>Universidad:<\/strong>\u00a0 Complutense de Madrid<\/li>\n<li><strong>Fecha de lectura de la tesis:<\/strong>\u00a0 26\/04\/2002<\/li>\n<\/ul>\n<p>&nbsp;<\/p>\n<h3>Direcci\u00f3n y tribunal<\/h3>\n<ul>\n<li><strong>Director de la tesis<\/strong>\n<ul>\n<li>Justo Villafa\u00f1e Gallego<\/li>\n<\/ul>\n<\/li>\n<li><strong>Tribunal<\/strong>\n<ul>\n<li>Presidente del tribunal: Juan Benavides delgado <\/li>\n<li> Garc\u00eda marza v. domingo (vocal)<\/li>\n<li>Jes\u00fas Jimenez segura (vocal)<\/li>\n<li> Mingolarra irarzabal Jos\u00e9 Antonio (vocal)<\/li>\n<\/ul>\n<\/li>\n<\/ul>\n<p>&nbsp;<\/p>\n","protected":false},"excerpt":{"rendered":"<p>Tesis doctoral de Tom\u00e1s Garc\u00eda Perdiguero El tema de la tesis doctoral es el estudio de las dimensiones de la [&hellip;]<\/p>\n","protected":false},"author":1,"featured_media":0,"comment_status":"open","ping_status":"open","sticky":false,"template":"","format":"standard","meta":{"site-sidebar-layout":"default","site-content-layout":"","ast-site-content-layout":"","site-content-style":"default","site-sidebar-style":"default","ast-global-header-display":"","ast-banner-title-visibility":"","ast-main-header-display":"","ast-hfb-above-header-display":"","ast-hfb-below-header-display":"","ast-hfb-mobile-header-display":"","site-post-title":"","ast-breadcrumbs-content":"","ast-featured-img":"","footer-sml-layout":"","theme-transparent-header-meta":"","adv-header-id-meta":"","stick-header-meta":"","header-above-stick-meta":"","header-main-stick-meta":"","header-below-stick-meta":"","astra-migrate-meta-layouts":"default","ast-page-background-enabled":"default","ast-page-background-meta":{"desktop":{"background-color":"var(--ast-global-color-4)","background-image":"","background-repeat":"repeat","background-position":"center center","background-size":"auto","background-attachment":"scroll","background-type":"","background-media":"","overlay-type":"","overlay-color":"","overlay-gradient":""},"tablet":{"background-color":"","background-image":"","background-repeat":"repeat","background-position":"center center","background-size":"auto","background-attachment":"scroll","background-type":"","background-media":"","overlay-type":"","overlay-color":"","overlay-gradient":""},"mobile":{"background-color":"","background-image":"","background-repeat":"repeat","background-position":"center center","background-size":"auto","background-attachment":"scroll","background-type":"","background-media":"","overlay-type":"","overlay-color":"","overlay-gradient":""}},"ast-content-background-meta":{"desktop":{"background-color":"var(--ast-global-color-5)","background-image":"","background-repeat":"repeat","background-position":"center center","background-size":"auto","background-attachment":"scroll","background-type":"","background-media":"","overlay-type":"","overlay-color":"","overlay-gradient":""},"tablet":{"background-color":"var(--ast-global-color-5)","background-image":"","background-repeat":"repeat","background-position":"center center","background-size":"auto","background-attachment":"scroll","background-type":"","background-media":"","overlay-type":"","overlay-color":"","overlay-gradient":""},"mobile":{"background-color":"var(--ast-global-color-5)","background-image":"","background-repeat":"repeat","background-position":"center center","background-size":"auto","background-attachment":"scroll","background-type":"","background-media":"","overlay-type":"","overlay-color":"","overlay-gradient":""}},"footnotes":""},"categories":[4735,104,438,222,269],"tags":[52346,5802,5803,5320,52347,52345],"class_list":["post-16597","post","type-post","status-publish","format-standard","hentry","category-comunicaciones-sociales","category-historia","category-historia-de-la-economia","category-historias-especializadas","category-sociologia","tag-garcia-marza-v-domingo","tag-jesus-jimenez-segura","tag-juan-benavides-delgado","tag-justo-villafane-gallego","tag-mingolarra-irarzabal-jose-antonio","tag-tomas-garcia-perdiguero"],"_links":{"self":[{"href":"https:\/\/www.deberes.net\/tesis\/wp-json\/wp\/v2\/posts\/16597","targetHints":{"allow":["GET"]}}],"collection":[{"href":"https:\/\/www.deberes.net\/tesis\/wp-json\/wp\/v2\/posts"}],"about":[{"href":"https:\/\/www.deberes.net\/tesis\/wp-json\/wp\/v2\/types\/post"}],"author":[{"embeddable":true,"href":"https:\/\/www.deberes.net\/tesis\/wp-json\/wp\/v2\/users\/1"}],"replies":[{"embeddable":true,"href":"https:\/\/www.deberes.net\/tesis\/wp-json\/wp\/v2\/comments?post=16597"}],"version-history":[{"count":0,"href":"https:\/\/www.deberes.net\/tesis\/wp-json\/wp\/v2\/posts\/16597\/revisions"}],"wp:attachment":[{"href":"https:\/\/www.deberes.net\/tesis\/wp-json\/wp\/v2\/media?parent=16597"}],"wp:term":[{"taxonomy":"category","embeddable":true,"href":"https:\/\/www.deberes.net\/tesis\/wp-json\/wp\/v2\/categories?post=16597"},{"taxonomy":"post_tag","embeddable":true,"href":"https:\/\/www.deberes.net\/tesis\/wp-json\/wp\/v2\/tags?post=16597"}],"curies":[{"name":"wp","href":"https:\/\/api.w.org\/{rel}","templated":true}]}}