{"id":16616,"date":"2018-03-09T09:04:19","date_gmt":"2018-03-09T09:04:19","guid":{"rendered":"https:\/\/www.deberes.net\/tesis\/sin-categoria\/la-metafora-en-el-pensamiento-de-ortega-y-gasset\/"},"modified":"2018-03-09T09:04:19","modified_gmt":"2018-03-09T09:04:19","slug":"la-metafora-en-el-pensamiento-de-ortega-y-gasset","status":"publish","type":"post","link":"https:\/\/www.deberes.net\/tesis\/ciencias-de-las-artes-y-las-letras\/la-metafora-en-el-pensamiento-de-ortega-y-gasset\/","title":{"rendered":"La met\u00e1fora en el pensamiento de ortega y gasset"},"content":{"rendered":"<h2>Tesis doctoral de <strong>  Galindo Arl\u00e9s Antonio  Pablo <\/strong><\/h2>\n<p>La tesis estudia el uso de la met\u00e1fora en el pensamiento de ortega y gasset. En primer lugar se localiza la aparici\u00f3n de una met\u00e1fora esencial que constituye el n\u00facleo del perspectivismo de nuestro autor. Esta met\u00e1fora es la de los \u00abdioses un\u00e1nimes\u00bb que sirve como base a la doctrina del raciovitalismo. una vez hallada esta met\u00e1fora se describe el pensamiento orteguiano tal y como se expresa con las propias im\u00e1genes del fil\u00f3sofo. Esto conduce a esbozar las opiniones te\u00f3ricas de ortega sobre la met\u00e1fora como herramienta o instrumento cognoscitivo. En una segunda parte de la tesis se abordan aspectos m\u00e1s propios de la t\u00e9cnica fiol\u00f3gica. Despu\u00e9s de mostrar un perfil del escritor tal como se retrata en sus met\u00e1foras, se estudia la t\u00e9cnica y la estructura funcional de estas en el conjunto de la obra orteguiana. la tesis se\u00f1ala entre las conclusiones la imposibilidad de separar las ideas orteguianas y la expresi\u00f3n ret\u00f3rica de estas.<\/p>\n<p>&nbsp;<\/p>\n<h3>Datos acad\u00e9micos de la tesis doctoral \u00ab<strong>La met\u00e1fora en el pensamiento de ortega y gasset<\/strong>\u00ab<\/h3>\n<ul>\n<li><strong>T\u00edtulo de la tesis:<\/strong>\u00a0 La met\u00e1fora en el pensamiento de ortega y gasset <\/li>\n<li><strong>Autor:<\/strong>\u00a0  Galindo Arl\u00e9s Antonio  Pablo <\/li>\n<li><strong>Universidad:<\/strong>\u00a0 Universitat de val\u00e9ncia (estudi general)<\/li>\n<li><strong>Fecha de lectura de la tesis:<\/strong>\u00a0 26\/04\/2002<\/li>\n<\/ul>\n<p>&nbsp;<\/p>\n<h3>Direcci\u00f3n y tribunal<\/h3>\n<ul>\n<li><strong>Director de la tesis<\/strong>\n<ul>\n<li>Ricard Morant Marco<\/li>\n<\/ul>\n<\/li>\n<li><strong>Tribunal<\/strong>\n<ul>\n<li>Presidente del tribunal: \u00e1ngel L\u00f3pez Garc\u00eda-molins <\/li>\n<li>Antonio Melero bellido (vocal)<\/li>\n<li>Jos\u00e9 Luis Villaca\u00f1as berlanga (vocal)<\/li>\n<li>\u00e1ngel Herrero blanco (vocal)<\/li>\n<\/ul>\n<\/li>\n<\/ul>\n<p>&nbsp;<\/p>\n","protected":false},"excerpt":{"rendered":"<p>Tesis doctoral de Galindo Arl\u00e9s Antonio Pablo La tesis estudia el uso de la met\u00e1fora en el pensamiento de ortega [&hellip;]<\/p>\n","protected":false},"author":1,"featured_media":0,"comment_status":"open","ping_status":"open","sticky":false,"template":"","format":"standard","meta":{"site-sidebar-layout":"default","site-content-layout":"","ast-site-content-layout":"","site-content-style":"default","site-sidebar-style":"default","ast-global-header-display":"","ast-banner-title-visibility":"","ast-main-header-display":"","ast-hfb-above-header-display":"","ast-hfb-below-header-display":"","ast-hfb-mobile-header-display":"","site-post-title":"","ast-breadcrumbs-content":"","ast-featured-img":"","footer-sml-layout":"","theme-transparent-header-meta":"","adv-header-id-meta":"","stick-header-meta":"","header-above-stick-meta":"","header-main-stick-meta":"","header-below-stick-meta":"","astra-migrate-meta-layouts":"default","ast-page-background-enabled":"default","ast-page-background-meta":{"desktop":{"background-color":"var(--ast-global-color-4)","background-image":"","background-repeat":"repeat","background-position":"center center","background-size":"auto","background-attachment":"scroll","background-type":"","background-media":"","overlay-type":"","overlay-color":"","overlay-gradient":""},"tablet":{"background-color":"","background-image":"","background-repeat":"repeat","background-position":"center center","background-size":"auto","background-attachment":"scroll","background-type":"","background-media":"","overlay-type":"","overlay-color":"","overlay-gradient":""},"mobile":{"background-color":"","background-image":"","background-repeat":"repeat","background-position":"center center","background-size":"auto","background-attachment":"scroll","background-type":"","background-media":"","overlay-type":"","overlay-color":"","overlay-gradient":""}},"ast-content-background-meta":{"desktop":{"background-color":"var(--ast-global-color-5)","background-image":"","background-repeat":"repeat","background-position":"center center","background-size":"auto","background-attachment":"scroll","background-type":"","background-media":"","overlay-type":"","overlay-color":"","overlay-gradient":""},"tablet":{"background-color":"var(--ast-global-color-5)","background-image":"","background-repeat":"repeat","background-position":"center center","background-size":"auto","background-attachment":"scroll","background-type":"","background-media":"","overlay-type":"","overlay-color":"","overlay-gradient":""},"mobile":{"background-color":"var(--ast-global-color-5)","background-image":"","background-repeat":"repeat","background-position":"center center","background-size":"auto","background-attachment":"scroll","background-type":"","background-media":"","overlay-type":"","overlay-color":"","overlay-gradient":""}},"footnotes":""},"categories":[147,576,628],"tags":[52402,43585,10910,52400,12149,52401],"class_list":["post-16616","post","type-post","status-publish","format-standard","hentry","category-ciencias-de-las-artes-y-las-letras","category-retorica","category-teoria-analisis-y-critica-literarios","tag-angel-herrero-blanco","tag-angel-lopez-garcia-molins","tag-antonio-melero-bellido","tag-galindo-arles-antonio-pablo","tag-jose-luis-villacanas-berlanga","tag-ricard-morant-marco"],"_links":{"self":[{"href":"https:\/\/www.deberes.net\/tesis\/wp-json\/wp\/v2\/posts\/16616","targetHints":{"allow":["GET"]}}],"collection":[{"href":"https:\/\/www.deberes.net\/tesis\/wp-json\/wp\/v2\/posts"}],"about":[{"href":"https:\/\/www.deberes.net\/tesis\/wp-json\/wp\/v2\/types\/post"}],"author":[{"embeddable":true,"href":"https:\/\/www.deberes.net\/tesis\/wp-json\/wp\/v2\/users\/1"}],"replies":[{"embeddable":true,"href":"https:\/\/www.deberes.net\/tesis\/wp-json\/wp\/v2\/comments?post=16616"}],"version-history":[{"count":0,"href":"https:\/\/www.deberes.net\/tesis\/wp-json\/wp\/v2\/posts\/16616\/revisions"}],"wp:attachment":[{"href":"https:\/\/www.deberes.net\/tesis\/wp-json\/wp\/v2\/media?parent=16616"}],"wp:term":[{"taxonomy":"category","embeddable":true,"href":"https:\/\/www.deberes.net\/tesis\/wp-json\/wp\/v2\/categories?post=16616"},{"taxonomy":"post_tag","embeddable":true,"href":"https:\/\/www.deberes.net\/tesis\/wp-json\/wp\/v2\/tags?post=16616"}],"curies":[{"name":"wp","href":"https:\/\/api.w.org\/{rel}","templated":true}]}}