{"id":16643,"date":"2018-03-09T09:04:21","date_gmt":"2018-03-09T09:04:21","guid":{"rendered":"https:\/\/www.deberes.net\/tesis\/sin-categoria\/la-mirada-perioda%c2%adstica-sobre-el-delito\/"},"modified":"2018-03-09T09:04:21","modified_gmt":"2018-03-09T09:04:21","slug":"la-mirada-perioda%c2%adstica-sobre-el-delito","status":"publish","type":"post","link":"https:\/\/www.deberes.net\/tesis\/sociologia\/la-mirada-perioda%c2%adstica-sobre-el-delito\/","title":{"rendered":"La mirada period\u00edstica sobre el delito"},"content":{"rendered":"<h2>Tesis doctoral de <strong> Francesc Barata Villar <\/strong><\/h2>\n<p>La tesis investiga la g\u00e9nesis de la mirada period\u00edstica sobre el delito, un campo del conocimiento apenas explorado por los investigadores. La mirada period\u00edstica sobre el delito aporta conocimientos te\u00f3ricos y materiales emp\u00edricos in\u00e9ditos para el estudio acad\u00e9mico y el debate social. El autor ofrece una panor\u00e1mica de las principales investigaciones internacionales que se han hecho sobre los mass media y el delito, adem\u00e1s de un an\u00e1lisis de los trabajos realizados en el \u00e1mbito espa\u00f1ol.  la investigaci\u00f3n plantea que el momento fundador de la mirada period\u00edstica sobre el delito tuvo lugar con el nacimiento de la prensa de masas, bajo una fuerte influencia de la literatura realista y los nuevos aberes criminol\u00f3gicos. el periodismo reinventa su lenguaje y los media ofrecen una nueva visibilidad del delito que transforma la experiencia social sobre los ilegalismos. del ritual punitivo se pasa al ritual medi\u00e1tico de las transgresiones. todo ello origina el surgimiento de una cultura medi\u00e1tica del delito, una nueva mirada que interpela a los actores del sistema penal y motiva un fuerte debate social.  la mirada period\u00edstica sobre el delito explora los or\u00edgenes del periodismo criminol\u00f3gico para extraer un modelo de an\u00e1lisis que resulte \u00fatil para futuras investigaciones. Su autor utiliza un marco te\u00f3rico interdisciplinar que le permite obtener unos conocimientos te\u00f3ricos in\u00e9ditos sobre el tema planteado.<\/p>\n<p>&nbsp;<\/p>\n<h3>Datos acad\u00e9micos de la tesis doctoral \u00ab<strong>La mirada period\u00edstica sobre el delito<\/strong>\u00ab<\/h3>\n<ul>\n<li><strong>T\u00edtulo de la tesis:<\/strong>\u00a0 La mirada period\u00edstica sobre el delito <\/li>\n<li><strong>Autor:<\/strong>\u00a0 Francesc Barata Villar <\/li>\n<li><strong>Universidad:<\/strong>\u00a0 Ram\u00f3n llull<\/li>\n<li><strong>Fecha de lectura de la tesis:<\/strong>\u00a0 26\/04\/2002<\/li>\n<\/ul>\n<p>&nbsp;<\/p>\n<h3>Direcci\u00f3n y tribunal<\/h3>\n<ul>\n<li><strong>Director de la tesis<\/strong>\n<ul>\n<li>Miquel Rodrigo<\/li>\n<\/ul>\n<\/li>\n<li><strong>Tribunal<\/strong>\n<ul>\n<li>Presidente del tribunal: roberto Bergalli <\/li>\n<li>lLuis Flaquer (vocal)<\/li>\n<li>enric Mar\u00edn (vocal)<\/li>\n<li>albert S\u00e1ez casas (vocal)<\/li>\n<\/ul>\n<\/li>\n<\/ul>\n<p>&nbsp;<\/p>\n","protected":false},"excerpt":{"rendered":"<p>Tesis doctoral de Francesc Barata Villar La tesis investiga la g\u00e9nesis de la mirada period\u00edstica sobre el delito, un campo [&hellip;]<\/p>\n","protected":false},"author":1,"featured_media":0,"comment_status":"open","ping_status":"open","sticky":false,"template":"","format":"standard","meta":{"site-sidebar-layout":"default","site-content-layout":"","ast-site-content-layout":"","site-content-style":"default","site-sidebar-style":"default","ast-global-header-display":"","ast-banner-title-visibility":"","ast-main-header-display":"","ast-hfb-above-header-display":"","ast-hfb-below-header-display":"","ast-hfb-mobile-header-display":"","site-post-title":"","ast-breadcrumbs-content":"","ast-featured-img":"","footer-sml-layout":"","theme-transparent-header-meta":"","adv-header-id-meta":"","stick-header-meta":"","header-above-stick-meta":"","header-main-stick-meta":"","header-below-stick-meta":"","astra-migrate-meta-layouts":"default","ast-page-background-enabled":"default","ast-page-background-meta":{"desktop":{"background-color":"var(--ast-global-color-4)","background-image":"","background-repeat":"repeat","background-position":"center center","background-size":"auto","background-attachment":"scroll","background-type":"","background-media":"","overlay-type":"","overlay-color":"","overlay-gradient":""},"tablet":{"background-color":"","background-image":"","background-repeat":"repeat","background-position":"center center","background-size":"auto","background-attachment":"scroll","background-type":"","background-media":"","overlay-type":"","overlay-color":"","overlay-gradient":""},"mobile":{"background-color":"","background-image":"","background-repeat":"repeat","background-position":"center center","background-size":"auto","background-attachment":"scroll","background-type":"","background-media":"","overlay-type":"","overlay-color":"","overlay-gradient":""}},"ast-content-background-meta":{"desktop":{"background-color":"var(--ast-global-color-5)","background-image":"","background-repeat":"repeat","background-position":"center center","background-size":"auto","background-attachment":"scroll","background-type":"","background-media":"","overlay-type":"","overlay-color":"","overlay-gradient":""},"tablet":{"background-color":"var(--ast-global-color-5)","background-image":"","background-repeat":"repeat","background-position":"center center","background-size":"auto","background-attachment":"scroll","background-type":"","background-media":"","overlay-type":"","overlay-color":"","overlay-gradient":""},"mobile":{"background-color":"var(--ast-global-color-5)","background-image":"","background-repeat":"repeat","background-position":"center center","background-size":"auto","background-attachment":"scroll","background-type":"","background-media":"","overlay-type":"","overlay-color":"","overlay-gradient":""}},"footnotes":""},"categories":[838,612,24381,613,979,5051,4840,4841,14653,32959,269],"tags":[48643,52483,52479,52482,52480,52481],"class_list":["post-16643","post","type-post","status-publish","format-standard","hentry","category-ciencia-politica","category-ciencias-juridicas-y-derecho","category-conflictos-internacionales","category-derecho-penal","category-derecho-y-legislacion-nacionales","category-medios-de-comunicacion-de-masas","category-opinion-publica","category-prensa","category-problemas-internacionales","category-ramon-llull","category-sociologia","tag-albert-saez-casas","tag-enric-marin","tag-francesc-barata-villar","tag-lluis-flaquer","tag-miquel-rodrigo","tag-roberto-bergalli"],"_links":{"self":[{"href":"https:\/\/www.deberes.net\/tesis\/wp-json\/wp\/v2\/posts\/16643","targetHints":{"allow":["GET"]}}],"collection":[{"href":"https:\/\/www.deberes.net\/tesis\/wp-json\/wp\/v2\/posts"}],"about":[{"href":"https:\/\/www.deberes.net\/tesis\/wp-json\/wp\/v2\/types\/post"}],"author":[{"embeddable":true,"href":"https:\/\/www.deberes.net\/tesis\/wp-json\/wp\/v2\/users\/1"}],"replies":[{"embeddable":true,"href":"https:\/\/www.deberes.net\/tesis\/wp-json\/wp\/v2\/comments?post=16643"}],"version-history":[{"count":0,"href":"https:\/\/www.deberes.net\/tesis\/wp-json\/wp\/v2\/posts\/16643\/revisions"}],"wp:attachment":[{"href":"https:\/\/www.deberes.net\/tesis\/wp-json\/wp\/v2\/media?parent=16643"}],"wp:term":[{"taxonomy":"category","embeddable":true,"href":"https:\/\/www.deberes.net\/tesis\/wp-json\/wp\/v2\/categories?post=16643"},{"taxonomy":"post_tag","embeddable":true,"href":"https:\/\/www.deberes.net\/tesis\/wp-json\/wp\/v2\/tags?post=16643"}],"curies":[{"name":"wp","href":"https:\/\/api.w.org\/{rel}","templated":true}]}}