{"id":16645,"date":"2018-03-09T09:04:21","date_gmt":"2018-03-09T09:04:21","guid":{"rendered":"https:\/\/www.deberes.net\/tesis\/sin-categoria\/adaptacion-a-la-siembra-invernal-y-tolerancia-al-fra%c2%ado-en-guisante-pisum-sativum-l\/"},"modified":"2018-03-09T09:04:21","modified_gmt":"2018-03-09T09:04:21","slug":"adaptacion-a-la-siembra-invernal-y-tolerancia-al-fra%c2%ado-en-guisante-pisum-sativum-l","status":"publish","type":"post","link":"https:\/\/www.deberes.net\/tesis\/ciencias-de-la-vida\/adaptacion-a-la-siembra-invernal-y-tolerancia-al-fra%c2%ado-en-guisante-pisum-sativum-l\/","title":{"rendered":"Adaptaci\u00f3n a la siembra invernal y tolerancia al fr\u00edo en guisante (pisum sativum l.)"},"content":{"rendered":"<h2>Tesis doctoral de <strong> Constantino Caminero Salda\u00f1a <\/strong><\/h2>\n<p>Diversos motivos apuntan al guisante proteaginoso como un buen candidato para ser incluido en las rotaciones de los secanos en regiones que, como la castellano-leonesa, tienen pocas alternativas al cultivo de cereal. sin embargo, los muchos a\u00f1os de abandono que sufri\u00f3 este cultivo se han traducido enlos escasos rendimientos que de \u00e9l se obtienen en nuestra regi\u00f3n: apenas una tercera parte de los obtenido con el cereal.  en definitiva, parece necesario comprobar si el guisante proteaginoso puede ser un cultivo rentable, explorar acerca de si el adelanto de la tradiconal fecha de siembra primaveral a otras m\u00e1s temprana puede ser una buena estrategia para conseguirlo y se deber\u00e1 definir el ideotipo para un plan de mejora gen\u00e9tica de guisante proteaginoso adaptado a la siembra invernal en las condiciones de los secanos de castilla y le\u00f3n.  se han evaluado 16 genotipos de guisante en siembras oto\u00f1ales, invernales y primaverales, durante tres campa\u00f1as de cultivo (1997\/98, 98\/99 y 99\/00), en dos localidades muy diferentes, as\u00ed c\u00f3mo en ensayos en c\u00e1mara de ambiente controlado.  la anal\u00edtica estad\u00edstica considerada ha utilizado diversas descomposiciones del modelo de an\u00e1lisis de varianza, la regresi\u00f3n conjunta, el an\u00e1lisis ammi, algunos m\u00e9todos no pram\u00e9tricos y t\u00e9cnicas h\u00edbridas entre las anteriores.  en todas las campa\u00f1as, en las dos localidades se detectaron los m\u00e1ximos de rendimiento en condiciones de adelanto de fecha de siembra. Dichos m\u00e1ximos han resultado competitivos cuando se comparan con los rendimientos estimados de las mejores variedades de cebada. En siembra primaveral no se ha detectado esa posible competitividad. Sin embargo, ninguna de las variedades habitualmente sembradas en castilla y le\u00f3n (azur, rafael, esla, solara y balelt) ha demostrado ser la m\u00e1s competitiva en los ambientes seleccionados, con lo que se hace evidente que es necesario un cambio varietal en el cultivo de guisante de la regi\u00f3n.<\/p>\n<p>&nbsp;<\/p>\n<h3>Datos acad\u00e9micos de la tesis doctoral \u00ab<strong>Adaptaci\u00f3n a la siembra invernal y tolerancia al fr\u00edo en guisante (pisum sativum l.)<\/strong>\u00ab<\/h3>\n<ul>\n<li><strong>T\u00edtulo de la tesis:<\/strong>\u00a0 Adaptaci\u00f3n a la siembra invernal y tolerancia al fr\u00edo en guisante (pisum sativum l.) <\/li>\n<li><strong>Autor:<\/strong>\u00a0 Constantino Caminero Salda\u00f1a <\/li>\n<li><strong>Universidad:<\/strong>\u00a0 Le\u00f3n<\/li>\n<li><strong>Fecha de lectura de la tesis:<\/strong>\u00a0 27\/04\/2002<\/li>\n<\/ul>\n<p>&nbsp;<\/p>\n<h3>Direcci\u00f3n y tribunal<\/h3>\n<ul>\n<li><strong>Director de la tesis<\/strong>\n<ul>\n<li>Marcelino P\u00e9rez De La Vega<\/li>\n<\/ul>\n<\/li>\n<li><strong>Tribunal<\/strong>\n<ul>\n<li>Presidente del tribunal: Jos\u00e9 ignacio Cubero salmeron <\/li>\n<li> De la rosa fern\u00e1ndez luc\u00eda (vocal)<\/li>\n<li>Mar\u00eda  del mar Moreno yang\u00ed\u00bcela (vocal)<\/li>\n<li> Casquero luelmo pedro Antonio (vocal)<\/li>\n<\/ul>\n<\/li>\n<\/ul>\n<p>&nbsp;<\/p>\n","protected":false},"excerpt":{"rendered":"<p>Tesis doctoral de Constantino Caminero Salda\u00f1a Diversos motivos apuntan al guisante proteaginoso como un buen candidato para ser incluido en [&hellip;]<\/p>\n","protected":false},"author":1,"featured_media":0,"comment_status":"open","ping_status":"open","sticky":false,"template":"","format":"standard","meta":{"site-sidebar-layout":"default","site-content-layout":"","ast-site-content-layout":"","site-content-style":"default","site-sidebar-style":"default","ast-global-header-display":"","ast-banner-title-visibility":"","ast-main-header-display":"","ast-hfb-above-header-display":"","ast-hfb-below-header-display":"","ast-hfb-mobile-header-display":"","site-post-title":"","ast-breadcrumbs-content":"","ast-featured-img":"","footer-sml-layout":"","theme-transparent-header-meta":"","adv-header-id-meta":"","stick-header-meta":"","header-above-stick-meta":"","header-main-stick-meta":"","header-below-stick-meta":"","astra-migrate-meta-layouts":"default","ast-page-background-enabled":"default","ast-page-background-meta":{"desktop":{"background-color":"var(--ast-global-color-4)","background-image":"","background-repeat":"repeat","background-position":"center center","background-size":"auto","background-attachment":"scroll","background-type":"","background-media":"","overlay-type":"","overlay-color":"","overlay-gradient":""},"tablet":{"background-color":"","background-image":"","background-repeat":"repeat","background-position":"center center","background-size":"auto","background-attachment":"scroll","background-type":"","background-media":"","overlay-type":"","overlay-color":"","overlay-gradient":""},"mobile":{"background-color":"","background-image":"","background-repeat":"repeat","background-position":"center center","background-size":"auto","background-attachment":"scroll","background-type":"","background-media":"","overlay-type":"","overlay-color":"","overlay-gradient":""}},"ast-content-background-meta":{"desktop":{"background-color":"var(--ast-global-color-5)","background-image":"","background-repeat":"repeat","background-position":"center center","background-size":"auto","background-attachment":"scroll","background-type":"","background-media":"","overlay-type":"","overlay-color":"","overlay-gradient":""},"tablet":{"background-color":"var(--ast-global-color-5)","background-image":"","background-repeat":"repeat","background-position":"center center","background-size":"auto","background-attachment":"scroll","background-type":"","background-media":"","overlay-type":"","overlay-color":"","overlay-gradient":""},"mobile":{"background-color":"var(--ast-global-color-5)","background-image":"","background-repeat":"repeat","background-position":"center center","background-size":"auto","background-attachment":"scroll","background-type":"","background-media":"","overlay-type":"","overlay-color":"","overlay-gradient":""}},"footnotes":""},"categories":[509,972,494,35,44176,534,4430,502],"tags":[52487,52486,37378,537,4483,20903],"class_list":["post-16645","post","type-post","status-publish","format-standard","hentry","category-agronomia","category-botanica","category-ciencias-agrarias","category-ciencias-de-la-vida","category-cultivos-extensivos","category-genetica-vegetal","category-leon","category-produccion-de-cultivos","tag-casquero-luelmo-pedro-antonio","tag-constantino-caminero-saldana","tag-de-la-rosa-fernandez-lucia","tag-jose-ignacio-cubero-salmeron","tag-marcelino-perez-de-la-vega","tag-maria-del-mar-moreno-yangiela"],"_links":{"self":[{"href":"https:\/\/www.deberes.net\/tesis\/wp-json\/wp\/v2\/posts\/16645","targetHints":{"allow":["GET"]}}],"collection":[{"href":"https:\/\/www.deberes.net\/tesis\/wp-json\/wp\/v2\/posts"}],"about":[{"href":"https:\/\/www.deberes.net\/tesis\/wp-json\/wp\/v2\/types\/post"}],"author":[{"embeddable":true,"href":"https:\/\/www.deberes.net\/tesis\/wp-json\/wp\/v2\/users\/1"}],"replies":[{"embeddable":true,"href":"https:\/\/www.deberes.net\/tesis\/wp-json\/wp\/v2\/comments?post=16645"}],"version-history":[{"count":0,"href":"https:\/\/www.deberes.net\/tesis\/wp-json\/wp\/v2\/posts\/16645\/revisions"}],"wp:attachment":[{"href":"https:\/\/www.deberes.net\/tesis\/wp-json\/wp\/v2\/media?parent=16645"}],"wp:term":[{"taxonomy":"category","embeddable":true,"href":"https:\/\/www.deberes.net\/tesis\/wp-json\/wp\/v2\/categories?post=16645"},{"taxonomy":"post_tag","embeddable":true,"href":"https:\/\/www.deberes.net\/tesis\/wp-json\/wp\/v2\/tags?post=16645"}],"curies":[{"name":"wp","href":"https:\/\/api.w.org\/{rel}","templated":true}]}}