{"id":16654,"date":"2018-03-09T09:04:22","date_gmt":"2018-03-09T09:04:22","guid":{"rendered":"https:\/\/www.deberes.net\/tesis\/sin-categoria\/la-nueva-economa%c2%ada-espanola-impactos-de-las-tecnologa%c2%adas-de-la-informacion-y-la-comunicacion-en-la-economa%c2%ada-y-la-sociedad\/"},"modified":"2018-03-09T09:04:22","modified_gmt":"2018-03-09T09:04:22","slug":"la-nueva-economa%c2%ada-espanola-impactos-de-las-tecnologa%c2%adas-de-la-informacion-y-la-comunicacion-en-la-economa%c2%ada-y-la-sociedad","status":"publish","type":"post","link":"https:\/\/www.deberes.net\/tesis\/ciencias-economicas\/la-nueva-economa%c2%ada-espanola-impactos-de-las-tecnologa%c2%adas-de-la-informacion-y-la-comunicacion-en-la-economa%c2%ada-y-la-sociedad\/","title":{"rendered":"La nueva econom\u00edaespa\u00f1ola. impactos de las tecnolog\u00edas de la informaci\u00f3n y la comunicaci\u00f3n en la econom\u00eday la sociedad"},"content":{"rendered":"<h2>Tesis doctoral de <strong> Jes\u00fas Banegas N\u00fa\u00f1ez <\/strong><\/h2>\n<p>\u00abla emergencia y proliferaci\u00f3n de nuevas tecnolog\u00edas, sobre todo las basadas en electr\u00f3nica y sus principales aplicaciones: telecomunicaciones e inform\u00e1tica, junto con la apertura de los mercados &#8211; al menos de los principales bloques econ\u00f3micos -, est\u00e1n generando una especie de nueva econom\u00eda que en ciertos aspectos parece escapar del comportamiento esperado desde una perspectiva te\u00f3rica ortodoxa, es decir, neocl\u00e1sica\u00bb.  el objeto central de la tesis es examinar hasta qu\u00e9 punto la llamada nueva econom\u00eda es una realidad distinta de la tradicional, as\u00ed como medir en t\u00e9rminos cuantitativos los impactos de las tecnolog\u00edas que la soportan y dan vida, las tic, en la econom\u00eda espa\u00f1ola.<\/p>\n<p>&nbsp;<\/p>\n<h3>Datos acad\u00e9micos de la tesis doctoral \u00ab<strong>La nueva econom\u00edaespa\u00f1ola. impactos de las tecnolog\u00edas de la informaci\u00f3n y la comunicaci\u00f3n en la econom\u00eday la sociedad<\/strong>\u00ab<\/h3>\n<ul>\n<li><strong>T\u00edtulo de la tesis:<\/strong>\u00a0 La nueva econom\u00edaespa\u00f1ola. impactos de las tecnolog\u00edas de la informaci\u00f3n y la comunicaci\u00f3n en la econom\u00eday la sociedad <\/li>\n<li><strong>Autor:<\/strong>\u00a0 Jes\u00fas Banegas N\u00fa\u00f1ez <\/li>\n<li><strong>Universidad:<\/strong>\u00a0 Complutense de Madrid<\/li>\n<li><strong>Fecha de lectura de la tesis:<\/strong>\u00a0 29\/04\/2002<\/li>\n<\/ul>\n<p>&nbsp;<\/p>\n<h3>Direcci\u00f3n y tribunal<\/h3>\n<ul>\n<li><strong>Director de la tesis<\/strong>\n<ul>\n<li>Rafael Myro Sanchez<\/li>\n<\/ul>\n<\/li>\n<li><strong>Tribunal<\/strong>\n<ul>\n<li>Presidente del tribunal: jose Molero zayas <\/li>\n<li>Manuel Castells olivan (vocal)<\/li>\n<li> S\u00e1nchez mu\u00f1oz Mar\u00eda  paloma (vocal)<\/li>\n<li>Emilio Ontiveros baeza (vocal)<\/li>\n<\/ul>\n<\/li>\n<\/ul>\n<p>&nbsp;<\/p>\n","protected":false},"excerpt":{"rendered":"<p>Tesis doctoral de Jes\u00fas Banegas N\u00fa\u00f1ez \u00abla emergencia y proliferaci\u00f3n de nuevas tecnolog\u00edas, sobre todo las basadas en electr\u00f3nica y [&hellip;]<\/p>\n","protected":false},"author":1,"featured_media":0,"comment_status":"open","ping_status":"open","sticky":false,"template":"","format":"standard","meta":{"site-sidebar-layout":"default","site-content-layout":"","ast-site-content-layout":"","site-content-style":"default","site-sidebar-style":"default","ast-global-header-display":"","ast-banner-title-visibility":"","ast-main-header-display":"","ast-hfb-above-header-display":"","ast-hfb-below-header-display":"","ast-hfb-mobile-header-display":"","site-post-title":"","ast-breadcrumbs-content":"","ast-featured-img":"","footer-sml-layout":"","theme-transparent-header-meta":"","adv-header-id-meta":"","stick-header-meta":"","header-above-stick-meta":"","header-main-stick-meta":"","header-below-stick-meta":"","astra-migrate-meta-layouts":"default","ast-page-background-enabled":"default","ast-page-background-meta":{"desktop":{"background-color":"var(--ast-global-color-4)","background-image":"","background-repeat":"repeat","background-position":"center center","background-size":"auto","background-attachment":"scroll","background-type":"","background-media":"","overlay-type":"","overlay-color":"","overlay-gradient":""},"tablet":{"background-color":"","background-image":"","background-repeat":"repeat","background-position":"center center","background-size":"auto","background-attachment":"scroll","background-type":"","background-media":"","overlay-type":"","overlay-color":"","overlay-gradient":""},"mobile":{"background-color":"","background-image":"","background-repeat":"repeat","background-position":"center center","background-size":"auto","background-attachment":"scroll","background-type":"","background-media":"","overlay-type":"","overlay-color":"","overlay-gradient":""}},"ast-content-background-meta":{"desktop":{"background-color":"var(--ast-global-color-5)","background-image":"","background-repeat":"repeat","background-position":"center center","background-size":"auto","background-attachment":"scroll","background-type":"","background-media":"","overlay-type":"","overlay-color":"","overlay-gradient":""},"tablet":{"background-color":"var(--ast-global-color-5)","background-image":"","background-repeat":"repeat","background-position":"center center","background-size":"auto","background-attachment":"scroll","background-type":"","background-media":"","overlay-type":"","overlay-color":"","overlay-gradient":""},"mobile":{"background-color":"var(--ast-global-color-5)","background-image":"","background-repeat":"repeat","background-position":"center center","background-size":"auto","background-attachment":"scroll","background-type":"","background-media":"","overlay-type":"","overlay-color":"","overlay-gradient":""}},"footnotes":""},"categories":[82,836,991],"tags":[26122,52507,6489,14330,12222,52508],"class_list":["post-16654","post","type-post","status-publish","format-standard","hentry","category-ciencias-economicas","category-economia-del-cambio-tecnologico","category-innovacion-tecnologica","tag-emilio-ontiveros-baeza","tag-jesus-banegas-nunez","tag-jose-molero-zayas","tag-manuel-castells-olivan","tag-rafael-myro-sanchez","tag-sanchez-munoz-maria-paloma"],"_links":{"self":[{"href":"https:\/\/www.deberes.net\/tesis\/wp-json\/wp\/v2\/posts\/16654","targetHints":{"allow":["GET"]}}],"collection":[{"href":"https:\/\/www.deberes.net\/tesis\/wp-json\/wp\/v2\/posts"}],"about":[{"href":"https:\/\/www.deberes.net\/tesis\/wp-json\/wp\/v2\/types\/post"}],"author":[{"embeddable":true,"href":"https:\/\/www.deberes.net\/tesis\/wp-json\/wp\/v2\/users\/1"}],"replies":[{"embeddable":true,"href":"https:\/\/www.deberes.net\/tesis\/wp-json\/wp\/v2\/comments?post=16654"}],"version-history":[{"count":0,"href":"https:\/\/www.deberes.net\/tesis\/wp-json\/wp\/v2\/posts\/16654\/revisions"}],"wp:attachment":[{"href":"https:\/\/www.deberes.net\/tesis\/wp-json\/wp\/v2\/media?parent=16654"}],"wp:term":[{"taxonomy":"category","embeddable":true,"href":"https:\/\/www.deberes.net\/tesis\/wp-json\/wp\/v2\/categories?post=16654"},{"taxonomy":"post_tag","embeddable":true,"href":"https:\/\/www.deberes.net\/tesis\/wp-json\/wp\/v2\/tags?post=16654"}],"curies":[{"name":"wp","href":"https:\/\/api.w.org\/{rel}","templated":true}]}}