{"id":16669,"date":"2018-03-09T09:04:23","date_gmt":"2018-03-09T09:04:23","guid":{"rendered":"https:\/\/www.deberes.net\/tesis\/sin-categoria\/los-sistemas-de-costos-y-planteamiento-en-mexico-y-la-incorporacion-de-las-nuevas-filosofa%c2%adas-de-costos-y-administrativas\/"},"modified":"2018-03-09T09:04:23","modified_gmt":"2018-03-09T09:04:23","slug":"los-sistemas-de-costos-y-planteamiento-en-mexico-y-la-incorporacion-de-las-nuevas-filosofa%c2%adas-de-costos-y-administrativas","status":"publish","type":"post","link":"https:\/\/www.deberes.net\/tesis\/ciencias-economicas\/los-sistemas-de-costos-y-planteamiento-en-mexico-y-la-incorporacion-de-las-nuevas-filosofa%c2%adas-de-costos-y-administrativas\/","title":{"rendered":"Los sistemas de costos y planteamiento en m\u00e9xico y la incorporaci\u00f3n de las nuevas filosof\u00edas de costos y administrativas"},"content":{"rendered":"<h2>Tesis doctoral de <strong>  Nava Garc\u00eda Jos\u00e9 Luis <\/strong><\/h2>\n<p>Enfocada al entorno microecon\u00f3mico y macroecon\u00f3mico de m\u00e9xico, la investigaci\u00f3n b\u00e1sicamente descriptiva presenta como objetivos:  * determinar si los costos tradicionales son obsoletos  * determinar si las nuevas filosof\u00edas son sistemas de costos modernos o s\u00f3lo una variante.  * determinar si pueden coexistir ambos enfoques.  * determinar lo conveniente para una empresa.  el trabajo es desarrollado en cuatro cap\u00edtulos considerando adicionalmente la introducci\u00f3n y las conclusiones, en las que se hace una propuesta para mejorar la situaci\u00f3n actual de las empresas mexicanas en su aspecto de gesti\u00f3n de costos y administrativos.<\/p>\n<p>&nbsp;<\/p>\n<h3>Datos acad\u00e9micos de la tesis doctoral \u00ab<strong>Los sistemas de costos y planteamiento en m\u00e9xico y la incorporaci\u00f3n de las nuevas filosof\u00edas de costos y administrativas<\/strong>\u00ab<\/h3>\n<ul>\n<li><strong>T\u00edtulo de la tesis:<\/strong>\u00a0 Los sistemas de costos y planteamiento en m\u00e9xico y la incorporaci\u00f3n de las nuevas filosof\u00edas de costos y administrativas <\/li>\n<li><strong>Autor:<\/strong>\u00a0  Nava Garc\u00eda Jos\u00e9 Luis <\/li>\n<li><strong>Universidad:<\/strong>\u00a0 Nacional de educaci\u00f3n a distancia<\/li>\n<li><strong>Fecha de lectura de la tesis:<\/strong>\u00a0 29\/04\/2002<\/li>\n<\/ul>\n<p>&nbsp;<\/p>\n<h3>Direcci\u00f3n y tribunal<\/h3>\n<ul>\n<li><strong>Director de la tesis<\/strong>\n<ul>\n<li>Gerardo Guti\u00e9rrez D\u00edaz<\/li>\n<\/ul>\n<\/li>\n<li><strong>Tribunal<\/strong>\n<ul>\n<li>Presidente del tribunal: gil Sanchez arroyo <\/li>\n<li>Antonio Fernandez fernandez (vocal)<\/li>\n<li> Norberto laborda M\u00aa carmen (vocal)<\/li>\n<li>Miguel \u00e1ngel Crespo dom\u00ednguez (vocal)<\/li>\n<\/ul>\n<\/li>\n<\/ul>\n<p>&nbsp;<\/p>\n","protected":false},"excerpt":{"rendered":"<p>Tesis doctoral de Nava Garc\u00eda Jos\u00e9 Luis Enfocada al entorno microecon\u00f3mico y macroecon\u00f3mico de m\u00e9xico, la investigaci\u00f3n b\u00e1sicamente descriptiva presenta [&hellip;]<\/p>\n","protected":false},"author":1,"featured_media":0,"comment_status":"open","ping_status":"open","sticky":false,"template":"","format":"standard","meta":{"site-sidebar-layout":"default","site-content-layout":"","ast-site-content-layout":"","site-content-style":"default","site-sidebar-style":"default","ast-global-header-display":"","ast-banner-title-visibility":"","ast-main-header-display":"","ast-hfb-above-header-display":"","ast-hfb-below-header-display":"","ast-hfb-mobile-header-display":"","site-post-title":"","ast-breadcrumbs-content":"","ast-featured-img":"","footer-sml-layout":"","theme-transparent-header-meta":"","adv-header-id-meta":"","stick-header-meta":"","header-above-stick-meta":"","header-main-stick-meta":"","header-below-stick-meta":"","astra-migrate-meta-layouts":"default","ast-page-background-enabled":"default","ast-page-background-meta":{"desktop":{"background-color":"var(--ast-global-color-4)","background-image":"","background-repeat":"repeat","background-position":"center center","background-size":"auto","background-attachment":"scroll","background-type":"","background-media":"","overlay-type":"","overlay-color":"","overlay-gradient":""},"tablet":{"background-color":"","background-image":"","background-repeat":"repeat","background-position":"center center","background-size":"auto","background-attachment":"scroll","background-type":"","background-media":"","overlay-type":"","overlay-color":"","overlay-gradient":""},"mobile":{"background-color":"","background-image":"","background-repeat":"repeat","background-position":"center center","background-size":"auto","background-attachment":"scroll","background-type":"","background-media":"","overlay-type":"","overlay-color":"","overlay-gradient":""}},"ast-content-background-meta":{"desktop":{"background-color":"var(--ast-global-color-5)","background-image":"","background-repeat":"repeat","background-position":"center center","background-size":"auto","background-attachment":"scroll","background-type":"","background-media":"","overlay-type":"","overlay-color":"","overlay-gradient":""},"tablet":{"background-color":"var(--ast-global-color-5)","background-image":"","background-repeat":"repeat","background-position":"center center","background-size":"auto","background-attachment":"scroll","background-type":"","background-media":"","overlay-type":"","overlay-color":"","overlay-gradient":""},"mobile":{"background-color":"var(--ast-global-color-5)","background-image":"","background-repeat":"repeat","background-position":"center center","background-size":"auto","background-attachment":"scroll","background-type":"","background-media":"","overlay-type":"","overlay-color":"","overlay-gradient":""}},"footnotes":""},"categories":[82,1697,7607,910,17070],"tags":[6276,52548,22691,32637,52547,52549],"class_list":["post-16669","post","type-post","status-publish","format-standard","hentry","category-ciencias-economicas","category-contabilidad-economica","category-economia-del-area-americana","category-economia-internacional","category-nacional-de-educacion-a-distancia","tag-antonio-fernandez-fernandez","tag-gerardo-gutierrez-diaz","tag-gil-sanchez-arroyo","tag-miguel-angel-crespo-dominguez","tag-nava-garcia-jose-luis","tag-norberto-laborda-ma-carmen"],"_links":{"self":[{"href":"https:\/\/www.deberes.net\/tesis\/wp-json\/wp\/v2\/posts\/16669","targetHints":{"allow":["GET"]}}],"collection":[{"href":"https:\/\/www.deberes.net\/tesis\/wp-json\/wp\/v2\/posts"}],"about":[{"href":"https:\/\/www.deberes.net\/tesis\/wp-json\/wp\/v2\/types\/post"}],"author":[{"embeddable":true,"href":"https:\/\/www.deberes.net\/tesis\/wp-json\/wp\/v2\/users\/1"}],"replies":[{"embeddable":true,"href":"https:\/\/www.deberes.net\/tesis\/wp-json\/wp\/v2\/comments?post=16669"}],"version-history":[{"count":0,"href":"https:\/\/www.deberes.net\/tesis\/wp-json\/wp\/v2\/posts\/16669\/revisions"}],"wp:attachment":[{"href":"https:\/\/www.deberes.net\/tesis\/wp-json\/wp\/v2\/media?parent=16669"}],"wp:term":[{"taxonomy":"category","embeddable":true,"href":"https:\/\/www.deberes.net\/tesis\/wp-json\/wp\/v2\/categories?post=16669"},{"taxonomy":"post_tag","embeddable":true,"href":"https:\/\/www.deberes.net\/tesis\/wp-json\/wp\/v2\/tags?post=16669"}],"curies":[{"name":"wp","href":"https:\/\/api.w.org\/{rel}","templated":true}]}}