{"id":16679,"date":"2018-03-09T09:04:24","date_gmt":"2018-03-09T09:04:24","guid":{"rendered":"https:\/\/www.deberes.net\/tesis\/sin-categoria\/definicion-empa%c2%adrica-de-los-factores-de-fluidez-ideativa-originalidad-y-creatividad-relaciones-con-la-personalidad\/"},"modified":"2018-03-09T09:04:24","modified_gmt":"2018-03-09T09:04:24","slug":"definicion-empa%c2%adrica-de-los-factores-de-fluidez-ideativa-originalidad-y-creatividad-relaciones-con-la-personalidad","status":"publish","type":"post","link":"https:\/\/www.deberes.net\/tesis\/psicologia\/definicion-empa%c2%adrica-de-los-factores-de-fluidez-ideativa-originalidad-y-creatividad-relaciones-con-la-personalidad\/","title":{"rendered":"Definici\u00f3n emp\u00edrica de los factores de fluidez ideativa, originalidad y creatividad. relaciones con la personalidad"},"content":{"rendered":"<h2>Tesis doctoral de <strong> Mar\u00eda   Jose Granados  Garcia Tenorio <\/strong><\/h2>\n<p>El objetivo de ese trabajo es analizar las diferencias y semejanzas entre fluidez ideativa, originalidad y creatividad, a trav\u00e9s de pruebas de fluidez verbal.  esto viene justificada por la falta de claridad existente entre la delimitaci\u00f3n de estos t\u00e9rminos.  se pretende ver si, en una misma prueba, seg\u00fan se la forma de presentaci\u00f3n, las restricciones impuestas a los sujetos en las instrucciones, la forma de correcci\u00f3n y el tiempo de duraci\u00f3n, se puede medir aspectos distintos, en este caso fluidez ideativa, originalidad y creatividad.  asimismo se comprob\u00f3 la relaci\u00f3n entre:  * personalidad y creatividad  * personalidad y originalidad  * velocidad de escritura y creatividad  * velocidad de escritura y originalidad.<\/p>\n<p>&nbsp;<\/p>\n<h3>Datos acad\u00e9micos de la tesis doctoral \u00ab<strong>Definici\u00f3n emp\u00edrica de los factores de fluidez ideativa, originalidad y creatividad. relaciones con la personalidad<\/strong>\u00ab<\/h3>\n<ul>\n<li><strong>T\u00edtulo de la tesis:<\/strong>\u00a0 Definici\u00f3n emp\u00edrica de los factores de fluidez ideativa, originalidad y creatividad. relaciones con la personalidad <\/li>\n<li><strong>Autor:<\/strong>\u00a0 Mar\u00eda   Jose Granados  Garcia Tenorio <\/li>\n<li><strong>Universidad:<\/strong>\u00a0 Complutense de Madrid<\/li>\n<li><strong>Fecha de lectura de la tesis:<\/strong>\u00a0 30\/04\/2002<\/li>\n<\/ul>\n<p>&nbsp;<\/p>\n<h3>Direcci\u00f3n y tribunal<\/h3>\n<ul>\n<li><strong>Director de la tesis<\/strong>\n<ul>\n<li> Garc\u00eda Jim\u00e9nez M. Visitaci\u00f3n<\/li>\n<\/ul>\n<\/li>\n<li><strong>Tribunal<\/strong>\n<ul>\n<li>Presidente del tribunal: Carmen Santiesteban Requena <\/li>\n<li>Eduardo Garc\u00eda Cueto (vocal)<\/li>\n<li>Miguel Padilla (vocal)<\/li>\n<li>Isabel Barbero M\u00aa (vocal)<\/li>\n<\/ul>\n<\/li>\n<\/ul>\n<p>&nbsp;<\/p>\n","protected":false},"excerpt":{"rendered":"<p>Tesis doctoral de Mar\u00eda Jose Granados Garcia Tenorio El objetivo de ese trabajo es analizar las diferencias y semejanzas entre [&hellip;]<\/p>\n","protected":false},"author":1,"featured_media":0,"comment_status":"open","ping_status":"open","sticky":false,"template":"","format":"standard","meta":{"site-sidebar-layout":"default","site-content-layout":"","ast-site-content-layout":"","site-content-style":"default","site-sidebar-style":"default","ast-global-header-display":"","ast-banner-title-visibility":"","ast-main-header-display":"","ast-hfb-above-header-display":"","ast-hfb-below-header-display":"","ast-hfb-mobile-header-display":"","site-post-title":"","ast-breadcrumbs-content":"","ast-featured-img":"","footer-sml-layout":"","theme-transparent-header-meta":"","adv-header-id-meta":"","stick-header-meta":"","header-above-stick-meta":"","header-main-stick-meta":"","header-below-stick-meta":"","astra-migrate-meta-layouts":"default","ast-page-background-enabled":"default","ast-page-background-meta":{"desktop":{"background-color":"var(--ast-global-color-4)","background-image":"","background-repeat":"repeat","background-position":"center center","background-size":"auto","background-attachment":"scroll","background-type":"","background-media":"","overlay-type":"","overlay-color":"","overlay-gradient":""},"tablet":{"background-color":"","background-image":"","background-repeat":"repeat","background-position":"center center","background-size":"auto","background-attachment":"scroll","background-type":"","background-media":"","overlay-type":"","overlay-color":"","overlay-gradient":""},"mobile":{"background-color":"","background-image":"","background-repeat":"repeat","background-position":"center center","background-size":"auto","background-attachment":"scroll","background-type":"","background-media":"","overlay-type":"","overlay-color":"","overlay-gradient":""}},"ast-content-background-meta":{"desktop":{"background-color":"var(--ast-global-color-5)","background-image":"","background-repeat":"repeat","background-position":"center center","background-size":"auto","background-attachment":"scroll","background-type":"","background-media":"","overlay-type":"","overlay-color":"","overlay-gradient":""},"tablet":{"background-color":"var(--ast-global-color-5)","background-image":"","background-repeat":"repeat","background-position":"center center","background-size":"auto","background-attachment":"scroll","background-type":"","background-media":"","overlay-type":"","overlay-color":"","overlay-gradient":""},"mobile":{"background-color":"var(--ast-global-color-5)","background-image":"","background-repeat":"repeat","background-position":"center center","background-size":"auto","background-attachment":"scroll","background-type":"","background-media":"","overlay-type":"","overlay-color":"","overlay-gradient":""}},"footnotes":""},"categories":[28973,1175,6894,324],"tags":[52580,52581,52579,52583,52578,52582],"class_list":["post-16679","post","type-post","status-publish","format-standard","hentry","category-creatividad","category-evaluacion-y-diagnostico-en-psicologia","category-personalidad","category-psicologia","tag-carmen-santiesteban-requena","tag-eduardo-garcia-cueto","tag-garcia-jimenez-m-visitacion","tag-isabel-barbero-ma","tag-maria-jose-granados-garcia-tenorio","tag-miguel-padilla"],"_links":{"self":[{"href":"https:\/\/www.deberes.net\/tesis\/wp-json\/wp\/v2\/posts\/16679","targetHints":{"allow":["GET"]}}],"collection":[{"href":"https:\/\/www.deberes.net\/tesis\/wp-json\/wp\/v2\/posts"}],"about":[{"href":"https:\/\/www.deberes.net\/tesis\/wp-json\/wp\/v2\/types\/post"}],"author":[{"embeddable":true,"href":"https:\/\/www.deberes.net\/tesis\/wp-json\/wp\/v2\/users\/1"}],"replies":[{"embeddable":true,"href":"https:\/\/www.deberes.net\/tesis\/wp-json\/wp\/v2\/comments?post=16679"}],"version-history":[{"count":0,"href":"https:\/\/www.deberes.net\/tesis\/wp-json\/wp\/v2\/posts\/16679\/revisions"}],"wp:attachment":[{"href":"https:\/\/www.deberes.net\/tesis\/wp-json\/wp\/v2\/media?parent=16679"}],"wp:term":[{"taxonomy":"category","embeddable":true,"href":"https:\/\/www.deberes.net\/tesis\/wp-json\/wp\/v2\/categories?post=16679"},{"taxonomy":"post_tag","embeddable":true,"href":"https:\/\/www.deberes.net\/tesis\/wp-json\/wp\/v2\/tags?post=16679"}],"curies":[{"name":"wp","href":"https:\/\/api.w.org\/{rel}","templated":true}]}}