{"id":16687,"date":"2002-01-05T00:00:00","date_gmt":"2002-01-05T00:00:00","guid":{"rendered":"https:\/\/www.deberes.net\/tesis\/sin-categoria\/los-estudios-musicales-en-la-nueva-ordenacion-del-sistema-educativo-su-aplicacion-en-la-comunidad-valenciana\/"},"modified":"2002-01-05T00:00:00","modified_gmt":"2002-01-05T00:00:00","slug":"los-estudios-musicales-en-la-nueva-ordenacion-del-sistema-educativo-su-aplicacion-en-la-comunidad-valenciana","status":"publish","type":"post","link":"https:\/\/www.deberes.net\/tesis\/ciencias-de-las-artes-y-las-letras\/los-estudios-musicales-en-la-nueva-ordenacion-del-sistema-educativo-su-aplicacion-en-la-comunidad-valenciana\/","title":{"rendered":"Los estudios musicales en la nueva ordenaci\u00f3n del sistema educativo: su aplicaci\u00f3n en la comunidad Valenciana"},"content":{"rendered":"<h2>Tesis doctoral de <strong> Vicente Perell\u00f3 Dom\u00e9nech <\/strong><\/h2>\n<p>La presente tesis se articula en torno a los siguientes cap\u00edtulos:  a,- estudio comparado sobre la organizaci\u00f3n de las ense\u00f1anzas musicales en alemania, francia, reino unido, hungr\u00eda y polonia y el sistema educativo espa\u00f1ol.  b,- marco jur\u00eddico de los estudios musicales en espa\u00f1a, desde la constituci\u00f3n espa\u00f1ola de 1812 hasta la implantaci\u00f3n del sistema educativo de 1990.  c,- an\u00e1lisis de la carga lectiva de los alumnos que compaginan la ense\u00f1anza obligatoria con los estudios de grado elemental y medio de m\u00fasica.  d,- evoluci\u00f3n del mapa de centros de ense\u00f1anza musical del estado espa\u00f1ol y espec\u00edfico de la comunidad Valenciana. Criterios para su planificaci\u00f3n desde el planteamiento de la demanda de estudios musicales profesionalizados.  e,- la escolarizaci\u00f3n y resultados acad\u00e9micos como punto de partida para el an\u00e1lisis de la ense\u00f1anza musical en espa\u00f1a desde la perspectiva acad\u00e9mica y sociolog\u00eda.  f,- an\u00e1lisis de la encuesta realizada a los profesores y alumnos de grado elemental y medio de m\u00fasica con el fin de evaluar el impacto de la aplicaci\u00f3n de la ordenaci\u00f3n del sistema educativo de 1990.  g,- reflexiones sobre las disfunciones que presenta la ordenaci\u00f3n del sistema educativo de 1990 a modo de conclusiones en las que se proponen distintas medidas tendentes a la mejora de la organizaci\u00f3n y funcionamiento de los conservatorios de m\u00fasica en espa\u00f1a.<\/p>\n<p>&nbsp;<\/p>\n<h3>Datos acad\u00e9micos de la tesis doctoral \u00ab<strong>Los estudios musicales en la nueva ordenaci\u00f3n del sistema educativo: su aplicaci\u00f3n en la comunidad Valenciana<\/strong>\u00ab<\/h3>\n<ul>\n<li><strong>T\u00edtulo de la tesis:<\/strong>\u00a0 Los estudios musicales en la nueva ordenaci\u00f3n del sistema educativo: su aplicaci\u00f3n en la comunidad Valenciana <\/li>\n<li><strong>Autor:<\/strong>\u00a0 Vicente Perell\u00f3 Dom\u00e9nech <\/li>\n<li><strong>Universidad:<\/strong>\u00a0 Aut\u00f3noma de Madrid<\/li>\n<li><strong>Fecha de lectura de la tesis:<\/strong>\u00a0 01\/05\/2002<\/li>\n<\/ul>\n<p>&nbsp;<\/p>\n<h3>Direcci\u00f3n y tribunal<\/h3>\n<ul>\n<li><strong>Director de la tesis<\/strong>\n<ul>\n<li>Mar\u00eda Cateura Mateu<\/li>\n<\/ul>\n<\/li>\n<li><strong>Tribunal<\/strong>\n<ul>\n<li>Presidente del tribunal: jos\u00e9 Peris lacasa <\/li>\n<li>florentino Blanco trejo (vocal)<\/li>\n<li>roger Landon aixala (vocal)<\/li>\n<li>Jos\u00e9 vicente Gonz\u00e1lez valle (vocal)<\/li>\n<\/ul>\n<\/li>\n<\/ul>\n<p>&nbsp;<\/p>\n","protected":false},"excerpt":{"rendered":"<p>Tesis doctoral de Vicente Perell\u00f3 Dom\u00e9nech La presente tesis se articula en torno a los siguientes cap\u00edtulos: a,- estudio comparado [&hellip;]<\/p>\n","protected":false},"author":1,"featured_media":0,"comment_status":"open","ping_status":"open","sticky":false,"template":"","format":"standard","meta":{"site-sidebar-layout":"default","site-content-layout":"","ast-site-content-layout":"","site-content-style":"default","site-sidebar-style":"default","ast-global-header-display":"","ast-banner-title-visibility":"","ast-main-header-display":"","ast-hfb-above-header-display":"","ast-hfb-below-header-display":"","ast-hfb-mobile-header-display":"","site-post-title":"","ast-breadcrumbs-content":"","ast-featured-img":"","footer-sml-layout":"","theme-transparent-header-meta":"","adv-header-id-meta":"","stick-header-meta":"","header-above-stick-meta":"","header-main-stick-meta":"","header-below-stick-meta":"","astra-migrate-meta-layouts":"default","ast-page-background-enabled":"default","ast-page-background-meta":{"desktop":{"background-color":"var(--ast-global-color-4)","background-image":"","background-repeat":"repeat","background-position":"center center","background-size":"auto","background-attachment":"scroll","background-type":"","background-media":"","overlay-type":"","overlay-color":"","overlay-gradient":""},"tablet":{"background-color":"","background-image":"","background-repeat":"repeat","background-position":"center center","background-size":"auto","background-attachment":"scroll","background-type":"","background-media":"","overlay-type":"","overlay-color":"","overlay-gradient":""},"mobile":{"background-color":"","background-image":"","background-repeat":"repeat","background-position":"center center","background-size":"auto","background-attachment":"scroll","background-type":"","background-media":"","overlay-type":"","overlay-color":"","overlay-gradient":""}},"ast-content-background-meta":{"desktop":{"background-color":"var(--ast-global-color-5)","background-image":"","background-repeat":"repeat","background-position":"center center","background-size":"auto","background-attachment":"scroll","background-type":"","background-media":"","overlay-type":"","overlay-color":"","overlay-gradient":""},"tablet":{"background-color":"var(--ast-global-color-5)","background-image":"","background-repeat":"repeat","background-position":"center center","background-size":"auto","background-attachment":"scroll","background-type":"","background-media":"","overlay-type":"","overlay-color":"","overlay-gradient":""},"mobile":{"background-color":"var(--ast-global-color-5)","background-image":"","background-repeat":"repeat","background-position":"center center","background-size":"auto","background-attachment":"scroll","background-type":"","background-media":"","overlay-type":"","overlay-color":"","overlay-gradient":""}},"footnotes":""},"categories":[147,9132,1111],"tags":[44223,40209,9136,27557,19102,52605],"class_list":["post-16687","post","type-post","status-publish","format-standard","hentry","category-ciencias-de-las-artes-y-las-letras","category-musica-y-musicologia","category-teoria-analisis-y-critica-de-las-bellas-artes","tag-florentino-blanco-trejo","tag-jose-peris-lacasa","tag-jose-vicente-gonzalez-valle","tag-maria-cateura-mateu","tag-roger-landon-aixala","tag-vicente-perello-domenech"],"_links":{"self":[{"href":"https:\/\/www.deberes.net\/tesis\/wp-json\/wp\/v2\/posts\/16687","targetHints":{"allow":["GET"]}}],"collection":[{"href":"https:\/\/www.deberes.net\/tesis\/wp-json\/wp\/v2\/posts"}],"about":[{"href":"https:\/\/www.deberes.net\/tesis\/wp-json\/wp\/v2\/types\/post"}],"author":[{"embeddable":true,"href":"https:\/\/www.deberes.net\/tesis\/wp-json\/wp\/v2\/users\/1"}],"replies":[{"embeddable":true,"href":"https:\/\/www.deberes.net\/tesis\/wp-json\/wp\/v2\/comments?post=16687"}],"version-history":[{"count":0,"href":"https:\/\/www.deberes.net\/tesis\/wp-json\/wp\/v2\/posts\/16687\/revisions"}],"wp:attachment":[{"href":"https:\/\/www.deberes.net\/tesis\/wp-json\/wp\/v2\/media?parent=16687"}],"wp:term":[{"taxonomy":"category","embeddable":true,"href":"https:\/\/www.deberes.net\/tesis\/wp-json\/wp\/v2\/categories?post=16687"},{"taxonomy":"post_tag","embeddable":true,"href":"https:\/\/www.deberes.net\/tesis\/wp-json\/wp\/v2\/tags?post=16687"}],"curies":[{"name":"wp","href":"https:\/\/api.w.org\/{rel}","templated":true}]}}