{"id":16690,"date":"2002-02-05T00:00:00","date_gmt":"2002-02-05T00:00:00","guid":{"rendered":"https:\/\/www.deberes.net\/tesis\/sin-categoria\/el-mundo-rural-jerezano-a-fines-de-la-edad-media\/"},"modified":"2002-02-05T00:00:00","modified_gmt":"2002-02-05T00:00:00","slug":"el-mundo-rural-jerezano-a-fines-de-la-edad-media","status":"publish","type":"post","link":"https:\/\/www.deberes.net\/tesis\/historia\/el-mundo-rural-jerezano-a-fines-de-la-edad-media\/","title":{"rendered":"El mundo rural jerezano a fines de la edad media"},"content":{"rendered":"<h2>Tesis doctoral de <strong> Emilio Mart\u00edn Guti\u00e9rrez <\/strong><\/h2>\n<p>Se presenta una tesis doctoral que tiene como centro de atenci\u00f3n las estructuras agrarias a finales de la edad media. Esta investigaci\u00f3n permite, entre otras cosas, conocer las claves de la principal fuente de riqueza de la \u00e9poca: la tierra y, por lo tanto, analizar la articulaci\u00f3n de los diversos sectores de la sociedad en torno a su posesi\u00f3n y en torno a los trabajos desempe\u00f1ados sobre la misma.  se analiza, en este trabajo, no s\u00f3lo la evoluci\u00f3n experimentada por el paisaje rural durante la baja edad media, sino tambi\u00e9n la organizaci\u00f3n efectuada del t\u00e9rmino durante ese per\u00edodo hist\u00f3rico. Adem\u00e1s tambi\u00e9n se estudia el desarrollo experimentado por el t\u00e9rmino y el mantenimiento o desaparici\u00f3n de los diversos n\u00facleos de poblaci\u00f3n existentes en el alfoz jerezano. Tambi\u00e9n se han estudiado las explotaciones agropecuarias, constat\u00e1ndose el importante papel desempe\u00f1ado por las tierras de cereal y por las propiedades pecuarias. Finalmente, el an\u00e1lisis se ha centrado adem\u00e1s en la figura de los propietarios y en la de los campesinos que trabajaban en esas tierras.  al mismo tiempo, se ha estudiado un per\u00edodo crucial en la historia de jerez de la frontera; una \u00e9poca que incluye la llegada e instalaci\u00f3n de los cristianos, la expulsi\u00f3n de la poblaci\u00f3n mud\u00e9jar -con el consiguiente trasvase de propiedades de una comunidad a otra -la delimitaci\u00f3n y organizaci\u00f3n del alfoz, la fijaci\u00f3n de una frontera amenazante pero siempre din\u00e1mica, o la opci\u00f3n por el desarrollo de unas actividades econ\u00f3micas determinadas.  en definitiva, se han tenido en cuenta aquellos factores que fueron evolucionando al comp\u00e1s de los acontecimientos econ\u00f3micos y pol\u00edticos del reino de castilla durante los siglos xiii, xiv, xcv y xvi, y que permitieron, y en cierta medida explican, que esta ciudad llegase a ocupar un lugar preeminente en su entorno al final de este per\u00edodo hist\u00f3rico.<\/p>\n<p>&nbsp;<\/p>\n<h3>Datos acad\u00e9micos de la tesis doctoral \u00ab<strong>El mundo rural jerezano a fines de la edad media<\/strong>\u00ab<\/h3>\n<ul>\n<li><strong>T\u00edtulo de la tesis:<\/strong>\u00a0 El mundo rural jerezano a fines de la edad media <\/li>\n<li><strong>Autor:<\/strong>\u00a0 Emilio Mart\u00edn Guti\u00e9rrez <\/li>\n<li><strong>Universidad:<\/strong>\u00a0 C\u00e1diz<\/li>\n<li><strong>Fecha de lectura de la tesis:<\/strong>\u00a0 02\/05\/2002<\/li>\n<\/ul>\n<p>&nbsp;<\/p>\n<h3>Direcci\u00f3n y tribunal<\/h3>\n<ul>\n<li><strong>Director de la tesis<\/strong>\n<ul>\n<li>Alfonso Franco Silva<\/li>\n<\/ul>\n<\/li>\n<li><strong>Tribunal<\/strong>\n<ul>\n<li>Presidente del tribunal: manuel Gonz\u00e1lez jim\u00e9nez <\/li>\n<li>mercedes Borrero fern\u00e1ndez (vocal)<\/li>\n<li>Emilio Cabrera mu\u00f1oz (vocal)<\/li>\n<li>Juan Abellan perez (vocal)<\/li>\n<\/ul>\n<\/li>\n<\/ul>\n<p>&nbsp;<\/p>\n","protected":false},"excerpt":{"rendered":"<p>Tesis doctoral de Emilio Mart\u00edn Guti\u00e9rrez Se presenta una tesis doctoral que tiene como centro de atenci\u00f3n las estructuras agrarias [&hellip;]<\/p>\n","protected":false},"author":1,"featured_media":0,"comment_status":"open","ping_status":"open","sticky":false,"template":"","format":"standard","meta":{"site-sidebar-layout":"default","site-content-layout":"","ast-site-content-layout":"","site-content-style":"default","site-sidebar-style":"default","ast-global-header-display":"","ast-banner-title-visibility":"","ast-main-header-display":"","ast-hfb-above-header-display":"","ast-hfb-below-header-display":"","ast-hfb-mobile-header-display":"","site-post-title":"","ast-breadcrumbs-content":"","ast-featured-img":"","footer-sml-layout":"","theme-transparent-header-meta":"","adv-header-id-meta":"","stick-header-meta":"","header-above-stick-meta":"","header-main-stick-meta":"","header-below-stick-meta":"","astra-migrate-meta-layouts":"default","ast-page-background-enabled":"default","ast-page-background-meta":{"desktop":{"background-color":"var(--ast-global-color-4)","background-image":"","background-repeat":"repeat","background-position":"center center","background-size":"auto","background-attachment":"scroll","background-type":"","background-media":"","overlay-type":"","overlay-color":"","overlay-gradient":""},"tablet":{"background-color":"","background-image":"","background-repeat":"repeat","background-position":"center center","background-size":"auto","background-attachment":"scroll","background-type":"","background-media":"","overlay-type":"","overlay-color":"","overlay-gradient":""},"mobile":{"background-color":"","background-image":"","background-repeat":"repeat","background-position":"center center","background-size":"auto","background-attachment":"scroll","background-type":"","background-media":"","overlay-type":"","overlay-color":"","overlay-gradient":""}},"ast-content-background-meta":{"desktop":{"background-color":"var(--ast-global-color-5)","background-image":"","background-repeat":"repeat","background-position":"center center","background-size":"auto","background-attachment":"scroll","background-type":"","background-media":"","overlay-type":"","overlay-color":"","overlay-gradient":""},"tablet":{"background-color":"var(--ast-global-color-5)","background-image":"","background-repeat":"repeat","background-position":"center center","background-size":"auto","background-attachment":"scroll","background-type":"","background-media":"","overlay-type":"","overlay-color":"","overlay-gradient":""},"mobile":{"background-color":"var(--ast-global-color-5)","background-image":"","background-repeat":"repeat","background-position":"center center","background-size":"auto","background-attachment":"scroll","background-type":"","background-media":"","overlay-type":"","overlay-color":"","overlay-gradient":""}},"footnotes":""},"categories":[1506,104,639,2224,119,220],"tags":[1749,21979,45507,24926,1748,46707],"class_list":["post-16690","post","type-post","status-publish","format-standard","hentry","category-cadiz","category-historia","category-historia-de-paises","category-historia-local","category-historia-medieval","category-historia-por-epocas","tag-alfonso-franco-silva","tag-emilio-cabrera-munoz","tag-emilio-martin-gutierrez","tag-juan-abellan-perez","tag-manuel-gonzalez-jimenez","tag-mercedes-borrero-fernandez"],"_links":{"self":[{"href":"https:\/\/www.deberes.net\/tesis\/wp-json\/wp\/v2\/posts\/16690","targetHints":{"allow":["GET"]}}],"collection":[{"href":"https:\/\/www.deberes.net\/tesis\/wp-json\/wp\/v2\/posts"}],"about":[{"href":"https:\/\/www.deberes.net\/tesis\/wp-json\/wp\/v2\/types\/post"}],"author":[{"embeddable":true,"href":"https:\/\/www.deberes.net\/tesis\/wp-json\/wp\/v2\/users\/1"}],"replies":[{"embeddable":true,"href":"https:\/\/www.deberes.net\/tesis\/wp-json\/wp\/v2\/comments?post=16690"}],"version-history":[{"count":0,"href":"https:\/\/www.deberes.net\/tesis\/wp-json\/wp\/v2\/posts\/16690\/revisions"}],"wp:attachment":[{"href":"https:\/\/www.deberes.net\/tesis\/wp-json\/wp\/v2\/media?parent=16690"}],"wp:term":[{"taxonomy":"category","embeddable":true,"href":"https:\/\/www.deberes.net\/tesis\/wp-json\/wp\/v2\/categories?post=16690"},{"taxonomy":"post_tag","embeddable":true,"href":"https:\/\/www.deberes.net\/tesis\/wp-json\/wp\/v2\/tags?post=16690"}],"curies":[{"name":"wp","href":"https:\/\/api.w.org\/{rel}","templated":true}]}}