{"id":16698,"date":"2002-03-05T00:00:00","date_gmt":"2002-03-05T00:00:00","guid":{"rendered":"https:\/\/www.deberes.net\/tesis\/sin-categoria\/la-interaccion-en-la-clase-magistral-rasgos-linga%c2%bca%c2%adsticos-del-discurso-interactivo-en-ingles\/"},"modified":"2002-03-05T00:00:00","modified_gmt":"2002-03-05T00:00:00","slug":"la-interaccion-en-la-clase-magistral-rasgos-linga%c2%bca%c2%adsticos-del-discurso-interactivo-en-ingles","status":"publish","type":"post","link":"https:\/\/www.deberes.net\/tesis\/linguistica\/la-interaccion-en-la-clase-magistral-rasgos-linga%c2%bca%c2%adsticos-del-discurso-interactivo-en-ingles\/","title":{"rendered":"La interacci\u00f3n en la clase magistral: rasgos lingu\u00edsticos del discurso interactivo en ingl\u00e9s"},"content":{"rendered":"<h2>Tesis doctoral de <strong> Teresa Morel Moll <\/strong><\/h2>\n<p>La presente tesis, que consta de tres partes, es un estudio emp\u00edrico de la interacci\u00f3n en la clase magistral en ingl\u00e9s para alumnos espa\u00f1oles. la primera parte, \u00abla clase magistral\u00bb, empieza con los estudios de los oradores cl\u00e1sicos y de los ling\u00ed\u00bc\u00edstas modernos para revisar los aspectos cognitivos, discursivos e interpersonales de la conferencia acad\u00e9mica. en la segunda parte, \u00abla interacci\u00f3n\u00bb, se intenta definir el discurso rec\u00edproco recurriendo a las propuestas de los analistas de la conversaci\u00f3n, del discurso del aula y de la clase magistral. En la tercera parte, \u00abla experimentaci\u00f3n\u00bb, mediante un corpus, se aplican de manera emp\u00edrica algunos de los aspectos tratados en las dos primeras. El objetivo principal es la descripci\u00f3n de los rasgos ling\u00ed\u00bc\u00edsticos que se dan en las clases interactivas y su aplicaci\u00f3n en las no interactivas. Por \u00faltimo, se presentan las conclusiones de los resultados obtenidos y sus implicaciones pedag\u00f3gicas.<\/p>\n<p>&nbsp;<\/p>\n<h3>Datos acad\u00e9micos de la tesis doctoral \u00ab<strong>La interacci\u00f3n en la clase magistral: rasgos lingu\u00edsticos del discurso interactivo en ingl\u00e9s<\/strong>\u00ab<\/h3>\n<ul>\n<li><strong>T\u00edtulo de la tesis:<\/strong>\u00a0 La interacci\u00f3n en la clase magistral: rasgos lingu\u00edsticos del discurso interactivo en ingl\u00e9s <\/li>\n<li><strong>Autor:<\/strong>\u00a0 Teresa Morel Moll <\/li>\n<li><strong>Universidad:<\/strong>\u00a0 Alicante<\/li>\n<li><strong>Fecha de lectura de la tesis:<\/strong>\u00a0 03\/05\/2002<\/li>\n<\/ul>\n<p>&nbsp;<\/p>\n<h3>Direcci\u00f3n y tribunal<\/h3>\n<ul>\n<li><strong>Director de la tesis<\/strong>\n<ul>\n<li>Enrique Alcar\u00e1z Var\u00f3<\/li>\n<\/ul>\n<\/li>\n<li><strong>Tribunal<\/strong>\n<ul>\n<li>Presidente del tribunal: jose Mateo Martinez <\/li>\n<li>sagrario Salaberri ramiro (vocal)<\/li>\n<li>Santiago Posteguillo g\u00f3mez (vocal)<\/li>\n<li>Juan  Luis Castej\u00f3n costa (vocal)<\/li>\n<\/ul>\n<\/li>\n<\/ul>\n<p>&nbsp;<\/p>\n","protected":false},"excerpt":{"rendered":"<p>Tesis doctoral de Teresa Morel Moll La presente tesis, que consta de tres partes, es un estudio emp\u00edrico de la [&hellip;]<\/p>\n","protected":false},"author":1,"featured_media":0,"comment_status":"open","ping_status":"open","sticky":false,"template":"","format":"standard","meta":{"site-sidebar-layout":"default","site-content-layout":"","ast-site-content-layout":"","site-content-style":"default","site-sidebar-style":"default","ast-global-header-display":"","ast-banner-title-visibility":"","ast-main-header-display":"","ast-hfb-above-header-display":"","ast-hfb-below-header-display":"","ast-hfb-mobile-header-display":"","site-post-title":"","ast-breadcrumbs-content":"","ast-featured-img":"","footer-sml-layout":"","theme-transparent-header-meta":"","adv-header-id-meta":"","stick-header-meta":"","header-above-stick-meta":"","header-main-stick-meta":"","header-below-stick-meta":"","astra-migrate-meta-layouts":"default","ast-page-background-enabled":"default","ast-page-background-meta":{"desktop":{"background-color":"var(--ast-global-color-4)","background-image":"","background-repeat":"repeat","background-position":"center center","background-size":"auto","background-attachment":"scroll","background-type":"","background-media":"","overlay-type":"","overlay-color":"","overlay-gradient":""},"tablet":{"background-color":"","background-image":"","background-repeat":"repeat","background-position":"center center","background-size":"auto","background-attachment":"scroll","background-type":"","background-media":"","overlay-type":"","overlay-color":"","overlay-gradient":""},"mobile":{"background-color":"","background-image":"","background-repeat":"repeat","background-position":"center center","background-size":"auto","background-attachment":"scroll","background-type":"","background-media":"","overlay-type":"","overlay-color":"","overlay-gradient":""}},"ast-content-background-meta":{"desktop":{"background-color":"var(--ast-global-color-5)","background-image":"","background-repeat":"repeat","background-position":"center center","background-size":"auto","background-attachment":"scroll","background-type":"","background-media":"","overlay-type":"","overlay-color":"","overlay-gradient":""},"tablet":{"background-color":"var(--ast-global-color-5)","background-image":"","background-repeat":"repeat","background-position":"center center","background-size":"auto","background-attachment":"scroll","background-type":"","background-media":"","overlay-type":"","overlay-color":"","overlay-gradient":""},"mobile":{"background-color":"var(--ast-global-color-5)","background-image":"","background-repeat":"repeat","background-position":"center center","background-size":"auto","background-attachment":"scroll","background-type":"","background-media":"","overlay-type":"","overlay-color":"","overlay-gradient":""}},"footnotes":""},"categories":[19166,1891,1140,59,60,2233,1141,1288,1341],"tags":[11745,19435,19437,52632,52633,52631],"class_list":["post-16698","post","type-post","status-publish","format-standard","hentry","category-alicante","category-ensenanza-de-lenguas","category-formacion-y-empleo-de-profesores","category-linguistica","category-linguistica-aplicada","category-metodos-pedagogicos","category-pedagogia","category-preparacion-de-profesores","category-teoria-y-metodos-educativos","tag-enrique-alcaraz-varo","tag-jose-mateo-Martinez","tag-juan-luis-castejon-costa","tag-sagrario-salaberri-ramiro","tag-santiago-posteguillo-gomez","tag-teresa-morel-moll"],"_links":{"self":[{"href":"https:\/\/www.deberes.net\/tesis\/wp-json\/wp\/v2\/posts\/16698","targetHints":{"allow":["GET"]}}],"collection":[{"href":"https:\/\/www.deberes.net\/tesis\/wp-json\/wp\/v2\/posts"}],"about":[{"href":"https:\/\/www.deberes.net\/tesis\/wp-json\/wp\/v2\/types\/post"}],"author":[{"embeddable":true,"href":"https:\/\/www.deberes.net\/tesis\/wp-json\/wp\/v2\/users\/1"}],"replies":[{"embeddable":true,"href":"https:\/\/www.deberes.net\/tesis\/wp-json\/wp\/v2\/comments?post=16698"}],"version-history":[{"count":0,"href":"https:\/\/www.deberes.net\/tesis\/wp-json\/wp\/v2\/posts\/16698\/revisions"}],"wp:attachment":[{"href":"https:\/\/www.deberes.net\/tesis\/wp-json\/wp\/v2\/media?parent=16698"}],"wp:term":[{"taxonomy":"category","embeddable":true,"href":"https:\/\/www.deberes.net\/tesis\/wp-json\/wp\/v2\/categories?post=16698"},{"taxonomy":"post_tag","embeddable":true,"href":"https:\/\/www.deberes.net\/tesis\/wp-json\/wp\/v2\/tags?post=16698"}],"curies":[{"name":"wp","href":"https:\/\/api.w.org\/{rel}","templated":true}]}}