{"id":16702,"date":"2002-03-05T00:00:00","date_gmt":"2002-03-05T00:00:00","guid":{"rendered":"https:\/\/www.deberes.net\/tesis\/sin-categoria\/utilidad-de-los-bacteriofagos-de-bacterias-entericas-como-microorganismos-modelo-en-aguas-de-bebida\/"},"modified":"2002-03-05T00:00:00","modified_gmt":"2002-03-05T00:00:00","slug":"utilidad-de-los-bacteriofagos-de-bacterias-entericas-como-microorganismos-modelo-en-aguas-de-bebida","status":"publish","type":"post","link":"https:\/\/www.deberes.net\/tesis\/ciencias-de-la-vida\/utilidad-de-los-bacteriofagos-de-bacterias-entericas-como-microorganismos-modelo-en-aguas-de-bebida\/","title":{"rendered":"Utilidad de los bacteri\u00f3fagos de bacterias ent\u00e9ricas como microorganismos modelo en aguas de bebida"},"content":{"rendered":"<h2>Tesis doctoral de <strong> Javier M\u00e9ndez Viera <\/strong><\/h2>\n<p>Desde el inicio de la historia de la humanidad, el agua ha jugado un importante papel como veh\u00edculo transmisor de numerosas enfermedades. Entre los agentes infecciosos transmitidos por el agua, los virus ent\u00e9ricos y determinados par\u00e1sitos presentan una mayor resistencia al tratamiento y una menor dosis infecciosa. No es de extra\u00f1ar que se aborde el problema de la puesta en evidencia de determinados virus ent\u00e9ricos presentes en aguas. Las aproximaciones utilizadas van desde el uso de t\u00e9cnicas de cultivo celular, t\u00e9cnicas de biolog\u00eda molecular y combinaci\u00f3n de \u00e9stas. Sin embargo su cuantificaci\u00f3n no deja de ser lenta, imprecisa y costosa.  a pesar de que existen numerosos trabajos realizados por diferentes autores que demuestran la viabilidad del uso de determinados grupos de fagos como microorganismos sustituidos o indicadores de la presencia de virus ent\u00e9ricos, quedaba pendiente mostrar claramente el significado de la presencia de estos fagos en las aguas de bebidas. En la presente tesis, hemos realizado una aproximaci\u00f3n para intentar dar respuesta a esta pregunta. para ello fue necesario desarrollar una herramienta adecuada para la cuantificaci\u00f3n de estos grupos de fagos, as\u00ed como para las caracter\u00edsticas de nuestras aguas y vol\u00famenes a analizar. La estimaci\u00f3n inicial de la eficacia de \u00e9sta herramienta o m\u00e9todo de concentraci\u00f3n se realiz\u00f3 mediante el m\u00e9todo de evaluar la recuperaci\u00f3n de muestras dopadas con in\u00f3culos previamente valorados. sin embargo, teniendo en cuenta la importancia socio-econ\u00f3mica y sanitaria que presentan las aguas de bebida, es necesario validar el m\u00e9todo de concentraci\u00f3n. se llev\u00f3 a cabo una validaci\u00f3n primaria y aprovechando la colaboraci\u00f3n con laboratorios de salud p\u00fablica, se realiz\u00f3 una validaci\u00f3n secundaria, del modo que la eficacia del m\u00e9todo es avalado por laboratorios acreditados.  el significado de la presencia de un n\u00famero dado de fagos en aguas de distribuci\u00f3n analiza<\/p>\n<p>&nbsp;<\/p>\n<h3>Datos acad\u00e9micos de la tesis doctoral \u00ab<strong>Utilidad de los bacteri\u00f3fagos de bacterias ent\u00e9ricas como microorganismos modelo en aguas de bebida<\/strong>\u00ab<\/h3>\n<ul>\n<li><strong>T\u00edtulo de la tesis:<\/strong>\u00a0 Utilidad de los bacteri\u00f3fagos de bacterias ent\u00e9ricas como microorganismos modelo en aguas de bebida <\/li>\n<li><strong>Autor:<\/strong>\u00a0 Javier M\u00e9ndez Viera <\/li>\n<li><strong>Universidad:<\/strong>\u00a0 Barcelona<\/li>\n<li><strong>Fecha de lectura de la tesis:<\/strong>\u00a0 03\/05\/2002<\/li>\n<\/ul>\n<p>&nbsp;<\/p>\n<h3>Direcci\u00f3n y tribunal<\/h3>\n<ul>\n<li><strong>Director de la tesis<\/strong>\n<ul>\n<li>Francisco Lucena Gutierrez<\/li>\n<\/ul>\n<\/li>\n<li><strong>Tribunal<\/strong>\n<ul>\n<li>Presidente del tribunal: joan Jofre torroella <\/li>\n<li>jordi Lalucat jo (vocal)<\/li>\n<li>mercedes Navarro elipe (vocal)<\/li>\n<li>ferran Ribas soler (vocal)<\/li>\n<\/ul>\n<\/li>\n<\/ul>\n<p>&nbsp;<\/p>\n","protected":false},"excerpt":{"rendered":"<p>Tesis doctoral de Javier M\u00e9ndez Viera Desde el inicio de la historia de la humanidad, el agua ha jugado un [&hellip;]<\/p>\n","protected":false},"author":1,"featured_media":0,"comment_status":"open","ping_status":"open","sticky":false,"template":"","format":"standard","meta":{"site-sidebar-layout":"default","site-content-layout":"","ast-site-content-layout":"","site-content-style":"default","site-sidebar-style":"default","ast-global-header-display":"","ast-banner-title-visibility":"","ast-main-header-display":"","ast-hfb-above-header-display":"","ast-hfb-below-header-display":"","ast-hfb-mobile-header-display":"","site-post-title":"","ast-breadcrumbs-content":"","ast-featured-img":"","footer-sml-layout":"","theme-transparent-header-meta":"","adv-header-id-meta":"","stick-header-meta":"","header-above-stick-meta":"","header-main-stick-meta":"","header-below-stick-meta":"","astra-migrate-meta-layouts":"default","ast-page-background-enabled":"default","ast-page-background-meta":{"desktop":{"background-color":"var(--ast-global-color-4)","background-image":"","background-repeat":"repeat","background-position":"center center","background-size":"auto","background-attachment":"scroll","background-type":"","background-media":"","overlay-type":"","overlay-color":"","overlay-gradient":""},"tablet":{"background-color":"","background-image":"","background-repeat":"repeat","background-position":"center center","background-size":"auto","background-attachment":"scroll","background-type":"","background-media":"","overlay-type":"","overlay-color":"","overlay-gradient":""},"mobile":{"background-color":"","background-image":"","background-repeat":"repeat","background-position":"center center","background-size":"auto","background-attachment":"scroll","background-type":"","background-media":"","overlay-type":"","overlay-color":"","overlay-gradient":""}},"ast-content-background-meta":{"desktop":{"background-color":"var(--ast-global-color-5)","background-image":"","background-repeat":"repeat","background-position":"center center","background-size":"auto","background-attachment":"scroll","background-type":"","background-media":"","overlay-type":"","overlay-color":"","overlay-gradient":""},"tablet":{"background-color":"var(--ast-global-color-5)","background-image":"","background-repeat":"repeat","background-position":"center center","background-size":"auto","background-attachment":"scroll","background-type":"","background-media":"","overlay-type":"","overlay-color":"","overlay-gradient":""},"mobile":{"background-color":"var(--ast-global-color-5)","background-image":"","background-repeat":"repeat","background-position":"center center","background-size":"auto","background-attachment":"scroll","background-type":"","background-media":"","overlay-type":"","overlay-color":"","overlay-gradient":""}},"footnotes":""},"categories":[279,1418,951,35,15324,278,280],"tags":[45616,45614,52642,1420,251,45615],"class_list":["post-16702","post","type-post","status-publish","format-standard","hentry","category-bacteriofagos","category-bacteriologia","category-barcelona","category-ciencias-de-la-vida","category-enterovirus","category-microbiologia","category-virologia","tag-ferran-ribas-soler","tag-francisco-lucena-gutierrez","tag-javier-mendez-viera","tag-joan-jofre-torroella","tag-jordi-lalucat-jo","tag-mercedes-navarro-elipe"],"_links":{"self":[{"href":"https:\/\/www.deberes.net\/tesis\/wp-json\/wp\/v2\/posts\/16702","targetHints":{"allow":["GET"]}}],"collection":[{"href":"https:\/\/www.deberes.net\/tesis\/wp-json\/wp\/v2\/posts"}],"about":[{"href":"https:\/\/www.deberes.net\/tesis\/wp-json\/wp\/v2\/types\/post"}],"author":[{"embeddable":true,"href":"https:\/\/www.deberes.net\/tesis\/wp-json\/wp\/v2\/users\/1"}],"replies":[{"embeddable":true,"href":"https:\/\/www.deberes.net\/tesis\/wp-json\/wp\/v2\/comments?post=16702"}],"version-history":[{"count":0,"href":"https:\/\/www.deberes.net\/tesis\/wp-json\/wp\/v2\/posts\/16702\/revisions"}],"wp:attachment":[{"href":"https:\/\/www.deberes.net\/tesis\/wp-json\/wp\/v2\/media?parent=16702"}],"wp:term":[{"taxonomy":"category","embeddable":true,"href":"https:\/\/www.deberes.net\/tesis\/wp-json\/wp\/v2\/categories?post=16702"},{"taxonomy":"post_tag","embeddable":true,"href":"https:\/\/www.deberes.net\/tesis\/wp-json\/wp\/v2\/tags?post=16702"}],"curies":[{"name":"wp","href":"https:\/\/api.w.org\/{rel}","templated":true}]}}