{"id":16720,"date":"2002-03-05T00:00:00","date_gmt":"2002-03-05T00:00:00","guid":{"rendered":"https:\/\/www.deberes.net\/tesis\/sin-categoria\/evaluacion-y-control-de-la-contaminacion-acustica-organizada-por-el-trafico-rodado-urbano\/"},"modified":"2002-03-05T00:00:00","modified_gmt":"2002-03-05T00:00:00","slug":"evaluacion-y-control-de-la-contaminacion-acustica-organizada-por-el-trafico-rodado-urbano","status":"publish","type":"post","link":"https:\/\/www.deberes.net\/tesis\/ciencias-de-la-tierra-y-del-espacio\/evaluacion-y-control-de-la-contaminacion-acustica-organizada-por-el-trafico-rodado-urbano\/","title":{"rendered":"Evaluaci\u00f3n y control de la contaminaci\u00f3n ac\u00fastica organizada por el tr\u00e1fico rodado urbano"},"content":{"rendered":"<h2>Tesis doctoral de <strong> Francisco Javier Rodriguez Rodriguez <\/strong><\/h2>\n<p>El ruido urbano se ha convertido en un contaminante ambiental serio y el tr\u00e1fico rodado onugina el 90% del rudio ambiental urbano, de ah\u00ed que se vengan intensificando las medidas encaminadas a su evaluaci\u00f3n y control. en este sentido, el presente trabajo analiz\u00f3 los niveles ac\u00fasticos a los que se encuentran sometidos los habitantes de los n\u00facleos urbanos, la relaci\u00f3n entre los niveles sonoros y las caracter\u00edsticas del tr\u00e1fico y de las v\u00edas urbanas, la relajaci\u00f3n entre los par\u00e1metros ac\u00fasticos medidos, los espectros frecuenciales generados y las principales medidas de control de ruido de cara a plantear posibles alternativas para la ciudad de vigo.<\/p>\n<p>&nbsp;<\/p>\n<h3>Datos acad\u00e9micos de la tesis doctoral \u00ab<strong>Evaluaci\u00f3n y control de la contaminaci\u00f3n ac\u00fastica organizada por el tr\u00e1fico rodado urbano<\/strong>\u00ab<\/h3>\n<ul>\n<li><strong>T\u00edtulo de la tesis:<\/strong>\u00a0 Evaluaci\u00f3n y control de la contaminaci\u00f3n ac\u00fastica organizada por el tr\u00e1fico rodado urbano <\/li>\n<li><strong>Autor:<\/strong>\u00a0 Francisco Javier Rodriguez Rodriguez <\/li>\n<li><strong>Universidad:<\/strong>\u00a0 Vigo<\/li>\n<li><strong>Fecha de lectura de la tesis:<\/strong>\u00a0 03\/05\/2002<\/li>\n<\/ul>\n<p>&nbsp;<\/p>\n<h3>Direcci\u00f3n y tribunal<\/h3>\n<ul>\n<li><strong>Director de la tesis<\/strong>\n<ul>\n<li>Luis Espada Recarey<\/li>\n<\/ul>\n<\/li>\n<li><strong>Tribunal<\/strong>\n<ul>\n<li>Presidente del tribunal: ignacio Gracia mananillo <\/li>\n<li>Juan  Antonio Lopez sastre (vocal)<\/li>\n<li>Jos\u00e9 lu\u00eds Gui\u00f1\u00f3n segura (vocal)<\/li>\n<li>lisardo N\u00fa\u00f1ez regueina (vocal)<\/li>\n<\/ul>\n<\/li>\n<\/ul>\n<p>&nbsp;<\/p>\n","protected":false},"excerpt":{"rendered":"<p>Tesis doctoral de Francisco Javier Rodriguez Rodriguez El ruido urbano se ha convertido en un contaminante ambiental serio y el [&hellip;]<\/p>\n","protected":false},"author":1,"featured_media":0,"comment_status":"open","ping_status":"open","sticky":false,"template":"","format":"standard","meta":{"site-sidebar-layout":"default","site-content-layout":"","ast-site-content-layout":"","site-content-style":"default","site-sidebar-style":"default","ast-global-header-display":"","ast-banner-title-visibility":"","ast-main-header-display":"","ast-hfb-above-header-display":"","ast-hfb-below-header-display":"","ast-hfb-mobile-header-display":"","site-post-title":"","ast-breadcrumbs-content":"","ast-featured-img":"","footer-sml-layout":"","theme-transparent-header-meta":"","adv-header-id-meta":"","stick-header-meta":"","header-above-stick-meta":"","header-main-stick-meta":"","header-below-stick-meta":"","astra-migrate-meta-layouts":"default","ast-page-background-enabled":"default","ast-page-background-meta":{"desktop":{"background-color":"var(--ast-global-color-4)","background-image":"","background-repeat":"repeat","background-position":"center center","background-size":"auto","background-attachment":"scroll","background-type":"","background-media":"","overlay-type":"","overlay-color":"","overlay-gradient":""},"tablet":{"background-color":"","background-image":"","background-repeat":"repeat","background-position":"center center","background-size":"auto","background-attachment":"scroll","background-type":"","background-media":"","overlay-type":"","overlay-color":"","overlay-gradient":""},"mobile":{"background-color":"","background-image":"","background-repeat":"repeat","background-position":"center center","background-size":"auto","background-attachment":"scroll","background-type":"","background-media":"","overlay-type":"","overlay-color":"","overlay-gradient":""}},"ast-content-background-meta":{"desktop":{"background-color":"var(--ast-global-color-5)","background-image":"","background-repeat":"repeat","background-position":"center center","background-size":"auto","background-attachment":"scroll","background-type":"","background-media":"","overlay-type":"","overlay-color":"","overlay-gradient":""},"tablet":{"background-color":"var(--ast-global-color-5)","background-image":"","background-repeat":"repeat","background-position":"center center","background-size":"auto","background-attachment":"scroll","background-type":"","background-media":"","overlay-type":"","overlay-color":"","overlay-gradient":""},"mobile":{"background-color":"var(--ast-global-color-5)","background-image":"","background-repeat":"repeat","background-position":"center center","background-size":"auto","background-attachment":"scroll","background-type":"","background-media":"","overlay-type":"","overlay-color":"","overlay-gradient":""}},"footnotes":""},"categories":[52681,950,27,18657],"tags":[52682,52683,19042,1691,52684,2797],"class_list":["post-16720","post","type-post","status-publish","format-standard","hentry","category-acustica-atmosferica","category-ciencias-de-la-atmosfera","category-ciencias-de-la-tierra-y-del-espacio","category-vigo","tag-francisco-javier-rodriguez-rodriguez","tag-ignacio-gracia-mananillo","tag-jose-luis-guinon-segura","tag-juan-antonio-lopez-sastre","tag-lisardo-nunez-regueina","tag-luis-espada-recarey"],"_links":{"self":[{"href":"https:\/\/www.deberes.net\/tesis\/wp-json\/wp\/v2\/posts\/16720","targetHints":{"allow":["GET"]}}],"collection":[{"href":"https:\/\/www.deberes.net\/tesis\/wp-json\/wp\/v2\/posts"}],"about":[{"href":"https:\/\/www.deberes.net\/tesis\/wp-json\/wp\/v2\/types\/post"}],"author":[{"embeddable":true,"href":"https:\/\/www.deberes.net\/tesis\/wp-json\/wp\/v2\/users\/1"}],"replies":[{"embeddable":true,"href":"https:\/\/www.deberes.net\/tesis\/wp-json\/wp\/v2\/comments?post=16720"}],"version-history":[{"count":0,"href":"https:\/\/www.deberes.net\/tesis\/wp-json\/wp\/v2\/posts\/16720\/revisions"}],"wp:attachment":[{"href":"https:\/\/www.deberes.net\/tesis\/wp-json\/wp\/v2\/media?parent=16720"}],"wp:term":[{"taxonomy":"category","embeddable":true,"href":"https:\/\/www.deberes.net\/tesis\/wp-json\/wp\/v2\/categories?post=16720"},{"taxonomy":"post_tag","embeddable":true,"href":"https:\/\/www.deberes.net\/tesis\/wp-json\/wp\/v2\/tags?post=16720"}],"curies":[{"name":"wp","href":"https:\/\/api.w.org\/{rel}","templated":true}]}}