{"id":16732,"date":"2002-06-05T00:00:00","date_gmt":"2002-06-05T00:00:00","guid":{"rendered":"https:\/\/www.deberes.net\/tesis\/sin-categoria\/diversidad-genetica-y-ecologica-en-especies-cra%c2%adpticas-de-rota%c2%adferos-patrones-y-procesos\/"},"modified":"2002-06-05T00:00:00","modified_gmt":"2002-06-05T00:00:00","slug":"diversidad-genetica-y-ecologica-en-especies-cra%c2%adpticas-de-rota%c2%adferos-patrones-y-procesos","status":"publish","type":"post","link":"https:\/\/www.deberes.net\/tesis\/ciencias-de-la-vida\/diversidad-genetica-y-ecologica-en-especies-cra%c2%adpticas-de-rota%c2%adferos-patrones-y-procesos\/","title":{"rendered":"\u00abdiversidad gen\u00e9tica y ecol\u00f3gica en especies cr\u00edpticas de rot\u00edferos: patrones y procesos\u00bb"},"content":{"rendered":"<h2>Tesis doctoral de <strong> Raquel Ortells Ba\u00f1eres <\/strong><\/h2>\n<p>Este trabajo es un estudio de ecolog\u00eda gen\u00e9tica donde se describen los patrones de diversidad biol\u00f3gica del complejo de especies gemelas del rot\u00edfero brachionus plicatilis.  mediante el an\u00e1lisis de los individuos activos en la columna de agua y las formas latentes del sedimento, se analizan algunos de los procesos y mecanismos implicados en el mantenimiento de la diversidad. Para ello, la estructura gen\u00e9tica y la din\u00e1mica poblacional se analizan en un contexto ecol\u00f3gico.  tras esclarecer todas las especies del complejo, se cuantifican sus niveles de simpatr\u00eda y se determinan sus preferencias ecol\u00f3gicas con el fin de explicar las distribuciones espaciales y temporales.  tambi\u00e9n se contrastan hip\u00f3tesis evolutivas sobre las fuerzas que afectan a los niveles de diversidad.<\/p>\n<p>&nbsp;<\/p>\n<h3>Datos acad\u00e9micos de la tesis doctoral \u00ab<strong>\u00abdiversidad gen\u00e9tica y ecol\u00f3gica en especies cr\u00edpticas de rot\u00edferos: patrones y procesos\u00bb<\/strong>\u00ab<\/h3>\n<ul>\n<li><strong>T\u00edtulo de la tesis:<\/strong>\u00a0 \u00abdiversidad gen\u00e9tica y ecol\u00f3gica en especies cr\u00edpticas de rot\u00edferos: patrones y procesos\u00bb <\/li>\n<li><strong>Autor:<\/strong>\u00a0 Raquel Ortells Ba\u00f1eres <\/li>\n<li><strong>Universidad:<\/strong>\u00a0 Universitat de val\u00e9ncia (estudi general)<\/li>\n<li><strong>Fecha de lectura de la tesis:<\/strong>\u00a0 06\/05\/2002<\/li>\n<\/ul>\n<p>&nbsp;<\/p>\n<h3>Direcci\u00f3n y tribunal<\/h3>\n<ul>\n<li><strong>Director de la tesis<\/strong>\n<ul>\n<li>Manuel Serra Galindo<\/li>\n<\/ul>\n<\/li>\n<li><strong>Tribunal<\/strong>\n<ul>\n<li>Presidente del tribunal: andres Moya simarro <\/li>\n<li> Carmona navarro Mar\u00eda  Jos\u00e9 (vocal)<\/li>\n<li>eduardo Aparici sanz (vocal)<\/li>\n<li>luc De meester (vocal)<\/li>\n<\/ul>\n<\/li>\n<\/ul>\n<p>&nbsp;<\/p>\n","protected":false},"excerpt":{"rendered":"<p>Tesis doctoral de Raquel Ortells Ba\u00f1eres Este trabajo es un estudio de ecolog\u00eda gen\u00e9tica donde se describen los patrones de [&hellip;]<\/p>\n","protected":false},"author":1,"featured_media":0,"comment_status":"open","ping_status":"open","sticky":false,"template":"","format":"standard","meta":{"site-sidebar-layout":"default","site-content-layout":"","ast-site-content-layout":"","site-content-style":"default","site-sidebar-style":"default","ast-global-header-display":"","ast-banner-title-visibility":"","ast-main-header-display":"","ast-hfb-above-header-display":"","ast-hfb-below-header-display":"","ast-hfb-mobile-header-display":"","site-post-title":"","ast-breadcrumbs-content":"","ast-featured-img":"","footer-sml-layout":"","theme-transparent-header-meta":"","adv-header-id-meta":"","stick-header-meta":"","header-above-stick-meta":"","header-main-stick-meta":"","header-below-stick-meta":"","astra-migrate-meta-layouts":"default","ast-page-background-enabled":"default","ast-page-background-meta":{"desktop":{"background-color":"var(--ast-global-color-4)","background-image":"","background-repeat":"repeat","background-position":"center center","background-size":"auto","background-attachment":"scroll","background-type":"","background-media":"","overlay-type":"","overlay-color":"","overlay-gradient":""},"tablet":{"background-color":"","background-image":"","background-repeat":"repeat","background-position":"center center","background-size":"auto","background-attachment":"scroll","background-type":"","background-media":"","overlay-type":"","overlay-color":"","overlay-gradient":""},"mobile":{"background-color":"","background-image":"","background-repeat":"repeat","background-position":"center center","background-size":"auto","background-attachment":"scroll","background-type":"","background-media":"","overlay-type":"","overlay-color":"","overlay-gradient":""}},"ast-content-background-meta":{"desktop":{"background-color":"var(--ast-global-color-5)","background-image":"","background-repeat":"repeat","background-position":"center center","background-size":"auto","background-attachment":"scroll","background-type":"","background-media":"","overlay-type":"","overlay-color":"","overlay-gradient":""},"tablet":{"background-color":"var(--ast-global-color-5)","background-image":"","background-repeat":"repeat","background-position":"center center","background-size":"auto","background-attachment":"scroll","background-type":"","background-media":"","overlay-type":"","overlay-color":"","overlay-gradient":""},"mobile":{"background-color":"var(--ast-global-color-5)","background-image":"","background-repeat":"repeat","background-position":"center center","background-size":"auto","background-attachment":"scroll","background-type":"","background-media":"","overlay-type":"","overlay-color":"","overlay-gradient":""}},"footnotes":""},"categories":[972,35,976,14647,962,1820,226],"tags":[11884,52717,39626,52718,26828,52716],"class_list":["post-16732","post","type-post","status-publish","format-standard","hentry","category-botanica","category-ciencias-de-la-vida","category-ecologia-animal","category-flora-lacustre","category-genetica","category-genetica-de-poblaciones","category-zoologia","tag-andres-moya-simarro","tag-carmona-navarro-maria-jose","tag-eduardo-aparici-sanz","tag-luc-de-meester","tag-manuel-serra-galindo","tag-raquel-ortells-baneres"],"_links":{"self":[{"href":"https:\/\/www.deberes.net\/tesis\/wp-json\/wp\/v2\/posts\/16732","targetHints":{"allow":["GET"]}}],"collection":[{"href":"https:\/\/www.deberes.net\/tesis\/wp-json\/wp\/v2\/posts"}],"about":[{"href":"https:\/\/www.deberes.net\/tesis\/wp-json\/wp\/v2\/types\/post"}],"author":[{"embeddable":true,"href":"https:\/\/www.deberes.net\/tesis\/wp-json\/wp\/v2\/users\/1"}],"replies":[{"embeddable":true,"href":"https:\/\/www.deberes.net\/tesis\/wp-json\/wp\/v2\/comments?post=16732"}],"version-history":[{"count":0,"href":"https:\/\/www.deberes.net\/tesis\/wp-json\/wp\/v2\/posts\/16732\/revisions"}],"wp:attachment":[{"href":"https:\/\/www.deberes.net\/tesis\/wp-json\/wp\/v2\/media?parent=16732"}],"wp:term":[{"taxonomy":"category","embeddable":true,"href":"https:\/\/www.deberes.net\/tesis\/wp-json\/wp\/v2\/categories?post=16732"},{"taxonomy":"post_tag","embeddable":true,"href":"https:\/\/www.deberes.net\/tesis\/wp-json\/wp\/v2\/tags?post=16732"}],"curies":[{"name":"wp","href":"https:\/\/api.w.org\/{rel}","templated":true}]}}