{"id":16739,"date":"2002-07-05T00:00:00","date_gmt":"2002-07-05T00:00:00","guid":{"rendered":"https:\/\/www.deberes.net\/tesis\/sin-categoria\/funcion-carda%c2%adaca-fetal-modificaciones-en-el-crecimiento-intrauterino-restingido\/"},"modified":"2002-07-05T00:00:00","modified_gmt":"2002-07-05T00:00:00","slug":"funcion-carda%c2%adaca-fetal-modificaciones-en-el-crecimiento-intrauterino-restingido","status":"publish","type":"post","link":"https:\/\/www.deberes.net\/tesis\/ciencias-medicas\/funcion-carda%c2%adaca-fetal-modificaciones-en-el-crecimiento-intrauterino-restingido\/","title":{"rendered":"Funci\u00f3n card\u00edaca fetal: modificaciones en el crecimiento intrauterino restingido"},"content":{"rendered":"<h2>Tesis doctoral de <strong> Francesc Figueras Retuerta <\/strong><\/h2>\n<p>Hemos realizado un estudio transversal descriptivo de la funci\u00f3n card\u00edaca fetal en 420 gestaciones de curso normal y en 108 casos de crecimiento intrauterino restringido (cir). Para el an\u00e1lisis de los resultados hemos subdividido el grupo de cir en funci\u00f3n de la presencia o no de redistribuci\u00f3n hemodin\u00e1mica. As\u00ed mismo, hemos estudiado longitudinalmente durante las 2 semanas previas a la finalizaci\u00f3n de la gestaci\u00f3n la funci\u00f3n card\u00edaca fetal en 22 casos cir.  el estudio transversal ha permitido elaborar curvas de normalidad, entre las 20 y 40 semanas de gestaci\u00f3n, de los picos de velocidad sist\u00f3lica de la aorta (pvsa) y pulmonar (pvsp), de la fracci\u00f3n de acostamiento izquierda (fai) y derecha (fad), del di\u00e1metro telediast\u00f3lico ventricular izquierdo (dvdi) y derecho (ddvd), del \u00edndice e\/a del flujo atrioventricular izquierdo (e\/a i) y derecho (e\/a d), y del \u00edndice de pulsatilidad del ductus venoso (ipdv).  los par\u00e1metros de funci\u00f3n card\u00edaca, el vpsa, vpsp, la fai, la fad, el e\/a d y el ipdv se han observado significativamente alterados en los fetos con cir. El grupo cir con redistribuci\u00f3n ha mostrado par\u00e1metros de funci\u00f3n card\u00edaca significativamente alterados con respecto al grupo cir sin redistribuci\u00f3n. esta observaci\u00f3n refuerza la hip\u00f3tesis de que los fetos con cir por insuficiencia placentaria presentan una alteraci\u00f3n de la funci\u00f3n card\u00edaca debida a los cambios en la postcargas y a una afectaci\u00f3n mioc\u00e1rdica.  la presencia de valores patol\u00f3gicos de cada una de las variables predictivas se asocia a test de apgar patol\u00f3gico a los 5 minutos. En general, los par\u00e1metros de funci\u00f3n sist\u00f3lica izquierda y el ipdv son los que presentan una asociaci\u00f3n mayor, con or superiores a 20. Las variables de funci\u00f3n diast\u00f3lica son las que han mostrado en el an\u00e1lisis univariante una asociaci\u00f3n significativa con la presencia de ph en arteria umbilical &lt; 7.10, con or alrededor de 10. Podr\u00eda interpretarse que el a<\/p>\n<p>&nbsp;<\/p>\n<h3>Datos acad\u00e9micos de la tesis doctoral \u00ab<strong>Funci\u00f3n card\u00edaca fetal: modificaciones en el crecimiento intrauterino restingido<\/strong>\u00ab<\/h3>\n<ul>\n<li><strong>T\u00edtulo de la tesis:<\/strong>\u00a0 Funci\u00f3n card\u00edaca fetal: modificaciones en el crecimiento intrauterino restingido <\/li>\n<li><strong>Autor:<\/strong>\u00a0 Francesc Figueras Retuerta <\/li>\n<li><strong>Universidad:<\/strong>\u00a0 Barcelona<\/li>\n<li><strong>Fecha de lectura de la tesis:<\/strong>\u00a0 07\/05\/2002<\/li>\n<\/ul>\n<p>&nbsp;<\/p>\n<h3>Direcci\u00f3n y tribunal<\/h3>\n<ul>\n<li><strong>Director de la tesis<\/strong>\n<ul>\n<li>Vicente Cararach Ramoneda<\/li>\n<\/ul>\n<\/li>\n<li><strong>Tribunal<\/strong>\n<ul>\n<li>Presidente del tribunal: Juan  Antonio Vanrell diaz <\/li>\n<li>vicente Molina morales (vocal)<\/li>\n<li>Carlos Mortera p\u00e9rez (vocal)<\/li>\n<li>Jos\u00e9 Mar\u00eda Carrera macia (vocal)<\/li>\n<\/ul>\n<\/li>\n<\/ul>\n<p>&nbsp;<\/p>\n","protected":false},"excerpt":{"rendered":"<p>Tesis doctoral de Francesc Figueras Retuerta Hemos realizado un estudio transversal descriptivo de la funci\u00f3n card\u00edaca fetal en 420 gestaciones [&hellip;]<\/p>\n","protected":false},"author":1,"featured_media":0,"comment_status":"open","ping_status":"open","sticky":false,"template":"","format":"standard","meta":{"site-sidebar-layout":"default","site-content-layout":"","ast-site-content-layout":"","site-content-style":"default","site-sidebar-style":"default","ast-global-header-display":"","ast-banner-title-visibility":"","ast-main-header-display":"","ast-hfb-above-header-display":"","ast-hfb-below-header-display":"","ast-hfb-mobile-header-display":"","site-post-title":"","ast-breadcrumbs-content":"","ast-featured-img":"","footer-sml-layout":"","theme-transparent-header-meta":"","adv-header-id-meta":"","stick-header-meta":"","header-above-stick-meta":"","header-main-stick-meta":"","header-below-stick-meta":"","astra-migrate-meta-layouts":"default","ast-page-background-enabled":"default","ast-page-background-meta":{"desktop":{"background-color":"var(--ast-global-color-4)","background-image":"","background-repeat":"repeat","background-position":"center center","background-size":"auto","background-attachment":"scroll","background-type":"","background-media":"","overlay-type":"","overlay-color":"","overlay-gradient":""},"tablet":{"background-color":"","background-image":"","background-repeat":"repeat","background-position":"center center","background-size":"auto","background-attachment":"scroll","background-type":"","background-media":"","overlay-type":"","overlay-color":"","overlay-gradient":""},"mobile":{"background-color":"","background-image":"","background-repeat":"repeat","background-position":"center center","background-size":"auto","background-attachment":"scroll","background-type":"","background-media":"","overlay-type":"","overlay-color":"","overlay-gradient":""}},"ast-content-background-meta":{"desktop":{"background-color":"var(--ast-global-color-5)","background-image":"","background-repeat":"repeat","background-position":"center center","background-size":"auto","background-attachment":"scroll","background-type":"","background-media":"","overlay-type":"","overlay-color":"","overlay-gradient":""},"tablet":{"background-color":"var(--ast-global-color-5)","background-image":"","background-repeat":"repeat","background-position":"center center","background-size":"auto","background-attachment":"scroll","background-type":"","background-media":"","overlay-type":"","overlay-color":"","overlay-gradient":""},"mobile":{"background-color":"var(--ast-global-color-5)","background-image":"","background-repeat":"repeat","background-position":"center center","background-size":"auto","background-attachment":"scroll","background-type":"","background-media":"","overlay-type":"","overlay-color":"","overlay-gradient":""}},"footnotes":""},"categories":[951,155,9,135],"tags":[52734,52732,4422,34037,19866,52733],"class_list":["post-16739","post","type-post","status-publish","format-standard","hentry","category-barcelona","category-ciencias-clinicas","category-ciencias-medicas","category-ginecologia","tag-carlos-mortera-perez","tag-francesc-figueras-retuerta","tag-jose-maria-carrera-macia","tag-juan-antonio-vanrell-diaz","tag-vicente-cararach-ramoneda","tag-vicente-molina-morales"],"_links":{"self":[{"href":"https:\/\/www.deberes.net\/tesis\/wp-json\/wp\/v2\/posts\/16739","targetHints":{"allow":["GET"]}}],"collection":[{"href":"https:\/\/www.deberes.net\/tesis\/wp-json\/wp\/v2\/posts"}],"about":[{"href":"https:\/\/www.deberes.net\/tesis\/wp-json\/wp\/v2\/types\/post"}],"author":[{"embeddable":true,"href":"https:\/\/www.deberes.net\/tesis\/wp-json\/wp\/v2\/users\/1"}],"replies":[{"embeddable":true,"href":"https:\/\/www.deberes.net\/tesis\/wp-json\/wp\/v2\/comments?post=16739"}],"version-history":[{"count":0,"href":"https:\/\/www.deberes.net\/tesis\/wp-json\/wp\/v2\/posts\/16739\/revisions"}],"wp:attachment":[{"href":"https:\/\/www.deberes.net\/tesis\/wp-json\/wp\/v2\/media?parent=16739"}],"wp:term":[{"taxonomy":"category","embeddable":true,"href":"https:\/\/www.deberes.net\/tesis\/wp-json\/wp\/v2\/categories?post=16739"},{"taxonomy":"post_tag","embeddable":true,"href":"https:\/\/www.deberes.net\/tesis\/wp-json\/wp\/v2\/tags?post=16739"}],"curies":[{"name":"wp","href":"https:\/\/api.w.org\/{rel}","templated":true}]}}