{"id":16836,"date":"2018-03-09T09:04:37","date_gmt":"2018-03-09T09:04:37","guid":{"rendered":"https:\/\/www.deberes.net\/tesis\/sin-categoria\/la-dinamica-actancial-del-verbo-espanol\/"},"modified":"2018-03-09T09:04:37","modified_gmt":"2018-03-09T09:04:37","slug":"la-dinamica-actancial-del-verbo-espanol","status":"publish","type":"post","link":"https:\/\/www.deberes.net\/tesis\/linguistica\/la-dinamica-actancial-del-verbo-espanol\/","title":{"rendered":"La din\u00e1mica actancial del verbo espa\u00f1ol"},"content":{"rendered":"<h2>Tesis doctoral de <strong> Encarnaci\u00f3n Climent Orts <\/strong><\/h2>\n<p>Diccionario de Valencia l\u00f3gica-sem\u00e1ntica-sint\u00e1ctica en el que, partiendo de la hip\u00f3tesis de que el verbo es el eje nuclear sobre el que se articula la oraci\u00f3n, se da cuenta de los distintos esquemas sint\u00e1ctico-sem\u00e1ntico que posibilitan determinados verbos de predicaci\u00f3n incompleta en cada uno de sus diversos significados. Para ello, cada verbo se ha dividido en tantas entradas como significados pueda tener y, en cada una de esas entradas, se han establecido cuatro niveles descriptivos:  en el primer nivel se ha situado la Valencia sint\u00e1ctica, expresada en t\u00e9rminos de casillas vac\u00edas, lo que nos ha permitido establecer la clasificaci\u00f3n del verbo por el n\u00famero de actantes que rige y la especificaci\u00f3n de las funciones sint\u00e1cticas que desempe\u00f1an. Los actantes, expresados ya en forma de funciones sint\u00e1cticas, aparecen sin par\u00e9ntesis si son obligatorios y entre par\u00e9ntesis si son facultativos. Cuando un mismo actante puede ser expresado por dos funciones sint\u00e1cticas distintas aparecen ambas en su posici\u00f3n separadas por una barra.  en el segundo nivel de descripci\u00f3n aparecen los rasgos de selecci\u00f3n sem\u00e1ntica (impuestos por el significado verbal a los actantes exigidos por la Valencia sint\u00e1ctica), expresados con las marcas de subcategorizaci\u00f3n inherentes a los sustantivos, y los papeles sem\u00e1nticos que el significado, expresado en el nivel de entrada, asigna a los actantes seleccionados en el primer nivel. Estos rasgos de selecci\u00f3n y los papeles sem\u00e1nticos constituyen la Valencia sem\u00e1ntica concreta de ese significado verbal.  en el tercer nivel se ha situado la Valencia l\u00f3gica-sem\u00e1ntica del predicado, expresada en forma de casos sem\u00e1nticos generales.  el cuarto nivel de descripci\u00f3n se corresponde con la descomposici\u00f3n l\u00e9xica del significado verbal en sus propios rasgos inherentes. Estos rasgos inherentes de cada valor verbal son los que han determinado los rasgos de selecci\u00f3n y los papeles sem\u00e1nticos de los<\/p>\n<p>&nbsp;<\/p>\n<h3>Datos acad\u00e9micos de la tesis doctoral \u00ab<strong>La din\u00e1mica actancial del verbo espa\u00f1ol<\/strong>\u00ab<\/h3>\n<ul>\n<li><strong>T\u00edtulo de la tesis:<\/strong>\u00a0 La din\u00e1mica actancial del verbo espa\u00f1ol <\/li>\n<li><strong>Autor:<\/strong>\u00a0 Encarnaci\u00f3n Climent Orts <\/li>\n<li><strong>Universidad:<\/strong>\u00a0 Alicante<\/li>\n<li><strong>Fecha de lectura de la tesis:<\/strong>\u00a0 13\/05\/2002<\/li>\n<\/ul>\n<p>&nbsp;<\/p>\n<h3>Direcci\u00f3n y tribunal<\/h3>\n<ul>\n<li><strong>Director de la tesis<\/strong>\n<ul>\n<li>Estanislao Ramon Trives<\/li>\n<\/ul>\n<\/li>\n<li><strong>Tribunal<\/strong>\n<ul>\n<li>Presidente del tribunal: ram\u00f3n Trujillo carre\u00f1o <\/li>\n<li>agust\u00edn Vera luj\u00e1n (vocal)<\/li>\n<li>gerd Wotjak (vocal)<\/li>\n<li>Fernando P\u00e9rez herranz (vocal)<\/li>\n<\/ul>\n<\/li>\n<\/ul>\n<p>&nbsp;<\/p>\n","protected":false},"excerpt":{"rendered":"<p>Tesis doctoral de Encarnaci\u00f3n Climent Orts Diccionario de Valencia l\u00f3gica-sem\u00e1ntica-sint\u00e1ctica en el que, partiendo de la hip\u00f3tesis de que el [&hellip;]<\/p>\n","protected":false},"author":1,"featured_media":0,"comment_status":"open","ping_status":"open","sticky":false,"template":"","format":"standard","meta":{"site-sidebar-layout":"default","site-content-layout":"","ast-site-content-layout":"","site-content-style":"default","site-sidebar-style":"default","ast-global-header-display":"","ast-banner-title-visibility":"","ast-main-header-display":"","ast-hfb-above-header-display":"","ast-hfb-below-header-display":"","ast-hfb-mobile-header-display":"","site-post-title":"","ast-breadcrumbs-content":"","ast-featured-img":"","footer-sml-layout":"","theme-transparent-header-meta":"","adv-header-id-meta":"","stick-header-meta":"","header-above-stick-meta":"","header-main-stick-meta":"","header-below-stick-meta":"","astra-migrate-meta-layouts":"default","ast-page-background-enabled":"default","ast-page-background-meta":{"desktop":{"background-color":"var(--ast-global-color-4)","background-image":"","background-repeat":"repeat","background-position":"center center","background-size":"auto","background-attachment":"scroll","background-type":"","background-media":"","overlay-type":"","overlay-color":"","overlay-gradient":""},"tablet":{"background-color":"","background-image":"","background-repeat":"repeat","background-position":"center center","background-size":"auto","background-attachment":"scroll","background-type":"","background-media":"","overlay-type":"","overlay-color":"","overlay-gradient":""},"mobile":{"background-color":"","background-image":"","background-repeat":"repeat","background-position":"center center","background-size":"auto","background-attachment":"scroll","background-type":"","background-media":"","overlay-type":"","overlay-color":"","overlay-gradient":""}},"ast-content-background-meta":{"desktop":{"background-color":"var(--ast-global-color-5)","background-image":"","background-repeat":"repeat","background-position":"center center","background-size":"auto","background-attachment":"scroll","background-type":"","background-media":"","overlay-type":"","overlay-color":"","overlay-gradient":""},"tablet":{"background-color":"var(--ast-global-color-5)","background-image":"","background-repeat":"repeat","background-position":"center center","background-size":"auto","background-attachment":"scroll","background-type":"","background-media":"","overlay-type":"","overlay-color":"","overlay-gradient":""},"mobile":{"background-color":"var(--ast-global-color-5)","background-image":"","background-repeat":"repeat","background-position":"center center","background-size":"auto","background-attachment":"scroll","background-type":"","background-media":"","overlay-type":"","overlay-color":"","overlay-gradient":""}},"footnotes":""},"categories":[19166,59,62,886,409],"tags":[19424,52992,16716,52994,52993,10490],"class_list":["post-16836","post","type-post","status-publish","format-standard","hentry","category-alicante","category-linguistica","category-linguistica-sincronica","category-semantica","category-sintaxis-y-analisis-sintactico","tag-agustin-vera-lujan","tag-encarnacion-climent-orts","tag-estanislao-ramon-trives","tag-fernando-perez-herranz","tag-gerd-wotjak","tag-ramon-trujillo-carreno"],"_links":{"self":[{"href":"https:\/\/www.deberes.net\/tesis\/wp-json\/wp\/v2\/posts\/16836","targetHints":{"allow":["GET"]}}],"collection":[{"href":"https:\/\/www.deberes.net\/tesis\/wp-json\/wp\/v2\/posts"}],"about":[{"href":"https:\/\/www.deberes.net\/tesis\/wp-json\/wp\/v2\/types\/post"}],"author":[{"embeddable":true,"href":"https:\/\/www.deberes.net\/tesis\/wp-json\/wp\/v2\/users\/1"}],"replies":[{"embeddable":true,"href":"https:\/\/www.deberes.net\/tesis\/wp-json\/wp\/v2\/comments?post=16836"}],"version-history":[{"count":0,"href":"https:\/\/www.deberes.net\/tesis\/wp-json\/wp\/v2\/posts\/16836\/revisions"}],"wp:attachment":[{"href":"https:\/\/www.deberes.net\/tesis\/wp-json\/wp\/v2\/media?parent=16836"}],"wp:term":[{"taxonomy":"category","embeddable":true,"href":"https:\/\/www.deberes.net\/tesis\/wp-json\/wp\/v2\/categories?post=16836"},{"taxonomy":"post_tag","embeddable":true,"href":"https:\/\/www.deberes.net\/tesis\/wp-json\/wp\/v2\/tags?post=16836"}],"curies":[{"name":"wp","href":"https:\/\/api.w.org\/{rel}","templated":true}]}}