{"id":16837,"date":"2018-03-09T09:04:37","date_gmt":"2018-03-09T09:04:37","guid":{"rendered":"https:\/\/www.deberes.net\/tesis\/sin-categoria\/danza-educacion-y-sociedad-en-rio-grande-do-sul-brasil\/"},"modified":"2018-03-09T09:04:37","modified_gmt":"2018-03-09T09:04:37","slug":"danza-educacion-y-sociedad-en-rio-grande-do-sul-brasil","status":"publish","type":"post","link":"https:\/\/www.deberes.net\/tesis\/barcelona\/danza-educacion-y-sociedad-en-rio-grande-do-sul-brasil\/","title":{"rendered":"Danza, educacion y sociedad en rio grande do sul-brasil"},"content":{"rendered":"<h2>Tesis doctoral de <strong>  Arnizaut Machado De Vargas Lisete <\/strong><\/h2>\n<p>Esta investigaci\u00f3n trata el tema de la danza en las escuelas municipales de porto alegre\/rio grande do sul\/brasil, interpretando las motivaciones que llevan a los ni\u00f1os y adolescentes a participar en de las actividades de los talleres espec\u00edficos de danza, como se desarrollan las clases, las relaciones sociales que se establecen, los beneficios proporcionados por la pr\u00e1ctica de la danza, ls consecuencias de este trabajo en la dem\u00e1s actividades escolares y sobretodo cuales los logros de la educaci\u00f3n por el movimiento en la formaci\u00f3n de su personalidad.  la metodolog\u00eda utilizada ha sido descriptiva, cualitativa y etnogr\u00e1fica. ha sido desarrollada a partir de revisi\u00f3n bibliogr\u00e1fica sobre danza, arte, educaci\u00f3n, historia, sociolog\u00eda, antropolog\u00eda, psicolog\u00eda y \u00e1reas afines, bas\u00e1ndose en la producci\u00f3n te\u00f3rica existente. Todo ello se ha completado con un trabajo de campo basado en observaciones, entrevistas y an\u00e1lisis documentales.  a partir de estos procedimientos concluimos que la danza como actividad fisica y expresi\u00f3n artistica, colabora de forma efectiva con las nuevas propuestas educacionales, llev\u00e1ndonos a proponer la pr\u00e1ctica de la danza en la escuela.<\/p>\n<p>&nbsp;<\/p>\n<h3>Datos acad\u00e9micos de la tesis doctoral \u00ab<strong>Danza, educacion y sociedad en rio grande do sul-brasil<\/strong>\u00ab<\/h3>\n<ul>\n<li><strong>T\u00edtulo de la tesis:<\/strong>\u00a0 Danza, educacion y sociedad en rio grande do sul-brasil <\/li>\n<li><strong>Autor:<\/strong>\u00a0  Arnizaut Machado De Vargas Lisete <\/li>\n<li><strong>Universidad:<\/strong>\u00a0 Barcelona<\/li>\n<li><strong>Fecha de lectura de la tesis:<\/strong>\u00a0 13\/05\/2002<\/li>\n<\/ul>\n<p>&nbsp;<\/p>\n<h3>Direcci\u00f3n y tribunal<\/h3>\n<ul>\n<li><strong>Director de la tesis<\/strong>\n<ul>\n<li>Conrad Vilanou Torrado<\/li>\n<\/ul>\n<\/li>\n<li><strong>Tribunal<\/strong>\n<ul>\n<li>Presidente del tribunal: buenaventura Delgado criado <\/li>\n<li>Mar\u00eda  concepci\u00f3n Men\u00e9ndez monta\u00f1\u00e9s (vocal)<\/li>\n<li>Jos\u00e9 Mar\u00eda Quintana cabanas (vocal)<\/li>\n<li>n\u00faria Sim\u00f3  gil (vocal)<\/li>\n<\/ul>\n<\/li>\n<\/ul>\n<p>&nbsp;<\/p>\n","protected":false},"excerpt":{"rendered":"<p>Tesis doctoral de Arnizaut Machado De Vargas Lisete Esta investigaci\u00f3n trata el tema de la danza en las escuelas municipales [&hellip;]<\/p>\n","protected":false},"author":1,"featured_media":0,"comment_status":"open","ping_status":"open","sticky":false,"template":"","format":"standard","meta":{"site-sidebar-layout":"default","site-content-layout":"","ast-site-content-layout":"","site-content-style":"default","site-sidebar-style":"default","ast-global-header-display":"","ast-banner-title-visibility":"","ast-main-header-display":"","ast-hfb-above-header-display":"","ast-hfb-below-header-display":"","ast-hfb-mobile-header-display":"","site-post-title":"","ast-breadcrumbs-content":"","ast-featured-img":"","footer-sml-layout":"","theme-transparent-header-meta":"","adv-header-id-meta":"","stick-header-meta":"","header-above-stick-meta":"","header-main-stick-meta":"","header-below-stick-meta":"","astra-migrate-meta-layouts":"default","ast-page-background-enabled":"default","ast-page-background-meta":{"desktop":{"background-color":"var(--ast-global-color-4)","background-image":"","background-repeat":"repeat","background-position":"center center","background-size":"auto","background-attachment":"scroll","background-type":"","background-media":"","overlay-type":"","overlay-color":"","overlay-gradient":""},"tablet":{"background-color":"","background-image":"","background-repeat":"repeat","background-position":"center center","background-size":"auto","background-attachment":"scroll","background-type":"","background-media":"","overlay-type":"","overlay-color":"","overlay-gradient":""},"mobile":{"background-color":"","background-image":"","background-repeat":"repeat","background-position":"center center","background-size":"auto","background-attachment":"scroll","background-type":"","background-media":"","overlay-type":"","overlay-color":"","overlay-gradient":""}},"ast-content-background-meta":{"desktop":{"background-color":"var(--ast-global-color-5)","background-image":"","background-repeat":"repeat","background-position":"center center","background-size":"auto","background-attachment":"scroll","background-type":"","background-media":"","overlay-type":"","overlay-color":"","overlay-gradient":""},"tablet":{"background-color":"var(--ast-global-color-5)","background-image":"","background-repeat":"repeat","background-position":"center center","background-size":"auto","background-attachment":"scroll","background-type":"","background-media":"","overlay-type":"","overlay-color":"","overlay-gradient":""},"mobile":{"background-color":"var(--ast-global-color-5)","background-image":"","background-repeat":"repeat","background-position":"center center","background-size":"auto","background-attachment":"scroll","background-type":"","background-media":"","overlay-type":"","overlay-color":"","overlay-gradient":""}},"footnotes":""},"categories":[951,2233,1184,1141,2845,1341],"tags":[52995,19818,19817,1500,52996,52997],"class_list":["post-16837","post","type-post","status-publish","format-standard","hentry","category-barcelona","category-metodos-pedagogicos","category-organizacion-y-planificacion-de-la-educacion","category-pedagogia","category-planificacion-y-financiacion-de-la-educacion","category-teoria-y-metodos-educativos","tag-arnizaut-machado-de-vargas-lisete","tag-buenaventura-delgado-criado","tag-conrad-vilanou-torrado","tag-jose-maria-quintana-cabanas","tag-maria-concepcion-menendez-montanes","tag-nuria-simo-gil"],"_links":{"self":[{"href":"https:\/\/www.deberes.net\/tesis\/wp-json\/wp\/v2\/posts\/16837","targetHints":{"allow":["GET"]}}],"collection":[{"href":"https:\/\/www.deberes.net\/tesis\/wp-json\/wp\/v2\/posts"}],"about":[{"href":"https:\/\/www.deberes.net\/tesis\/wp-json\/wp\/v2\/types\/post"}],"author":[{"embeddable":true,"href":"https:\/\/www.deberes.net\/tesis\/wp-json\/wp\/v2\/users\/1"}],"replies":[{"embeddable":true,"href":"https:\/\/www.deberes.net\/tesis\/wp-json\/wp\/v2\/comments?post=16837"}],"version-history":[{"count":0,"href":"https:\/\/www.deberes.net\/tesis\/wp-json\/wp\/v2\/posts\/16837\/revisions"}],"wp:attachment":[{"href":"https:\/\/www.deberes.net\/tesis\/wp-json\/wp\/v2\/media?parent=16837"}],"wp:term":[{"taxonomy":"category","embeddable":true,"href":"https:\/\/www.deberes.net\/tesis\/wp-json\/wp\/v2\/categories?post=16837"},{"taxonomy":"post_tag","embeddable":true,"href":"https:\/\/www.deberes.net\/tesis\/wp-json\/wp\/v2\/tags?post=16837"}],"curies":[{"name":"wp","href":"https:\/\/api.w.org\/{rel}","templated":true}]}}