{"id":16849,"date":"2018-03-09T09:04:39","date_gmt":"2018-03-09T09:04:39","guid":{"rendered":"https:\/\/www.deberes.net\/tesis\/sin-categoria\/regimen-jura%c2%addico-laboral-de-los-planes-de-pensiones-del-sistema-de-empleo\/"},"modified":"2018-03-09T09:04:39","modified_gmt":"2018-03-09T09:04:39","slug":"regimen-jura%c2%addico-laboral-de-los-planes-de-pensiones-del-sistema-de-empleo","status":"publish","type":"post","link":"https:\/\/www.deberes.net\/tesis\/ciencias-juridicas-y-derecho\/regimen-jura%c2%addico-laboral-de-los-planes-de-pensiones-del-sistema-de-empleo\/","title":{"rendered":"R\u00e9gimen jur\u00eddico-laboral de los planes de pensiones del sistema de empleo"},"content":{"rendered":"<h2>Tesis doctoral de <strong>  Su\u00e1rez Corujo Francisco De Borja <\/strong><\/h2>\n<p>Los planes de pensiones han experimentado un notable crecimiento en los \u00faltimos a\u00f1os. Es a pesar de ello un tema poco tratado por la doctrina laboralista. El an\u00e1lisis de esta figura realizado en la presente tesis doctoral comienza por una reflexi\u00f3n acerca del concepto de protecci\u00f3n social complementaria, tarea en la que se hace imprescindible un repaso de su evoluci\u00f3n hist\u00f3rica que permite constatar la hist\u00f3rica preocupaci\u00f3n por los niveles de cobertura y de garant\u00eda. En este sentido resulta referencia imprescindible la referencia a la ley 30\/1995 que viene a modificar la d. A. 1\u00aa de la ley de planes y fondos de pensiones y que consagra a los citados planes como instrumento central junto al contrato de seguros colectivos de la previsi\u00f3n social empresarial, o lo que es lo mismo, que los convierte en elemento estrella del segundo pilar de la protecci\u00f3n social.  el segundo cap\u00edtulo de la tesis se dedica al an\u00e1lisis de la negociaci\u00f3n colectiva como fuente de creaci\u00f3n y regulaci\u00f3n de los planes de pensiones del sistema de empleo. Dos son los aspectos que han merecido atenci\u00f3n especial. el primero es el que se refiere a la admisibilidad de manifestaciones de negociaci\u00f3n colectiva diversas al convenio colectivo estatutario; as\u00ed, han de ser relevantes en un futuro los acuerdos espec\u00edficos de previsi\u00f3n social, los cuales pueden plantear problemas de integraci\u00f3n con el convenio colectivo ordinario. El segundo ata\u00f1e al modo de integraci\u00f3n del plan de la fuente colectiva, cuesti\u00f3n trascendental en la medida en que detrmina la vigencia del convenio y la responsabilidad por el incumplimiento, en su caso, de los compromisos asumidos.  en todo caso, la parte esencial de la tesis se recoge en el tercer cap\u00edtulo, donde se analizan con rigor los principios reguladores de los planes de pensiones, que son los siguientes.  primero, el principio de voluntariedad que se enra\u00edza en el \u00faltimo inciso del art\u00edculo 41 ce.  segundo,<\/p>\n<p>&nbsp;<\/p>\n<h3>Datos acad\u00e9micos de la tesis doctoral \u00ab<strong>R\u00e9gimen jur\u00eddico-laboral de los planes de pensiones del sistema de empleo<\/strong>\u00ab<\/h3>\n<ul>\n<li><strong>T\u00edtulo de la tesis:<\/strong>\u00a0 R\u00e9gimen jur\u00eddico-laboral de los planes de pensiones del sistema de empleo <\/li>\n<li><strong>Autor:<\/strong>\u00a0  Su\u00e1rez Corujo Francisco De Borja <\/li>\n<li><strong>Universidad:<\/strong>\u00a0 Aut\u00f3noma de Madrid<\/li>\n<li><strong>Fecha de lectura de la tesis:<\/strong>\u00a0 13\/05\/2002<\/li>\n<\/ul>\n<p>&nbsp;<\/p>\n<h3>Direcci\u00f3n y tribunal<\/h3>\n<ul>\n<li><strong>Director de la tesis<\/strong>\n<ul>\n<li>Luis Enrique De La Villa Gil<\/li>\n<\/ul>\n<\/li>\n<li><strong>Tribunal<\/strong>\n<ul>\n<li>Presidente del tribunal: Mar\u00eda  emilia Casas baamonde <\/li>\n<li>Manuel Carlos Palomeque l\u00f3pez (vocal)<\/li>\n<li>Fernando Vald\u00e9s dal-r\u00e9 (vocal)<\/li>\n<li>gabriel Garc\u00eda becedas (vocal)<\/li>\n<\/ul>\n<\/li>\n<\/ul>\n<p>&nbsp;<\/p>\n","protected":false},"excerpt":{"rendered":"<p>Tesis doctoral de Su\u00e1rez Corujo Francisco De Borja Los planes de pensiones han experimentado un notable crecimiento en los \u00faltimos [&hellip;]<\/p>\n","protected":false},"author":1,"featured_media":0,"comment_status":"open","ping_status":"open","sticky":false,"template":"","format":"standard","meta":{"site-sidebar-layout":"default","site-content-layout":"","ast-site-content-layout":"","site-content-style":"default","site-sidebar-style":"default","ast-global-header-display":"","ast-banner-title-visibility":"","ast-main-header-display":"","ast-hfb-above-header-display":"","ast-hfb-below-header-display":"","ast-hfb-mobile-header-display":"","site-post-title":"","ast-breadcrumbs-content":"","ast-featured-img":"","footer-sml-layout":"","theme-transparent-header-meta":"","adv-header-id-meta":"","stick-header-meta":"","header-above-stick-meta":"","header-main-stick-meta":"","header-below-stick-meta":"","astra-migrate-meta-layouts":"default","ast-page-background-enabled":"default","ast-page-background-meta":{"desktop":{"background-color":"var(--ast-global-color-4)","background-image":"","background-repeat":"repeat","background-position":"center center","background-size":"auto","background-attachment":"scroll","background-type":"","background-media":"","overlay-type":"","overlay-color":"","overlay-gradient":""},"tablet":{"background-color":"","background-image":"","background-repeat":"repeat","background-position":"center center","background-size":"auto","background-attachment":"scroll","background-type":"","background-media":"","overlay-type":"","overlay-color":"","overlay-gradient":""},"mobile":{"background-color":"","background-image":"","background-repeat":"repeat","background-position":"center center","background-size":"auto","background-attachment":"scroll","background-type":"","background-media":"","overlay-type":"","overlay-color":"","overlay-gradient":""}},"ast-content-background-meta":{"desktop":{"background-color":"var(--ast-global-color-5)","background-image":"","background-repeat":"repeat","background-position":"center center","background-size":"auto","background-attachment":"scroll","background-type":"","background-media":"","overlay-type":"","overlay-color":"","overlay-gradient":""},"tablet":{"background-color":"var(--ast-global-color-5)","background-image":"","background-repeat":"repeat","background-position":"center center","background-size":"auto","background-attachment":"scroll","background-type":"","background-media":"","overlay-type":"","overlay-color":"","overlay-gradient":""},"mobile":{"background-color":"var(--ast-global-color-5)","background-image":"","background-repeat":"repeat","background-position":"center center","background-size":"auto","background-attachment":"scroll","background-type":"","background-media":"","overlay-type":"","overlay-color":"","overlay-gradient":""}},"footnotes":""},"categories":[612,2170,979],"tags":[4718,29921,9455,9454,9456,53031],"class_list":["post-16849","post","type-post","status-publish","format-standard","hentry","category-ciencias-juridicas-y-derecho","category-derecho-del-trabajo-y-de-la-seguridad-social","category-derecho-y-legislacion-nacionales","tag-fernando-valdes-dal-re","tag-gabriel-garcia-becedas","tag-luis-enrique-de-la-villa-gil","tag-manuel-carlos-palomeque-lopez","tag-maria-emilia-casas-baamonde","tag-suarez-corujo-francisco-de-borja"],"_links":{"self":[{"href":"https:\/\/www.deberes.net\/tesis\/wp-json\/wp\/v2\/posts\/16849","targetHints":{"allow":["GET"]}}],"collection":[{"href":"https:\/\/www.deberes.net\/tesis\/wp-json\/wp\/v2\/posts"}],"about":[{"href":"https:\/\/www.deberes.net\/tesis\/wp-json\/wp\/v2\/types\/post"}],"author":[{"embeddable":true,"href":"https:\/\/www.deberes.net\/tesis\/wp-json\/wp\/v2\/users\/1"}],"replies":[{"embeddable":true,"href":"https:\/\/www.deberes.net\/tesis\/wp-json\/wp\/v2\/comments?post=16849"}],"version-history":[{"count":0,"href":"https:\/\/www.deberes.net\/tesis\/wp-json\/wp\/v2\/posts\/16849\/revisions"}],"wp:attachment":[{"href":"https:\/\/www.deberes.net\/tesis\/wp-json\/wp\/v2\/media?parent=16849"}],"wp:term":[{"taxonomy":"category","embeddable":true,"href":"https:\/\/www.deberes.net\/tesis\/wp-json\/wp\/v2\/categories?post=16849"},{"taxonomy":"post_tag","embeddable":true,"href":"https:\/\/www.deberes.net\/tesis\/wp-json\/wp\/v2\/tags?post=16849"}],"curies":[{"name":"wp","href":"https:\/\/api.w.org\/{rel}","templated":true}]}}