{"id":16863,"date":"2018-03-09T09:04:40","date_gmt":"2018-03-09T09:04:40","guid":{"rendered":"https:\/\/www.deberes.net\/tesis\/sin-categoria\/contribucion-al-estudio-de-la-influencia-de-las-condiciones-meteorologicas-en-la-propagacion-del-sonido-en-exteriores\/"},"modified":"2018-03-09T09:04:40","modified_gmt":"2018-03-09T09:04:40","slug":"contribucion-al-estudio-de-la-influencia-de-las-condiciones-meteorologicas-en-la-propagacion-del-sonido-en-exteriores","status":"publish","type":"post","link":"https:\/\/www.deberes.net\/tesis\/ciencias-de-la-tierra-y-del-espacio\/contribucion-al-estudio-de-la-influencia-de-las-condiciones-meteorologicas-en-la-propagacion-del-sonido-en-exteriores\/","title":{"rendered":"Contribuci\u00f3n al estudio de la influencia de las condiciones meteorol\u00f3gicas en la propagaci\u00f3n del sonido en exteriores"},"content":{"rendered":"<h2>Tesis doctoral de <strong> Manuel Arenal Gutierrez <\/strong><\/h2>\n<p>La aparici\u00f3n de nuevos momentos estad\u00edsticos que describen la contribuci\u00f3n de la turbulencia atmosf\u00e9rica creada por la velocidad del viento hace necesario el desarrollo de t\u00e9cnicas experimentales para poder verificar su validez. en este trabajo introducimos estos nuevos momentos en un modelo de propagaci\u00f3n del sonido sobre una superficie plana para compaar los niveles de presi\u00f3n sonora te\u00f3ricos con los niveles medidos experimentalmente. La introducci\u00f3n de los nuevos momentos mejora el ajuste de los datos experimentales debido, sobre todo, a la disminuci\u00f3n de la coherencia entre las ondas que interfieren sobre la superficie.  adem\u00e1s, este estudio se completa con un m\u00e9todo, basado en la teor\u00eda de rayos, que permite predecir las zonas de sombra sonora y as\u00ed determinar el rango de aplicabilidad del modelo.<\/p>\n<p>&nbsp;<\/p>\n<h3>Datos acad\u00e9micos de la tesis doctoral \u00ab<strong>Contribuci\u00f3n al estudio de la influencia de las condiciones meteorol\u00f3gicas en la propagaci\u00f3n del sonido en exteriores<\/strong>\u00ab<\/h3>\n<ul>\n<li><strong>T\u00edtulo de la tesis:<\/strong>\u00a0 Contribuci\u00f3n al estudio de la influencia de las condiciones meteorol\u00f3gicas en la propagaci\u00f3n del sonido en exteriores <\/li>\n<li><strong>Autor:<\/strong>\u00a0 Manuel Arenal Gutierrez <\/li>\n<li><strong>Universidad:<\/strong>\u00a0 Valladolid<\/li>\n<li><strong>Fecha de lectura de la tesis:<\/strong>\u00a0 14\/05\/2002<\/li>\n<\/ul>\n<p>&nbsp;<\/p>\n<h3>Direcci\u00f3n y tribunal<\/h3>\n<ul>\n<li><strong>Director de la tesis<\/strong>\n<ul>\n<li>Julio Gonz\u00e1lez Su\u00e1rez<\/li>\n<\/ul>\n<\/li>\n<li><strong>Tribunal<\/strong>\n<ul>\n<li>Presidente del tribunal: Santiago Mar sarda\u00f1a <\/li>\n<li>Jaime Pfretzschner s\u00e1nchez (vocal)<\/li>\n<li>amando Garc\u00eda rodr\u00edguez (vocal)<\/li>\n<li>Antonio Moreno arranz (vocal)<\/li>\n<\/ul>\n<\/li>\n<\/ul>\n<p>&nbsp;<\/p>\n","protected":false},"excerpt":{"rendered":"<p>Tesis doctoral de Manuel Arenal Gutierrez La aparici\u00f3n de nuevos momentos estad\u00edsticos que describen la contribuci\u00f3n de la turbulencia atmosf\u00e9rica [&hellip;]<\/p>\n","protected":false},"author":1,"featured_media":0,"comment_status":"open","ping_status":"open","sticky":false,"template":"","format":"standard","meta":{"site-sidebar-layout":"default","site-content-layout":"","ast-site-content-layout":"","site-content-style":"default","site-sidebar-style":"default","ast-global-header-display":"","ast-banner-title-visibility":"","ast-main-header-display":"","ast-hfb-above-header-display":"","ast-hfb-below-header-display":"","ast-hfb-mobile-header-display":"","site-post-title":"","ast-breadcrumbs-content":"","ast-featured-img":"","footer-sml-layout":"","theme-transparent-header-meta":"","adv-header-id-meta":"","stick-header-meta":"","header-above-stick-meta":"","header-main-stick-meta":"","header-below-stick-meta":"","astra-migrate-meta-layouts":"default","ast-page-background-enabled":"default","ast-page-background-meta":{"desktop":{"background-color":"var(--ast-global-color-4)","background-image":"","background-repeat":"repeat","background-position":"center center","background-size":"auto","background-attachment":"scroll","background-type":"","background-media":"","overlay-type":"","overlay-color":"","overlay-gradient":""},"tablet":{"background-color":"","background-image":"","background-repeat":"repeat","background-position":"center center","background-size":"auto","background-attachment":"scroll","background-type":"","background-media":"","overlay-type":"","overlay-color":"","overlay-gradient":""},"mobile":{"background-color":"","background-image":"","background-repeat":"repeat","background-position":"center center","background-size":"auto","background-attachment":"scroll","background-type":"","background-media":"","overlay-type":"","overlay-color":"","overlay-gradient":""}},"ast-content-background-meta":{"desktop":{"background-color":"var(--ast-global-color-5)","background-image":"","background-repeat":"repeat","background-position":"center center","background-size":"auto","background-attachment":"scroll","background-type":"","background-media":"","overlay-type":"","overlay-color":"","overlay-gradient":""},"tablet":{"background-color":"var(--ast-global-color-5)","background-image":"","background-repeat":"repeat","background-position":"center center","background-size":"auto","background-attachment":"scroll","background-type":"","background-media":"","overlay-type":"","overlay-color":"","overlay-gradient":""},"mobile":{"background-color":"var(--ast-global-color-5)","background-image":"","background-repeat":"repeat","background-position":"center center","background-size":"auto","background-attachment":"scroll","background-type":"","background-media":"","overlay-type":"","overlay-color":"","overlay-gradient":""}},"footnotes":""},"categories":[5190,52681,950,27,199,16854,12451],"tags":[26802,5194,29666,16950,53066,10846],"class_list":["post-16863","post","type-post","status-publish","format-standard","hentry","category-acustica","category-acustica-atmosferica","category-ciencias-de-la-atmosfera","category-ciencias-de-la-tierra-y-del-espacio","category-fisica","category-ruido","category-valladolid","tag-amando-garcia-rodriguez","tag-antonio-moreno-arranz","tag-jaime-pfretzschner-sanchez","tag-julio-gonzalez-suarez","tag-manuel-arenal-gutierrez","tag-santiago-mar-sardana"],"_links":{"self":[{"href":"https:\/\/www.deberes.net\/tesis\/wp-json\/wp\/v2\/posts\/16863","targetHints":{"allow":["GET"]}}],"collection":[{"href":"https:\/\/www.deberes.net\/tesis\/wp-json\/wp\/v2\/posts"}],"about":[{"href":"https:\/\/www.deberes.net\/tesis\/wp-json\/wp\/v2\/types\/post"}],"author":[{"embeddable":true,"href":"https:\/\/www.deberes.net\/tesis\/wp-json\/wp\/v2\/users\/1"}],"replies":[{"embeddable":true,"href":"https:\/\/www.deberes.net\/tesis\/wp-json\/wp\/v2\/comments?post=16863"}],"version-history":[{"count":0,"href":"https:\/\/www.deberes.net\/tesis\/wp-json\/wp\/v2\/posts\/16863\/revisions"}],"wp:attachment":[{"href":"https:\/\/www.deberes.net\/tesis\/wp-json\/wp\/v2\/media?parent=16863"}],"wp:term":[{"taxonomy":"category","embeddable":true,"href":"https:\/\/www.deberes.net\/tesis\/wp-json\/wp\/v2\/categories?post=16863"},{"taxonomy":"post_tag","embeddable":true,"href":"https:\/\/www.deberes.net\/tesis\/wp-json\/wp\/v2\/tags?post=16863"}],"curies":[{"name":"wp","href":"https:\/\/api.w.org\/{rel}","templated":true}]}}